{"id":831229,"date":"2025-05-19T21:27:26","date_gmt":"2025-05-19T19:27:26","guid":{"rendered":"https:\/\/www.albinfo.ch\/?p=831229"},"modified":"2025-05-19T21:27:26","modified_gmt":"2025-05-19T19:27:26","slug":"tore-von-ramadani-daku-muci-mitaj-wird-meister-in-saudi-arabien","status":"publish","type":"post","link":"https:\/\/www.albinfo.at\/de\/tore-von-ramadani-daku-muci-mitaj-wird-meister-in-saudi-arabien\/","title":{"rendered":"Tore von Ramadani, Daku, Mu\u00e7i &#8211; Mitaj wird Meister in Saudi-Arabien"},"content":{"rendered":"<p data-start=\"73\" data-end=\"556\">Die Form der albanischen Nationalspieler ist derzeit sehr positiv. Am gestrigen Abend war Ylber Ramadani der Held von Lecce. Der Nationalmannschafts-Mittelfeldspieler erzielte nach seiner Einwechslung in der zweiten Halbzeit ein Traumtor gegen Torino und sicherte seinem Team damit den 1:0-Sieg. Am Ende der Partie wurde er zum Spieler des Spiels gew\u00e4hlt. Dieses Ergebnis h\u00e4lt Lecce im Rennen um den Klassenerhalt, da noch ein Spieltag verbleibt, schreibt FSHF, berichtet albinfo.ch.<\/p>\n<p data-start=\"558\" data-end=\"928\">In Russland war Mirlind Daku der absolute Protagonist f\u00fcr Rubin Kasan. Der St\u00fcrmer erzielte zwei Tore bei der 2:3-Niederlage gegen Khimki, verschoss einen Elfmeter und hatte ein weiteres Tor wegen Abseits nach VAR-Entscheidung aberkannt bekommen. Mit diesen Treffern erreicht er nun 14 Saisontore und belegt den zweiten Platz in der Torsch\u00fctzenliste der russischen Liga.<\/p>\n<p data-start=\"930\" data-end=\"1205\">Ernest Mu\u00e7i kehrte nach seiner Verletzung zur\u00fcck und wurde sofort entscheidend f\u00fcr Besiktas. Nach seiner Einwechslung in der zweiten Halbzeit bereitete er den Ausgleichstreffer zum 1:1 beim Ausw\u00e4rtsspiel gegen Alanyaspor vor. In der 71. Minute bediente er pr\u00e4zise Rafa Silva.<\/p>\n<p data-start=\"1207\" data-end=\"1393\">Mario Mitaj kr\u00f6nte eine starke Saison mit dem Meistertitel in Saudi-Arabien mit Al Ittihad. Der Verteidiger stand beim 3:1-Ausw\u00e4rtssieg gegen Al Raed am letzten Spieltag in der Startelf.<\/p>\n<p data-start=\"1395\" data-end=\"1568\" data-is-last-node=\"\" data-is-only-node=\"\">An diesem Wochenende standen au\u00dferdem folgende Spieler in der Startelf: Ivan Balliu, Marash Kumbulla, Ardian Ismajli, Arlind Ajeti, Qazim La\u00e7i, Juljan Shehu und Myrto Uzuni.<\/p>\n<hr data-start=\"1596\" data-end=\"1599\" \/>\n","protected":false},"excerpt":{"rendered":"<p>Kampionatet evropiane t\u00eb futbollit jan\u00eb n\u00eb faz\u00ebn p\u00ebrfundimtare dhe grumbullimi i Komb\u00ebtares shqiptare po afrohet. Kuqezinjt\u00eb kan\u00eb n\u00eb kalendar dy sfidat e radh\u00ebs kualifikuese p\u00ebr Kup\u00ebn e Bot\u00ebs 2026 kund\u00ebr Serbis\u00eb dhe Letonis\u00eb<\/p>\n","protected":false},"author":6,"featured_media":831057,"comment_status":"closed","ping_status":"closed","sticky":false,"template":"","format":"standard","meta":{"footnotes":""},"categories":[4023,1139],"tags":[],"vendi":[],"content_country":[29888,31836,31837],"class_list":["post-831229","post","type-post","status-publish","format-standard","has-post-thumbnail","hentry","category-futboll-de","category-sport","content_country-zvicer","content_country-austria-de","content_country-germany-de"],"acf":[],"_links":{"self":[{"href":"https:\/\/www.albinfo.at\/de\/wp-json\/wp\/v2\/posts\/831229","targetHints":{"allow":["GET"]}}],"collection":[{"href":"https:\/\/www.albinfo.at\/de\/wp-json\/wp\/v2\/posts"}],"about":[{"href":"https:\/\/www.albinfo.at\/de\/wp-json\/wp\/v2\/types\/post"}],"author":[{"embeddable":true,"href":"https:\/\/www.albinfo.at\/de\/wp-json\/wp\/v2\/users\/6"}],"replies":[{"embeddable":true,"href":"https:\/\/www.albinfo.at\/de\/wp-json\/wp\/v2\/comments?post=831229"}],"version-history":[{"count":1,"href":"https:\/\/www.albinfo.at\/de\/wp-json\/wp\/v2\/posts\/831229\/revisions"}],"predecessor-version":[{"id":831230,"href":"https:\/\/www.albinfo.at\/de\/wp-json\/wp\/v2\/posts\/831229\/revisions\/831230"}],"wp:featuredmedia":[{"embeddable":true,"href":"https:\/\/www.albinfo.at\/de\/wp-json\/wp\/v2\/media\/831057"}],"wp:attachment":[{"href":"https:\/\/www.albinfo.at\/de\/wp-json\/wp\/v2\/media?parent=831229"}],"wp:term":[{"taxonomy":"category","embeddable":true,"href":"https:\/\/www.albinfo.at\/de\/wp-json\/wp\/v2\/categories?post=831229"},{"taxonomy":"post_tag","embeddable":true,"href":"https:\/\/www.albinfo.at\/de\/wp-json\/wp\/v2\/tags?post=831229"},{"taxonomy":"vendi","embeddable":true,"href":"https:\/\/www.albinfo.at\/de\/wp-json\/wp\/v2\/vendi?post=831229"},{"taxonomy":"content_country","embeddable":true,"href":"https:\/\/www.albinfo.at\/de\/wp-json\/wp\/v2\/content_country?post=831229"}],"curies":[{"name":"wp","href":"https:\/\/api.w.org\/{rel}","templated":true}]}}