{"id":829380,"date":"2025-05-12T18:20:28","date_gmt":"2025-05-12T16:20:28","guid":{"rendered":"https:\/\/www.albinfo.ch\/e-konfirmuar-dua-lipa-rikthehet-ne-sunny-hill-festival-2025\/"},"modified":"2025-05-12T23:12:51","modified_gmt":"2025-05-12T21:12:51","slug":"e-konfirmuar-dua-lipa-rikthehet-ne-sunny-hill-festival-2025","status":"publish","type":"post","link":"https:\/\/www.albinfo.at\/de\/e-konfirmuar-dua-lipa-rikthehet-ne-sunny-hill-festival-2025\/","title":{"rendered":"Best\u00e4tigt: Dua Lipa kehrt zum Sunny Hill Festival 2025 zur\u00fcck"},"content":{"rendered":"<p data-start=\"67\" data-end=\"341\">Die weltber\u00fchmte S\u00e4ngerin Dua Lipa wird in diesem Sommer nach Pristina zur\u00fcckkehren \u2013 als Teil des Line-ups des Sunny Hill Festival 2025. Die Organisatoren des Festivals haben dies offiziell best\u00e4tigt und angek\u00fcndigt, dass die K\u00fcnstlerin vom 1. bis 3. August auftreten wird.<\/p>\n<p data-start=\"343\" data-end=\"590\">Dieser Auftritt ist Teil ihrer internationalen Tournee \u201eRadical Optimism\u201c, und Pristina wird die einzige Station in S\u00fcdosteuropa sein. Damit wird die Stadt voraussichtlich zu einem wichtigen Hotspot der internationalen Musikszene in diesem Sommer.<\/p>\n<p data-start=\"592\" data-end=\"872\">Nach einer Reihe erfolgreicher Auftritte auf den bekanntesten B\u00fchnen der Welt \u2013 darunter Glastonbury und die Royal Albert Hall \u2013 sowie j\u00fcngsten Konzerten in St\u00e4dten wie Melbourne und Madrid, verspricht Dua Lipa einen unvergesslichen Abend f\u00fcr Musikliebhaber, berichtet albinfo.ch.<\/p>\n<p data-start=\"874\" data-end=\"1099\">Neben Dua Lipa wurde auch der Auftritt der international bekannten DJane Peggy Gou best\u00e4tigt, die 2023 von DJ Mag zur weltbesten DJ gew\u00e4hlt wurde. Sie wird mit ihrem Hit \u201e(It Goes Like) Nanana\u201c die B\u00fchne C4 zum Beben bringen.<\/p>\n<p data-start=\"1101\" data-end=\"1391\">Der Vorverkauf f\u00fcr \u201eEarly Bird\u201c-Tickets hat bereits begonnen, und die hohe Nachfrage wird voraussichtlich die Kapazit\u00e4ten der vergangenen Jahre \u00fcbertreffen. Die Organisatoren k\u00fcndigen eine spektakul\u00e4re Ausgabe mit weiteren gro\u00dfen Namen an, die in den kommenden Tagen bekannt gegeben werden.<\/p>\n","protected":false},"excerpt":{"rendered":"<p>Die weltber\u00fchmte S\u00e4ngerin Dua Lipa wird in diesem Sommer nach Pristina zur\u00fcckkehren \u2013 als Teil des Line-ups des Sunny Hill Festival 2025. Die Organisatoren des Festivals haben dies offiziell best\u00e4tigt und angek\u00fcndigt, dass die K\u00fcnstlerin vom 1. bis 3. August auftreten wird. Dieser Auftritt ist Teil ihrer internationalen Tournee \u201eRadical Optimism\u201c, und Pristina wird die [&hellip;]<\/p>\n","protected":false},"author":40,"featured_media":723842,"comment_status":"closed","ping_status":"closed","sticky":false,"template":"","format":"standard","meta":{"footnotes":""},"categories":[33056,23263,1130,3952,23269,23262,24621,24631,24635,1129],"tags":[],"vendi":[],"content_country":[29888,31836,31837],"class_list":["post-829380","post","type-post","status-publish","format-standard","has-post-thumbnail","hentry","category-de-balkani-de","category-kosova-de-2","category-aktuell","category-kosova-de","category-news","category-at-balkani-de","category-kosova-de-3","category-nachrichten-de-2","category-nachrichten-de-3","category-ch-balkan","content_country-zvicer","content_country-austria-de","content_country-germany-de"],"acf":[],"_links":{"self":[{"href":"https:\/\/www.albinfo.at\/de\/wp-json\/wp\/v2\/posts\/829380","targetHints":{"allow":["GET"]}}],"collection":[{"href":"https:\/\/www.albinfo.at\/de\/wp-json\/wp\/v2\/posts"}],"about":[{"href":"https:\/\/www.albinfo.at\/de\/wp-json\/wp\/v2\/types\/post"}],"author":[{"embeddable":true,"href":"https:\/\/www.albinfo.at\/de\/wp-json\/wp\/v2\/users\/40"}],"replies":[{"embeddable":true,"href":"https:\/\/www.albinfo.at\/de\/wp-json\/wp\/v2\/comments?post=829380"}],"version-history":[{"count":2,"href":"https:\/\/www.albinfo.at\/de\/wp-json\/wp\/v2\/posts\/829380\/revisions"}],"predecessor-version":[{"id":829383,"href":"https:\/\/www.albinfo.at\/de\/wp-json\/wp\/v2\/posts\/829380\/revisions\/829383"}],"wp:featuredmedia":[{"embeddable":true,"href":"https:\/\/www.albinfo.at\/de\/wp-json\/wp\/v2\/media\/723842"}],"wp:attachment":[{"href":"https:\/\/www.albinfo.at\/de\/wp-json\/wp\/v2\/media?parent=829380"}],"wp:term":[{"taxonomy":"category","embeddable":true,"href":"https:\/\/www.albinfo.at\/de\/wp-json\/wp\/v2\/categories?post=829380"},{"taxonomy":"post_tag","embeddable":true,"href":"https:\/\/www.albinfo.at\/de\/wp-json\/wp\/v2\/tags?post=829380"},{"taxonomy":"vendi","embeddable":true,"href":"https:\/\/www.albinfo.at\/de\/wp-json\/wp\/v2\/vendi?post=829380"},{"taxonomy":"content_country","embeddable":true,"href":"https:\/\/www.albinfo.at\/de\/wp-json\/wp\/v2\/content_country?post=829380"}],"curies":[{"name":"wp","href":"https:\/\/api.w.org\/{rel}","templated":true}]}}