{"id":828814,"date":"2025-05-11T11:43:21","date_gmt":"2025-05-11T09:43:21","guid":{"rendered":"https:\/\/www.albinfo.ch\/?p=828814"},"modified":"2025-05-11T11:43:21","modified_gmt":"2025-05-11T09:43:21","slug":"basel-zu-99-schweizer-meister","status":"publish","type":"post","link":"https:\/\/www.albinfo.at\/de\/basel-zu-99-schweizer-meister\/","title":{"rendered":"Basel zu 99 % Schweizer Meister"},"content":{"rendered":"<p data-start=\"138\" data-end=\"212\">Mit dem Ausw\u00e4rtssieg gegen Lugano ist Basel praktisch \u201eSchweizer Meister\u201c.<\/p>\n<p data-start=\"214\" data-end=\"338\">Basel hat zw\u00f6lf Punkte mehr als Servette und eine deutlich bessere Tordifferenz als der Tabellenzweite, schreibt albinfo.ch.<\/p>\n<p data-start=\"340\" data-end=\"523\">F\u00fcr die offizielle Meisterfeier muss jedoch bis Sonntag oder n\u00e4chste Woche gewartet werden. Servette spielt morgen und falls sie verlieren, k\u00f6nnen die Fans von Basel den Titel feiern.<\/p>\n<p data-start=\"525\" data-end=\"596\">Andernfalls wird die Entscheidung \u00fcber den Titel auf sp\u00e4ter verschoben.<\/p>\n<p data-start=\"598\" data-end=\"702\">Selbst wenn Basel alle verbleibenden Spiele verlieren sollte, wird der Verein dennoch Schweizer Meister.<\/p>\n<p data-start=\"704\" data-end=\"817\">Basel hat eine Tordifferenz von +47, w\u00e4hrend Servette nur +5 aufweist \u2013 ein Unterschied, der kaum aufzuholen ist.<\/p>\n<p data-start=\"819\" data-end=\"1010\">Der gr\u00f6\u00dfte Verdienst geht zweifellos an Kapit\u00e4n Xherdan Shaqiri, der in den bisherigen 35 Spielrunden 18 Tore erzielt und 20 Assists gegeben hat\u00a0 beeindruckende Zahlen des albanischen Stars.<\/p>\n<p>&nbsp;<\/p>\n<p>https:\/\/www.fcb.ch\/aktuell\/news\/1-mannschaft\/infos-moegliche-spontane-meisterfeier\/<\/p>\n","protected":false},"excerpt":{"rendered":"<p>Mit dem Ausw\u00e4rtssieg gegen Lugano ist Basel praktisch \u201eSchweizer Meister\u201c. Basel hat zw\u00f6lf Punkte mehr als Servette und eine deutlich bessere Tordifferenz als der Tabellenzweite, schreibt albinfo.ch. F\u00fcr die offizielle Meisterfeier muss jedoch bis Sonntag oder n\u00e4chste Woche gewartet werden. Servette spielt morgen und falls sie verlieren, k\u00f6nnen die Fans von Basel den Titel feiern. [&hellip;]<\/p>\n","protected":false},"author":6,"featured_media":764932,"comment_status":"closed","ping_status":"closed","sticky":false,"template":"","format":"standard","meta":{"footnotes":""},"categories":[4023,1139],"tags":[],"vendi":[],"content_country":[29888,31836,31837],"class_list":["post-828814","post","type-post","status-publish","format-standard","has-post-thumbnail","hentry","category-futboll-de","category-sport","content_country-zvicer","content_country-austria-de","content_country-germany-de"],"acf":[],"_links":{"self":[{"href":"https:\/\/www.albinfo.at\/de\/wp-json\/wp\/v2\/posts\/828814","targetHints":{"allow":["GET"]}}],"collection":[{"href":"https:\/\/www.albinfo.at\/de\/wp-json\/wp\/v2\/posts"}],"about":[{"href":"https:\/\/www.albinfo.at\/de\/wp-json\/wp\/v2\/types\/post"}],"author":[{"embeddable":true,"href":"https:\/\/www.albinfo.at\/de\/wp-json\/wp\/v2\/users\/6"}],"replies":[{"embeddable":true,"href":"https:\/\/www.albinfo.at\/de\/wp-json\/wp\/v2\/comments?post=828814"}],"version-history":[{"count":1,"href":"https:\/\/www.albinfo.at\/de\/wp-json\/wp\/v2\/posts\/828814\/revisions"}],"predecessor-version":[{"id":828815,"href":"https:\/\/www.albinfo.at\/de\/wp-json\/wp\/v2\/posts\/828814\/revisions\/828815"}],"wp:featuredmedia":[{"embeddable":true,"href":"https:\/\/www.albinfo.at\/de\/wp-json\/wp\/v2\/media\/764932"}],"wp:attachment":[{"href":"https:\/\/www.albinfo.at\/de\/wp-json\/wp\/v2\/media?parent=828814"}],"wp:term":[{"taxonomy":"category","embeddable":true,"href":"https:\/\/www.albinfo.at\/de\/wp-json\/wp\/v2\/categories?post=828814"},{"taxonomy":"post_tag","embeddable":true,"href":"https:\/\/www.albinfo.at\/de\/wp-json\/wp\/v2\/tags?post=828814"},{"taxonomy":"vendi","embeddable":true,"href":"https:\/\/www.albinfo.at\/de\/wp-json\/wp\/v2\/vendi?post=828814"},{"taxonomy":"content_country","embeddable":true,"href":"https:\/\/www.albinfo.at\/de\/wp-json\/wp\/v2\/content_country?post=828814"}],"curies":[{"name":"wp","href":"https:\/\/api.w.org\/{rel}","templated":true}]}}