{"id":827837,"date":"2025-05-07T11:19:23","date_gmt":"2025-05-07T09:19:23","guid":{"rendered":"https:\/\/www.albinfo.ch\/?p=827837"},"modified":"2025-05-07T11:31:57","modified_gmt":"2025-05-07T09:31:57","slug":"ardon-jashari-gewinnt-den-belgischen-pokal","status":"publish","type":"post","link":"https:\/\/www.albinfo.at\/de\/ardon-jashari-gewinnt-den-belgischen-pokal\/","title":{"rendered":"Ardon Jashari gewinnt den belgischen Pokal"},"content":{"rendered":"<p class=\"x_gmail-\">Der albanischst\u00e4mmige Schweizer Nationalspieler Ardon Jashari hat in Belgien einen bedeutenden Titel gewonnen, berichtet\u00a0<a title=\"http:\/\/albinfo.ch\" href=\"http:\/\/albinfo.ch\/\" data-auth=\"NotApplicable\" data-linkindex=\"0\">albinfo.ch<\/a><\/p>\n<p class=\"x_gmail-\">Club Brugge sicherte sich den Pokal durch einen 2:1-Sieg im Finale gegen Besnik Hasi\u2019s Anderlecht. Jashari stand dabei \u00fcber die vollen 90 Minuten auf dem Platz.<\/p>\n<p class=\"x_gmail-\">F\u00fcr Club Brugge ist es der 12. belgische Pokalsieg und damit der erfolgreichste Verein in diesem Wettbewerb. F\u00fcr den 22-J\u00e4hrigen ist es der erste Titel seiner Karriere.<\/p>\n","protected":false},"excerpt":{"rendered":"<p>Der albanischst\u00e4mmige Schweizer Nationalspieler Ardon Jashari hat in Belgien einen bedeutenden Titel gewonnen, berichtet\u00a0albinfo.ch Club Brugge sicherte sich den Pokal durch einen 2:1-Sieg im Finale gegen Besnik Hasi\u2019s Anderlecht. Jashari stand dabei \u00fcber die vollen 90 Minuten auf dem Platz. F\u00fcr Club Brugge ist es der 12. belgische Pokalsieg und damit der erfolgreichste Verein in [&hellip;]<\/p>\n","protected":false},"author":6,"featured_media":827254,"comment_status":"closed","ping_status":"closed","sticky":false,"template":"","format":"standard","meta":{"footnotes":""},"categories":[4023,1139],"tags":[],"vendi":[],"content_country":[29888,31836,31837],"class_list":["post-827837","post","type-post","status-publish","format-standard","has-post-thumbnail","hentry","category-futboll-de","category-sport","content_country-zvicer","content_country-austria-de","content_country-germany-de"],"acf":[],"_links":{"self":[{"href":"https:\/\/www.albinfo.at\/de\/wp-json\/wp\/v2\/posts\/827837","targetHints":{"allow":["GET"]}}],"collection":[{"href":"https:\/\/www.albinfo.at\/de\/wp-json\/wp\/v2\/posts"}],"about":[{"href":"https:\/\/www.albinfo.at\/de\/wp-json\/wp\/v2\/types\/post"}],"author":[{"embeddable":true,"href":"https:\/\/www.albinfo.at\/de\/wp-json\/wp\/v2\/users\/6"}],"replies":[{"embeddable":true,"href":"https:\/\/www.albinfo.at\/de\/wp-json\/wp\/v2\/comments?post=827837"}],"version-history":[{"count":1,"href":"https:\/\/www.albinfo.at\/de\/wp-json\/wp\/v2\/posts\/827837\/revisions"}],"predecessor-version":[{"id":827838,"href":"https:\/\/www.albinfo.at\/de\/wp-json\/wp\/v2\/posts\/827837\/revisions\/827838"}],"wp:featuredmedia":[{"embeddable":true,"href":"https:\/\/www.albinfo.at\/de\/wp-json\/wp\/v2\/media\/827254"}],"wp:attachment":[{"href":"https:\/\/www.albinfo.at\/de\/wp-json\/wp\/v2\/media?parent=827837"}],"wp:term":[{"taxonomy":"category","embeddable":true,"href":"https:\/\/www.albinfo.at\/de\/wp-json\/wp\/v2\/categories?post=827837"},{"taxonomy":"post_tag","embeddable":true,"href":"https:\/\/www.albinfo.at\/de\/wp-json\/wp\/v2\/tags?post=827837"},{"taxonomy":"vendi","embeddable":true,"href":"https:\/\/www.albinfo.at\/de\/wp-json\/wp\/v2\/vendi?post=827837"},{"taxonomy":"content_country","embeddable":true,"href":"https:\/\/www.albinfo.at\/de\/wp-json\/wp\/v2\/content_country?post=827837"}],"curies":[{"name":"wp","href":"https:\/\/api.w.org\/{rel}","templated":true}]}}