{"id":827278,"date":"2025-05-05T11:55:18","date_gmt":"2025-05-05T09:55:18","guid":{"rendered":"https:\/\/www.albinfo.ch\/?p=827278"},"modified":"2025-05-05T11:56:43","modified_gmt":"2025-05-05T09:56:43","slug":"informationsabend-fuer-albanische-schuelerinnen-und-schueler-in-der-schweiz","status":"publish","type":"post","link":"https:\/\/www.albinfo.at\/de\/informationsabend-fuer-albanische-schuelerinnen-und-schueler-in-der-schweiz\/","title":{"rendered":"Informationsabend f\u00fcr albanische Sch\u00fclerinnen und Sch\u00fcler in der Schweiz"},"content":{"rendered":"<p class=\"x_gmail-\">Ein Informationsabend zu den beiden wichtigen Bildungsprojekten TUTOR#SHQIP und DITURIA+ wird am 14. Mai 2025 um 18:30 Uhr an der Universit\u00e4t Z\u00fcrich (Saal KOL-G-217) stattfinden, berichtet\u00a0<a title=\"http:\/\/albinfo.ch\" href=\"http:\/\/albinfo.ch\/\" data-auth=\"NotApplicable\" data-linkindex=\"0\">albinfo.ch<\/a>.<\/p>\n<p class=\"x_gmail-\">Diese Veranstaltung richtet sich an Lehrkr\u00e4fte, Studierende, Eltern und alle Interessierten und bietet einen umfassenden Einblick in die F\u00f6rderm\u00f6glichkeiten, die diese Projekte albanischen Jugendlichen in der Schweiz er\u00f6ffnen. Ziel ist es, den Teilnehmenden konkrete Unterst\u00fctzung und Perspektiven f\u00fcr ihre schulische und berufliche Laufbahn aufzuzeigen.<\/p>\n<p class=\"x_gmail-\">Alle, die sich f\u00fcr Bildung und die F\u00f6rderung junger Menschen mit albanischem Hintergrund engagieren, sind herzlich eingeladen, an diesem Abend teilzunehmen.<\/p>\n<p><a href=\"https:\/\/www.albinfo.ch\/wp-content\/uploads\/2025\/05\/09f8515c02288780f1c5637797eca1b2.jpeg\"><img loading=\"lazy\" decoding=\"async\" class=\"alignnone wp-image-826978 size-large\" src=\"https:\/\/www.albinfo.ch\/wp-content\/uploads\/2025\/05\/09f8515c02288780f1c5637797eca1b2-899x1024.jpeg\" alt=\"\" width=\"640\" height=\"729\" srcset=\"https:\/\/www.albinfo.at\/wp-content\/uploads\/2025\/05\/09f8515c02288780f1c5637797eca1b2-899x1024.jpeg 899w, https:\/\/www.albinfo.at\/wp-content\/uploads\/2025\/05\/09f8515c02288780f1c5637797eca1b2-263x300.jpeg 263w, https:\/\/www.albinfo.at\/wp-content\/uploads\/2025\/05\/09f8515c02288780f1c5637797eca1b2-768x875.jpeg 768w, https:\/\/www.albinfo.at\/wp-content\/uploads\/2025\/05\/09f8515c02288780f1c5637797eca1b2-348x396.jpeg 348w, https:\/\/www.albinfo.at\/wp-content\/uploads\/2025\/05\/09f8515c02288780f1c5637797eca1b2-88x100.jpeg 88w, https:\/\/www.albinfo.at\/wp-content\/uploads\/2025\/05\/09f8515c02288780f1c5637797eca1b2-154x175.jpeg 154w, https:\/\/www.albinfo.at\/wp-content\/uploads\/2025\/05\/09f8515c02288780f1c5637797eca1b2.jpeg 1182w\" sizes=\"auto, (max-width: 640px) 100vw, 640px\" \/><\/a><\/p>\n","protected":false},"excerpt":{"rendered":"<p>Ein Informationsabend zu den beiden wichtigen Bildungsprojekten TUTOR#SHQIP und DITURIA+ wird am 14. Mai 2025 um 18:30 Uhr an der Universit\u00e4t Z\u00fcrich (Saal KOL-G-217) stattfinden, berichtet\u00a0albinfo.ch. Diese Veranstaltung richtet sich an Lehrkr\u00e4fte, Studierende, Eltern und alle Interessierten und bietet einen umfassenden Einblick in die F\u00f6rderm\u00f6glichkeiten, die diese Projekte albanischen Jugendlichen in der Schweiz er\u00f6ffnen. Ziel [&hellip;]<\/p>\n","protected":false},"author":6,"featured_media":420566,"comment_status":"closed","ping_status":"closed","sticky":false,"template":"","format":"standard","meta":{"footnotes":""},"categories":[1188,24636,24006,24631,1133,1140,1154],"tags":[],"vendi":[],"content_country":[29888,31836,31837],"class_list":["post-827278","post","type-post","status-publish","format-standard","has-post-thumbnail","hentry","category-shkurt-ch-de","category-nachrichten-de-4","category-lajme-jeta-ne-zvicer-de","category-nachrichten-de-2","category-e-diaspora-de","category-leben-in-der-schweiz","category-tagebuch","content_country-zvicer","content_country-austria-de","content_country-germany-de"],"acf":[],"_links":{"self":[{"href":"https:\/\/www.albinfo.at\/de\/wp-json\/wp\/v2\/posts\/827278","targetHints":{"allow":["GET"]}}],"collection":[{"href":"https:\/\/www.albinfo.at\/de\/wp-json\/wp\/v2\/posts"}],"about":[{"href":"https:\/\/www.albinfo.at\/de\/wp-json\/wp\/v2\/types\/post"}],"author":[{"embeddable":true,"href":"https:\/\/www.albinfo.at\/de\/wp-json\/wp\/v2\/users\/6"}],"replies":[{"embeddable":true,"href":"https:\/\/www.albinfo.at\/de\/wp-json\/wp\/v2\/comments?post=827278"}],"version-history":[{"count":1,"href":"https:\/\/www.albinfo.at\/de\/wp-json\/wp\/v2\/posts\/827278\/revisions"}],"predecessor-version":[{"id":827281,"href":"https:\/\/www.albinfo.at\/de\/wp-json\/wp\/v2\/posts\/827278\/revisions\/827281"}],"wp:featuredmedia":[{"embeddable":true,"href":"https:\/\/www.albinfo.at\/de\/wp-json\/wp\/v2\/media\/420566"}],"wp:attachment":[{"href":"https:\/\/www.albinfo.at\/de\/wp-json\/wp\/v2\/media?parent=827278"}],"wp:term":[{"taxonomy":"category","embeddable":true,"href":"https:\/\/www.albinfo.at\/de\/wp-json\/wp\/v2\/categories?post=827278"},{"taxonomy":"post_tag","embeddable":true,"href":"https:\/\/www.albinfo.at\/de\/wp-json\/wp\/v2\/tags?post=827278"},{"taxonomy":"vendi","embeddable":true,"href":"https:\/\/www.albinfo.at\/de\/wp-json\/wp\/v2\/vendi?post=827278"},{"taxonomy":"content_country","embeddable":true,"href":"https:\/\/www.albinfo.at\/de\/wp-json\/wp\/v2\/content_country?post=827278"}],"curies":[{"name":"wp","href":"https:\/\/api.w.org\/{rel}","templated":true}]}}