{"id":825856,"date":"2025-04-29T14:49:53","date_gmt":"2025-04-29T12:49:53","guid":{"rendered":"https:\/\/www.albinfo.ch\/?p=825856"},"modified":"2025-04-29T14:49:53","modified_gmt":"2025-04-29T12:49:53","slug":"shaqiri-fuehrt-basel-auf-dem-weg-zu-zwei-trophaeen-an","status":"publish","type":"post","link":"https:\/\/www.albinfo.at\/de\/shaqiri-fuehrt-basel-auf-dem-weg-zu-zwei-trophaeen-an\/","title":{"rendered":"Shaqiri f\u00fchrt Basel auf dem Weg zu zwei Troph\u00e4en an"},"content":{"rendered":"<div>Xherdan Shaqiri kehrte zu seiner \u00abHeimat\u00bb nach Basel zur\u00fcck, wo er sich als Spieler formte und bekannt wurde, berichtet <a title=\"http:\/\/albinfo.ch\" href=\"http:\/\/albinfo.ch\/\" data-auth=\"NotApplicable\" data-linkindex=\"0\">albinfo.ch<\/a>.<\/div>\n<div><\/div>\n<div>Basel dominierte mit Shaqiri und Granit Xhaka, doch in den vergangenen Jahren blieben Troph\u00e4en aus. Mit seiner R\u00fcckkehr scheint Shaqiri die Erfolge nun wieder nach Basel zu holen. Er f\u00fchrte die Mannschaft ins Finale des Schweizer Cups, das am 1. Juni in Bern gegen den Drittligisten Biel-Bienne ausgetragen wird. Zudem steht Basel in der Super League an der Tabellenspitze \u2013 mit sechs Punkten Vorsprung auf den Zweitplatzierten bei noch f\u00fcnf verbleibenden Spieltagen.<\/div>\n<div><\/div>\n<div>Shaqiri ist mit 14 Toren bester Torsch\u00fctze und mit 17 Vorlagen Top-Assistgeber der Liga und gilt als Hauptfavorit auf die Wahl zum Schweizer Fussballer des Jahres.<\/div>\n","protected":false},"excerpt":{"rendered":"<p>Xherdan Shaqiri kehrte zu seiner \u00abHeimat\u00bb nach Basel zur\u00fcck, wo er sich als Spieler formte und bekannt wurde, berichtet albinfo.ch. Basel dominierte mit Shaqiri und Granit Xhaka, doch in den vergangenen Jahren blieben Troph\u00e4en aus. Mit seiner R\u00fcckkehr scheint Shaqiri die Erfolge nun wieder nach Basel zu holen. Er f\u00fchrte die Mannschaft ins Finale des [&hellip;]<\/p>\n","protected":false},"author":6,"featured_media":823940,"comment_status":"closed","ping_status":"closed","sticky":false,"template":"","format":"standard","meta":{"footnotes":""},"categories":[4023,1139],"tags":[],"vendi":[],"content_country":[29888,31836,31837],"class_list":["post-825856","post","type-post","status-publish","format-standard","has-post-thumbnail","hentry","category-futboll-de","category-sport","content_country-zvicer","content_country-austria-de","content_country-germany-de"],"acf":[],"_links":{"self":[{"href":"https:\/\/www.albinfo.at\/de\/wp-json\/wp\/v2\/posts\/825856","targetHints":{"allow":["GET"]}}],"collection":[{"href":"https:\/\/www.albinfo.at\/de\/wp-json\/wp\/v2\/posts"}],"about":[{"href":"https:\/\/www.albinfo.at\/de\/wp-json\/wp\/v2\/types\/post"}],"author":[{"embeddable":true,"href":"https:\/\/www.albinfo.at\/de\/wp-json\/wp\/v2\/users\/6"}],"replies":[{"embeddable":true,"href":"https:\/\/www.albinfo.at\/de\/wp-json\/wp\/v2\/comments?post=825856"}],"version-history":[{"count":1,"href":"https:\/\/www.albinfo.at\/de\/wp-json\/wp\/v2\/posts\/825856\/revisions"}],"predecessor-version":[{"id":825858,"href":"https:\/\/www.albinfo.at\/de\/wp-json\/wp\/v2\/posts\/825856\/revisions\/825858"}],"wp:featuredmedia":[{"embeddable":true,"href":"https:\/\/www.albinfo.at\/de\/wp-json\/wp\/v2\/media\/823940"}],"wp:attachment":[{"href":"https:\/\/www.albinfo.at\/de\/wp-json\/wp\/v2\/media?parent=825856"}],"wp:term":[{"taxonomy":"category","embeddable":true,"href":"https:\/\/www.albinfo.at\/de\/wp-json\/wp\/v2\/categories?post=825856"},{"taxonomy":"post_tag","embeddable":true,"href":"https:\/\/www.albinfo.at\/de\/wp-json\/wp\/v2\/tags?post=825856"},{"taxonomy":"vendi","embeddable":true,"href":"https:\/\/www.albinfo.at\/de\/wp-json\/wp\/v2\/vendi?post=825856"},{"taxonomy":"content_country","embeddable":true,"href":"https:\/\/www.albinfo.at\/de\/wp-json\/wp\/v2\/content_country?post=825856"}],"curies":[{"name":"wp","href":"https:\/\/api.w.org\/{rel}","templated":true}]}}