{"id":824584,"date":"2025-04-24T00:13:40","date_gmt":"2025-04-23T22:13:40","guid":{"rendered":"https:\/\/www.albinfo.ch\/?p=824584"},"modified":"2025-04-24T00:13:40","modified_gmt":"2025-04-23T22:13:40","slug":"chair-airlines-zaehlt-zu-den-puenktlichsten-fluggesellschaften-der-schweiz","status":"publish","type":"post","link":"https:\/\/www.albinfo.at\/de\/chair-airlines-zaehlt-zu-den-puenktlichsten-fluggesellschaften-der-schweiz\/","title":{"rendered":"Chair Airlines z\u00e4hlt zu den p\u00fcnktlichsten Fluggesellschaften der Schweiz"},"content":{"rendered":"<p class=\"x_gmail-\">Eine aktuelle Auswertung der Daten vom Flughafen Z\u00fcrich zeigt, welche Fluggesellschaften in den letzten zwei Jahren besonders h\u00e4ufig von Versp\u00e4tungen betroffen waren. Wie\u00a0<em><a title=\"http:\/\/albinfo.ch\" href=\"http:\/\/albinfo.ch\/\" data-auth=\"NotApplicable\" data-linkindex=\"0\">albinfo.ch<\/a><\/em>\u00a0berichtet, belegt Air Serbia dabei den unr\u00fchmlichen Spitzenplatz \u2013 jeder dritte Flug startet mit mehr als 30 Minuten Versp\u00e4tung.<\/p>\n<p class=\"x_gmail-\">Insgesamt waren im untersuchten Zeitraum rund 19 Prozent aller Fl\u00fcge ab der Schweiz versp\u00e4tet.<\/p>\n<p class=\"x_gmail-\">Im Gegensatz dazu geh\u00f6rt Chair Airlines zu den p\u00fcnktlichsten Fluggesellschaften des Landes. Nur 12,5 Prozent ihrer Fl\u00fcge verzeichneten eine Versp\u00e4tung \u2013 ein Wert, der Chair Airlines unter die zuverl\u00e4ssigsten Anbieter am Flughafen Z\u00fcrich einreiht.<\/p>\n<p class=\"x_gmail-\">Laut der Analyse sind vor allem klassische Linienfluggesellschaften wie Lufthansa, KLM und British Airways f\u00fcr viele Annullierungen verantwortlich \u2013 h\u00e4ufig infolge von Streiks oder Wetterproblemen.<\/p>\n<p class=\"x_gmail-\">Die vollst\u00e4ndige \u00dcbersicht der P\u00fcnktlichkeit und Annullierungen am Flughafen Z\u00fcrich wurde von <a href=\"https:\/\/image.20min.ch\/2025\/04\/18\/b1294aaf-4258-4c09-aa54-0e24eb32aa98.png?auto=format%2Ccompress%2Cenhance&amp;fit=max&amp;w=1200&amp;h=1200&amp;rect=0%2C0%2C533%2C867&amp;s=aa27f121bc88c8fa2ab0c8d7449877f3\">Tamedia<\/a> erstellt.<\/p>\n<p>&nbsp;<\/p>\n<p><img decoding=\"async\" src=\"https:\/\/image.20min.ch\/2025\/04\/18\/b1294aaf-4258-4c09-aa54-0e24eb32aa98.png?auto=format%2Ccompress%2Cenhance&amp;fit=max&amp;w=1200&amp;h=1200&amp;rect=0%2C0%2C533%2C867&amp;s=aa27f121bc88c8fa2ab0c8d7449877f3\" alt=\"Air Serbia u p\u00ebrball m\u00eb s\u00eb shumti me vonesat.\" \/><\/p>\n<p data-start=\"776\" data-end=\"855\">\n","protected":false},"excerpt":{"rendered":"<p>Eine aktuelle Auswertung der Daten vom Flughafen Z\u00fcrich zeigt, welche Fluggesellschaften in den letzten zwei Jahren besonders h\u00e4ufig von Versp\u00e4tungen betroffen waren. Wie\u00a0albinfo.ch\u00a0berichtet, belegt Air Serbia dabei den unr\u00fchmlichen Spitzenplatz \u2013 jeder dritte Flug startet mit mehr als 30 Minuten Versp\u00e4tung. Insgesamt waren im untersuchten Zeitraum rund 19 Prozent aller Fl\u00fcge ab der Schweiz versp\u00e4tet. [&hellip;]<\/p>\n","protected":false},"author":6,"featured_media":823499,"comment_status":"closed","ping_status":"closed","sticky":false,"template":"","format":"standard","meta":{"footnotes":""},"categories":[23263,24636,3952,23262,24006,24631,1129,1133,1140],"tags":[],"vendi":[],"content_country":[29888,31836,31837],"class_list":["post-824584","post","type-post","status-publish","format-standard","has-post-thumbnail","hentry","category-kosova-de-2","category-nachrichten-de-4","category-kosova-de","category-at-balkani-de","category-lajme-jeta-ne-zvicer-de","category-nachrichten-de-2","category-ch-balkan","category-e-diaspora-de","category-leben-in-der-schweiz","content_country-zvicer","content_country-austria-de","content_country-germany-de"],"acf":[],"_links":{"self":[{"href":"https:\/\/www.albinfo.at\/de\/wp-json\/wp\/v2\/posts\/824584","targetHints":{"allow":["GET"]}}],"collection":[{"href":"https:\/\/www.albinfo.at\/de\/wp-json\/wp\/v2\/posts"}],"about":[{"href":"https:\/\/www.albinfo.at\/de\/wp-json\/wp\/v2\/types\/post"}],"author":[{"embeddable":true,"href":"https:\/\/www.albinfo.at\/de\/wp-json\/wp\/v2\/users\/6"}],"replies":[{"embeddable":true,"href":"https:\/\/www.albinfo.at\/de\/wp-json\/wp\/v2\/comments?post=824584"}],"version-history":[{"count":1,"href":"https:\/\/www.albinfo.at\/de\/wp-json\/wp\/v2\/posts\/824584\/revisions"}],"predecessor-version":[{"id":824585,"href":"https:\/\/www.albinfo.at\/de\/wp-json\/wp\/v2\/posts\/824584\/revisions\/824585"}],"wp:featuredmedia":[{"embeddable":true,"href":"https:\/\/www.albinfo.at\/de\/wp-json\/wp\/v2\/media\/823499"}],"wp:attachment":[{"href":"https:\/\/www.albinfo.at\/de\/wp-json\/wp\/v2\/media?parent=824584"}],"wp:term":[{"taxonomy":"category","embeddable":true,"href":"https:\/\/www.albinfo.at\/de\/wp-json\/wp\/v2\/categories?post=824584"},{"taxonomy":"post_tag","embeddable":true,"href":"https:\/\/www.albinfo.at\/de\/wp-json\/wp\/v2\/tags?post=824584"},{"taxonomy":"vendi","embeddable":true,"href":"https:\/\/www.albinfo.at\/de\/wp-json\/wp\/v2\/vendi?post=824584"},{"taxonomy":"content_country","embeddable":true,"href":"https:\/\/www.albinfo.at\/de\/wp-json\/wp\/v2\/content_country?post=824584"}],"curies":[{"name":"wp","href":"https:\/\/api.w.org\/{rel}","templated":true}]}}