{"id":824525,"date":"2025-04-23T23:31:21","date_gmt":"2025-04-23T21:31:21","guid":{"rendered":"https:\/\/www.albinfo.ch\/?p=824525"},"modified":"2025-04-23T23:31:21","modified_gmt":"2025-04-23T21:31:21","slug":"shaqiri-deutlich-die-nationalmannschaft-ist-nichts-mehr-fuer-mich","status":"publish","type":"post","link":"https:\/\/www.albinfo.at\/de\/shaqiri-deutlich-die-nationalmannschaft-ist-nichts-mehr-fuer-mich\/","title":{"rendered":"Shaqiri deutlich: \u201eDie Nationalmannschaft ist nichts mehr f\u00fcr mich.\u201c"},"content":{"rendered":"<p class=\"x_gmail-\"><span class=\"x_gmail-relative x_gmail--mx-px x_gmail-my-[-0.2rem] x_gmail-rounded x_gmail-px-px x_gmail-py-[0.2rem] x_gmail-transition-colors x_gmail-duration-100 x_ease-in-out\" data-olk-copy-source=\"MessageBody\">Xherdan Shaqiri hat klar erkl\u00e4rt, dass er nicht zur Schweizer Nationalmannschaft zur\u00fcckkehren wird.<\/span>\u00a0<span class=\"x_gmail-relative x_gmail--mx-px x_gmail-my-[-0.2rem] x_gmail-rounded x_gmail-px-px x_gmail-py-[0.2rem] x_gmail-transition-colors x_gmail-duration-100 x_ease-in-out\">Nach dem 5:0-Sieg gegen Yverdon sagte er: \u201eF\u00fcr mich ist die Nationalmannschaft kein Thema mehr.\u201c<\/span>\u00a0<span class=\"x_gmail-relative x_gmail--mx-px x_gmail-my-[-0.2rem] x_gmail-rounded x_gmail-px-px x_gmail-py-[0.2rem] x_gmail-transition-colors x_gmail-duration-100 x_ease-in-out\">Diese Aussage beendet Spekulationen \u00fcber ein m\u00f6gliches Comeback, insbesondere angesichts der j\u00fcngsten schwachen Leistungen der Schweizer Mannschaft.<\/span><\/p>\n<p class=\"x_gmail-\"><span class=\"x_gmail-relative x_gmail--mx-px x_gmail-my-[-0.2rem] x_gmail-rounded x_gmail-px-px x_gmail-py-[0.2rem] x_gmail-transition-colors x_gmail-duration-100 x_ease-in-out\">Shaqiri hatte sich bereits im vergangenen Sommer nach der Europameisterschaft aus der Nationalmannschaft zur\u00fcckgezogen.<\/span>\u00a0<span class=\"x_gmail-relative x_gmail--mx-px x_gmail-my-[-0.2rem] x_gmail-rounded x_gmail-px-px x_gmail-py-[0.2rem] x_gmail-transition-colors x_gmail-duration-100 x_ease-in-out\">Obwohl einige ihn mit Toni Kroos verglichen, der f\u00fcr Deutschland zur\u00fcckkehrte, plant Shaqiri kein \u00e4hnliches Comeback.<\/span>\u00a0<span class=\"x_gmail-relative x_gmail--mx-px x_gmail-my-[-0.2rem] x_gmail-rounded x_gmail-px-px x_gmail-py-[0.2rem] x_gmail-transition-colors x_gmail-duration-100 x_ease-in-out\">Er f\u00fchlt sich wohl bei seinem aktuellen Verein, dem FC Basel, und konzentriert sich ausschlie\u00dflich auf dessen Erfolg.<\/span><\/p>\n<p class=\"x_gmail-\"><strong>Ziel: Meistertitel und pers\u00f6nlicher Rekord<\/strong><\/p>\n<p class=\"x_gmail-\"><span class=\"x_gmail-relative x_gmail--mx-px x_gmail-my-[-0.2rem] x_gmail-rounded x_gmail-px-px x_gmail-py-[0.2rem] x_gmail-transition-colors x_gmail-duration-100 x_ease-in-out\">Der FC Basel f\u00fchrt die Liga mit sechs Punkten Vorsprung an, bei noch f\u00fcnf ausstehenden Spielen.<\/span>\u00a0<span class=\"x_gmail-relative x_gmail--mx-px x_gmail-my-[-0.2rem] x_gmail-rounded x_gmail-px-px x_gmail-py-[0.2rem] x_gmail-transition-colors x_gmail-duration-100 x_ease-in-out\">\u201eDas ist ein guter Vorsprung, aber jedes Spiel ist wichtig\u201c, betonte Shaqiri.<\/span>\u00a0<span class=\"x_gmail-relative x_gmail--mx-px x_gmail-my-[-0.2rem] x_gmail-rounded x_gmail-px-px x_gmail-py-[0.2rem] x_gmail-transition-colors x_gmail-duration-100 x_ease-in-out\">\u201eUnser Ziel ist es, Meister zu werden.\u201c<\/span><\/p>\n<p class=\"x_gmail-\"><span class=\"x_gmail-relative x_gmail--mx-px x_gmail-my-[-0.2rem] x_gmail-rounded x_gmail-px-px x_gmail-py-[0.2rem] x_gmail-transition-colors x_gmail-duration-100 x_ease-in-out\">Dar\u00fcber hinaus verfolgt Shaqiri ein pers\u00f6nliches Ziel: den Assist-Rekord in der Schweizer Super League zu brechen.<\/span>\u00a0<span class=\"x_gmail-relative x_gmail--mx-px x_gmail-my-[-0.2rem] x_gmail-rounded x_gmail-px-px x_gmail-py-[0.2rem] x_gmail-transition-colors x_gmail-duration-100 x_ease-in-out\">Aktuell hat er 17 Vorlagen gegeben und ben\u00f6tigt nur noch drei, um den Rekord von Miroslav Stevanovi\u0107 (20 Assists) zu \u00fcbertreffen.<\/span><\/p>\n<p class=\"x_gmail-\"><span class=\"x_gmail-relative x_gmail--mx-px x_gmail-my-[-0.2rem] x_gmail-rounded x_gmail-px-px x_gmail-py-[0.2rem] x_gmail-transition-colors x_gmail-duration-100 x_ease-in-out\">Mit seiner aktuellen Form k\u00f6nnte Shaqiri sowohl den FC Basel zum Titel f\u00fchren als auch selbst Geschichte schreiben.<\/span>\u00a0<span class=\"x_gmail-relative x_gmail--mx-px x_gmail-my-[-0.2rem] x_gmail-rounded x_gmail-px-px x_gmail-py-[0.2rem] x_gmail-transition-colors x_gmail-duration-100 x_ease-in-out\">Sein Fokus liegt nun ausschlie\u00dflich auf dem Verein.<\/span><\/p>\n","protected":false},"excerpt":{"rendered":"<p>Xherdan Shaqiri hat klar erkl\u00e4rt, dass er nicht zur Schweizer Nationalmannschaft zur\u00fcckkehren wird.\u00a0Nach dem 5:0-Sieg gegen Yverdon sagte er: \u201eF\u00fcr mich ist die Nationalmannschaft kein Thema mehr.\u201c\u00a0Diese Aussage beendet Spekulationen \u00fcber ein m\u00f6gliches Comeback, insbesondere angesichts der j\u00fcngsten schwachen Leistungen der Schweizer Mannschaft. Shaqiri hatte sich bereits im vergangenen Sommer nach der Europameisterschaft aus der [&hellip;]<\/p>\n","protected":false},"author":6,"featured_media":823937,"comment_status":"closed","ping_status":"closed","sticky":false,"template":"","format":"standard","meta":{"footnotes":""},"categories":[4023,24631,1139],"tags":[],"vendi":[],"content_country":[29888,31836,31837],"class_list":["post-824525","post","type-post","status-publish","format-standard","has-post-thumbnail","hentry","category-futboll-de","category-nachrichten-de-2","category-sport","content_country-zvicer","content_country-austria-de","content_country-germany-de"],"acf":[],"_links":{"self":[{"href":"https:\/\/www.albinfo.at\/de\/wp-json\/wp\/v2\/posts\/824525","targetHints":{"allow":["GET"]}}],"collection":[{"href":"https:\/\/www.albinfo.at\/de\/wp-json\/wp\/v2\/posts"}],"about":[{"href":"https:\/\/www.albinfo.at\/de\/wp-json\/wp\/v2\/types\/post"}],"author":[{"embeddable":true,"href":"https:\/\/www.albinfo.at\/de\/wp-json\/wp\/v2\/users\/6"}],"replies":[{"embeddable":true,"href":"https:\/\/www.albinfo.at\/de\/wp-json\/wp\/v2\/comments?post=824525"}],"version-history":[{"count":1,"href":"https:\/\/www.albinfo.at\/de\/wp-json\/wp\/v2\/posts\/824525\/revisions"}],"predecessor-version":[{"id":824526,"href":"https:\/\/www.albinfo.at\/de\/wp-json\/wp\/v2\/posts\/824525\/revisions\/824526"}],"wp:featuredmedia":[{"embeddable":true,"href":"https:\/\/www.albinfo.at\/de\/wp-json\/wp\/v2\/media\/823937"}],"wp:attachment":[{"href":"https:\/\/www.albinfo.at\/de\/wp-json\/wp\/v2\/media?parent=824525"}],"wp:term":[{"taxonomy":"category","embeddable":true,"href":"https:\/\/www.albinfo.at\/de\/wp-json\/wp\/v2\/categories?post=824525"},{"taxonomy":"post_tag","embeddable":true,"href":"https:\/\/www.albinfo.at\/de\/wp-json\/wp\/v2\/tags?post=824525"},{"taxonomy":"vendi","embeddable":true,"href":"https:\/\/www.albinfo.at\/de\/wp-json\/wp\/v2\/vendi?post=824525"},{"taxonomy":"content_country","embeddable":true,"href":"https:\/\/www.albinfo.at\/de\/wp-json\/wp\/v2\/content_country?post=824525"}],"curies":[{"name":"wp","href":"https:\/\/api.w.org\/{rel}","templated":true}]}}