{"id":823192,"date":"2025-04-18T00:12:05","date_gmt":"2025-04-17T22:12:05","guid":{"rendered":"https:\/\/www.albinfo.ch\/?p=823192"},"modified":"2025-04-18T00:12:05","modified_gmt":"2025-04-17T22:12:05","slug":"das-zu-100-elektrische-schweizer-auto-das-umweltfreundlichste-der-welt","status":"publish","type":"post","link":"https:\/\/www.albinfo.at\/de\/das-zu-100-elektrische-schweizer-auto-das-umweltfreundlichste-der-welt\/","title":{"rendered":"Das zu 100 % elektrische Schweizer Auto \u2013 das \u201eumweltfreundlichste\u201c der Welt"},"content":{"rendered":"<p class=\"x_gmail-\">Softcar gilt als eines der umweltfreundlichsten Fahrzeuge weltweit, berichtet\u00a0<a title=\"http:\/\/albinfo.ch\" href=\"http:\/\/albinfo.ch\/\" data-auth=\"NotApplicable\" data-linkindex=\"0\">albinfo.ch<\/a>.<\/p>\n<p class=\"x_gmail-\">Es handelt sich um ein revolution\u00e4res Fahrzeug, das nun f\u00fcr den Verkauf in Europa zugelassen wurde.<\/p>\n<p class=\"x_gmail-\">Dieses 100 % elektrisch betriebene Auto reduziert seine CO\u2082-Emissionen drastisch und tr\u00e4gt aktiv zur Bek\u00e4mpfung der st\u00e4dtischen Luftverschmutzung bei. Laut dem Unternehmen ist Softcar der erste und bislang einzige Autohersteller, der Netto-Null-Emissionen (Net Zero CO\u2082) erreicht hat.<\/p>\n","protected":false},"excerpt":{"rendered":"<p>Softcar gilt als eines der umweltfreundlichsten Fahrzeuge weltweit, berichtet\u00a0albinfo.ch. Es handelt sich um ein revolution\u00e4res Fahrzeug, das nun f\u00fcr den Verkauf in Europa zugelassen wurde. Dieses 100 % elektrisch betriebene Auto reduziert seine CO\u2082-Emissionen drastisch und tr\u00e4gt aktiv zur Bek\u00e4mpfung der st\u00e4dtischen Luftverschmutzung bei. Laut dem Unternehmen ist Softcar der erste und bislang einzige Autohersteller, [&hellip;]<\/p>\n","protected":false},"author":6,"featured_media":822344,"comment_status":"closed","ping_status":"closed","sticky":false,"template":"","format":"standard","meta":{"footnotes":""},"categories":[33439,24006,24631,1140],"tags":[],"vendi":[],"content_country":[29888,31836,31837],"class_list":["post-823192","post","type-post","status-publish","format-standard","has-post-thumbnail","hentry","category-kuriositaeten-de","category-lajme-jeta-ne-zvicer-de","category-nachrichten-de-2","category-leben-in-der-schweiz","content_country-zvicer","content_country-austria-de","content_country-germany-de"],"acf":[],"_links":{"self":[{"href":"https:\/\/www.albinfo.at\/de\/wp-json\/wp\/v2\/posts\/823192","targetHints":{"allow":["GET"]}}],"collection":[{"href":"https:\/\/www.albinfo.at\/de\/wp-json\/wp\/v2\/posts"}],"about":[{"href":"https:\/\/www.albinfo.at\/de\/wp-json\/wp\/v2\/types\/post"}],"author":[{"embeddable":true,"href":"https:\/\/www.albinfo.at\/de\/wp-json\/wp\/v2\/users\/6"}],"replies":[{"embeddable":true,"href":"https:\/\/www.albinfo.at\/de\/wp-json\/wp\/v2\/comments?post=823192"}],"version-history":[{"count":1,"href":"https:\/\/www.albinfo.at\/de\/wp-json\/wp\/v2\/posts\/823192\/revisions"}],"predecessor-version":[{"id":823193,"href":"https:\/\/www.albinfo.at\/de\/wp-json\/wp\/v2\/posts\/823192\/revisions\/823193"}],"wp:featuredmedia":[{"embeddable":true,"href":"https:\/\/www.albinfo.at\/de\/wp-json\/wp\/v2\/media\/822344"}],"wp:attachment":[{"href":"https:\/\/www.albinfo.at\/de\/wp-json\/wp\/v2\/media?parent=823192"}],"wp:term":[{"taxonomy":"category","embeddable":true,"href":"https:\/\/www.albinfo.at\/de\/wp-json\/wp\/v2\/categories?post=823192"},{"taxonomy":"post_tag","embeddable":true,"href":"https:\/\/www.albinfo.at\/de\/wp-json\/wp\/v2\/tags?post=823192"},{"taxonomy":"vendi","embeddable":true,"href":"https:\/\/www.albinfo.at\/de\/wp-json\/wp\/v2\/vendi?post=823192"},{"taxonomy":"content_country","embeddable":true,"href":"https:\/\/www.albinfo.at\/de\/wp-json\/wp\/v2\/content_country?post=823192"}],"curies":[{"name":"wp","href":"https:\/\/api.w.org\/{rel}","templated":true}]}}