{"id":823180,"date":"2025-04-17T23:59:49","date_gmt":"2025-04-17T21:59:49","guid":{"rendered":"https:\/\/www.albinfo.ch\/?p=823180"},"modified":"2025-04-17T23:59:49","modified_gmt":"2025-04-17T21:59:49","slug":"diese-schweizer-airline-aendert-ihre-offizielle-id","status":"publish","type":"post","link":"https:\/\/www.albinfo.at\/de\/diese-schweizer-airline-aendert-ihre-offizielle-id\/","title":{"rendered":"Diese Schweizer Airline \u00e4ndert ihre offizielle \u201eID\u201c"},"content":{"rendered":"<p class=\"x_gmail-\">Die Schweizer Fluggesellschaft, die Z\u00fcrich mit 15 Destinationen verbindet, \u00e4ndert ab dem 29. April ihren IATA-Code von GM auf CS, was f\u00fcr Chair Switzerland steht, berichtet\u00a0<a title=\"http:\/\/albinfo.ch\" href=\"http:\/\/albinfo.ch\/\" data-auth=\"NotApplicable\" data-linkindex=\"0\">albinfo.ch<\/a>.<\/p>\n<p class=\"x_gmail-\">Mit dem neuen K\u00fcrzel m\u00f6chte Chair ihre Identit\u00e4t als Schweizer Airline noch klarer nach aussen tragen \u2013 vergleichbar mit etablierten Namen wie SWISS, Edelweiss und Helvetica.<\/p>\n<p class=\"x_gmail-\">\u201eUnsere Werte und unsere DNA sind untrennbar mit der Schweiz verbunden. Mit dem neuen Code machen wir diese Identit\u00e4t auch nach aussen sichtbar\u201c, erkl\u00e4rte Ruzica Pantic, Mitglied der Gesch\u00e4ftsleitung von Chair Airlines.<\/p>\n<p class=\"x_gmail-\">Auch wenn der neue Code keine gr\u00f6sseren Auswirkungen auf den operativen Betrieb hat, stellt er laut Unternehmen einen bedeutenden strategischen Meilenstein dar.<\/p>\n<div><\/div>\n","protected":false},"excerpt":{"rendered":"<p>Die Schweizer Fluggesellschaft, die Z\u00fcrich mit 15 Destinationen verbindet, \u00e4ndert ab dem 29. April ihren IATA-Code von GM auf CS, was f\u00fcr Chair Switzerland steht, berichtet\u00a0albinfo.ch. Mit dem neuen K\u00fcrzel m\u00f6chte Chair ihre Identit\u00e4t als Schweizer Airline noch klarer nach aussen tragen \u2013 vergleichbar mit etablierten Namen wie SWISS, Edelweiss und Helvetica. \u201eUnsere Werte und [&hellip;]<\/p>\n","protected":false},"author":6,"featured_media":419029,"comment_status":"closed","ping_status":"closed","sticky":false,"template":"","format":"standard","meta":{"footnotes":""},"categories":[24006,24631,1140],"tags":[],"vendi":[],"content_country":[29888,31836,31837],"class_list":["post-823180","post","type-post","status-publish","format-standard","has-post-thumbnail","hentry","category-lajme-jeta-ne-zvicer-de","category-nachrichten-de-2","category-leben-in-der-schweiz","content_country-zvicer","content_country-austria-de","content_country-germany-de"],"acf":[],"_links":{"self":[{"href":"https:\/\/www.albinfo.at\/de\/wp-json\/wp\/v2\/posts\/823180","targetHints":{"allow":["GET"]}}],"collection":[{"href":"https:\/\/www.albinfo.at\/de\/wp-json\/wp\/v2\/posts"}],"about":[{"href":"https:\/\/www.albinfo.at\/de\/wp-json\/wp\/v2\/types\/post"}],"author":[{"embeddable":true,"href":"https:\/\/www.albinfo.at\/de\/wp-json\/wp\/v2\/users\/6"}],"replies":[{"embeddable":true,"href":"https:\/\/www.albinfo.at\/de\/wp-json\/wp\/v2\/comments?post=823180"}],"version-history":[{"count":1,"href":"https:\/\/www.albinfo.at\/de\/wp-json\/wp\/v2\/posts\/823180\/revisions"}],"predecessor-version":[{"id":823181,"href":"https:\/\/www.albinfo.at\/de\/wp-json\/wp\/v2\/posts\/823180\/revisions\/823181"}],"wp:featuredmedia":[{"embeddable":true,"href":"https:\/\/www.albinfo.at\/de\/wp-json\/wp\/v2\/media\/419029"}],"wp:attachment":[{"href":"https:\/\/www.albinfo.at\/de\/wp-json\/wp\/v2\/media?parent=823180"}],"wp:term":[{"taxonomy":"category","embeddable":true,"href":"https:\/\/www.albinfo.at\/de\/wp-json\/wp\/v2\/categories?post=823180"},{"taxonomy":"post_tag","embeddable":true,"href":"https:\/\/www.albinfo.at\/de\/wp-json\/wp\/v2\/tags?post=823180"},{"taxonomy":"vendi","embeddable":true,"href":"https:\/\/www.albinfo.at\/de\/wp-json\/wp\/v2\/vendi?post=823180"},{"taxonomy":"content_country","embeddable":true,"href":"https:\/\/www.albinfo.at\/de\/wp-json\/wp\/v2\/content_country?post=823180"}],"curies":[{"name":"wp","href":"https:\/\/api.w.org\/{rel}","templated":true}]}}