{"id":823166,"date":"2025-04-17T23:36:47","date_gmt":"2025-04-17T21:36:47","guid":{"rendered":"https:\/\/www.albinfo.ch\/?p=823166"},"modified":"2025-04-17T23:36:47","modified_gmt":"2025-04-17T21:36:47","slug":"schweizer-wirtschaftsstandorte-gehoeren-zu-den-besten-in-europa","status":"publish","type":"post","link":"https:\/\/www.albinfo.at\/de\/schweizer-wirtschaftsstandorte-gehoeren-zu-den-besten-in-europa\/","title":{"rendered":"Schweizer Wirtschaftsstandorte geh\u00f6ren zu den besten in Europa"},"content":{"rendered":"<p class=\"x_gmail-\">Die Schweiz hat sich erneut einen Platz unter den zehn attraktivsten Wirtschaftsstandorten Europas gesichert. In der aktuellen Rangliste \u201eEuropean Cities and Regions of the Future 2025\u201cvon\u00a0<em>fDi Intelligence<\/em>\u00a0wurden die besten Standorte f\u00fcr ausl\u00e4ndische Direktinvestitionen in Europa bewertet, berichtet\u00a0<a title=\"http:\/\/albinfo.ch\" href=\"http:\/\/albinfo.ch\/\" data-auth=\"NotApplicable\" data-linkindex=\"0\">albinfo.ch<\/a>.<\/p>\n<p class=\"x_gmail-\">Besonders hervorzuheben ist, dass Zug den ersten Platz unter den Mikrost\u00e4dten belegte. Z\u00fcrich erreichte Platz zwei unter den mittelgro\u00dfen St\u00e4dten, w\u00e4hrend Basel den siebten Platz bei den kleinen St\u00e4dten einnahm.<\/p>\n","protected":false},"excerpt":{"rendered":"<p>Die Schweiz hat sich erneut einen Platz unter den zehn attraktivsten Wirtschaftsstandorten Europas gesichert. In der aktuellen Rangliste \u201eEuropean Cities and Regions of the Future 2025\u201cvon\u00a0fDi Intelligence\u00a0wurden die besten Standorte f\u00fcr ausl\u00e4ndische Direktinvestitionen in Europa bewertet, berichtet\u00a0albinfo.ch. Besonders hervorzuheben ist, dass Zug den ersten Platz unter den Mikrost\u00e4dten belegte. Z\u00fcrich erreichte Platz zwei unter den [&hellip;]<\/p>\n","protected":false},"author":6,"featured_media":822609,"comment_status":"closed","ping_status":"closed","sticky":false,"template":"","format":"standard","meta":{"footnotes":""},"categories":[24006,24631,1140],"tags":[],"vendi":[],"content_country":[29888,31836,31837],"class_list":["post-823166","post","type-post","status-publish","format-standard","has-post-thumbnail","hentry","category-lajme-jeta-ne-zvicer-de","category-nachrichten-de-2","category-leben-in-der-schweiz","content_country-zvicer","content_country-austria-de","content_country-germany-de"],"acf":[],"_links":{"self":[{"href":"https:\/\/www.albinfo.at\/de\/wp-json\/wp\/v2\/posts\/823166","targetHints":{"allow":["GET"]}}],"collection":[{"href":"https:\/\/www.albinfo.at\/de\/wp-json\/wp\/v2\/posts"}],"about":[{"href":"https:\/\/www.albinfo.at\/de\/wp-json\/wp\/v2\/types\/post"}],"author":[{"embeddable":true,"href":"https:\/\/www.albinfo.at\/de\/wp-json\/wp\/v2\/users\/6"}],"replies":[{"embeddable":true,"href":"https:\/\/www.albinfo.at\/de\/wp-json\/wp\/v2\/comments?post=823166"}],"version-history":[{"count":1,"href":"https:\/\/www.albinfo.at\/de\/wp-json\/wp\/v2\/posts\/823166\/revisions"}],"predecessor-version":[{"id":823167,"href":"https:\/\/www.albinfo.at\/de\/wp-json\/wp\/v2\/posts\/823166\/revisions\/823167"}],"wp:featuredmedia":[{"embeddable":true,"href":"https:\/\/www.albinfo.at\/de\/wp-json\/wp\/v2\/media\/822609"}],"wp:attachment":[{"href":"https:\/\/www.albinfo.at\/de\/wp-json\/wp\/v2\/media?parent=823166"}],"wp:term":[{"taxonomy":"category","embeddable":true,"href":"https:\/\/www.albinfo.at\/de\/wp-json\/wp\/v2\/categories?post=823166"},{"taxonomy":"post_tag","embeddable":true,"href":"https:\/\/www.albinfo.at\/de\/wp-json\/wp\/v2\/tags?post=823166"},{"taxonomy":"vendi","embeddable":true,"href":"https:\/\/www.albinfo.at\/de\/wp-json\/wp\/v2\/vendi?post=823166"},{"taxonomy":"content_country","embeddable":true,"href":"https:\/\/www.albinfo.at\/de\/wp-json\/wp\/v2\/content_country?post=823166"}],"curies":[{"name":"wp","href":"https:\/\/api.w.org\/{rel}","templated":true}]}}