{"id":823155,"date":"2025-04-17T23:28:56","date_gmt":"2025-04-17T21:28:56","guid":{"rendered":"https:\/\/www.albinfo.ch\/?p=823155"},"modified":"2025-04-17T23:28:56","modified_gmt":"2025-04-17T21:28:56","slug":"ein-neues-fenster-fuer-die-albanische-sprache-in-der-schweiz-neuer-sprachkurs-in-buchrain-luzern-eroeffnet","status":"publish","type":"post","link":"https:\/\/www.albinfo.at\/de\/ein-neues-fenster-fuer-die-albanische-sprache-in-der-schweiz-neuer-sprachkurs-in-buchrain-luzern-eroeffnet\/","title":{"rendered":"Ein neues Fenster f\u00fcr die albanische Sprache in der Schweiz: Neuer Sprachkurs in Buchrain, Luzern er\u00f6ffnet"},"content":{"rendered":"<p class=\"x_gmail-\">Am Montag, dem 14. April 2025, wurde offiziell eine neue Klasse f\u00fcr den Albanischunterricht in den R\u00e4umlichkeiten der HLB-Schule (Hinterleisbach) in Buchrain, Kanton Luzern, er\u00f6ffnet. Die Klasse ist Teil des Netzwerks der \u201eShkolla Shqipe\u201c (Albanische Schule) in der Schweiz. Am ersten Unterrichtstag nahmen zw\u00f6lf Sch\u00fclerinnen und Sch\u00fcler teil \u2013 begleitet von ihren Eltern und Lehrpersonen \u2013 in einer Atmosph\u00e4re voller Emotionen und Stolz.<\/p>\n<p class=\"x_gmail-\">Diese Initiative, die sich zunehmend in verschiedenen Schweizer Kantonen verbreitet, ist das Ergebnis des unerm\u00fcdlichen Engagements der albanischen Gemeinschaft und der Institutionen, die sich f\u00fcr den Erhalt der Sprache und der nationalen Identit\u00e4t in der Diaspora einsetzen. Die Eltern zeigten sich dankbar gegen\u00fcber den Organisatoren, insbesondere der \u201eShkolla Shqipe n\u00eb Zvic\u00ebr\u201c, die es albanischen Kindern erm\u00f6glicht, auch fern der Heimat die Muttersprache zu erlernen, berichtet\u00a0<em><a title=\"http:\/\/albinfo.ch\" href=\"http:\/\/albinfo.ch\/\" data-auth=\"NotApplicable\" data-linkindex=\"0\">albinfo.ch<\/a><\/em>.<\/p>\n<p class=\"x_gmail-\">Die Er\u00f6ffnungsfeier wurde von verschiedenen Aktivit\u00e4ten begleitet \u2013 Kinder trugen Gedichte vor, sangen Lieder und antworteten auf Fragen auf Albanisch. F\u00fcr einen Moment entstand das Gef\u00fchl, als bef\u00e4nde man sich in einem Klassenzimmer in Albanien oder im Kosovo. Auch f\u00fcr die Eltern war es ein bewegender Moment, den Unterricht mitzuerleben und Informationen \u00fcber die Organisation der Klasse zu erhalten.<\/p>\n<p class=\"x_gmail-\">Lehrerin Lumnije Klinaku-Neziri bedankte sich besonders bei Vaxhid Sejdiu f\u00fcr die administrative Unterst\u00fctzung und unterstrich die Bedeutung weiterer Zusammenarbeit, um den albanischen Sprachunterricht im Kanton Luzern auszubauen.<\/p>\n<p class=\"x_gmail-\">W\u00e4hrend der Veranstaltung wurde auch die neue Lehrerin Festina B\u00ebrdynaj vorgestellt, die k\u00fcnftig den Unterricht f\u00fcr diese Gruppe leiten wird. Sie versprach, mit Engagement und Herzblut daran zu arbeiten, den Kindern beim Erhalt und der Weiterentwicklung ihrer albanischen Sprachkompetenzen zu helfen.<\/p>\n<p><a href=\"https:\/\/www.albinfo.ch\/wp-content\/uploads\/2025\/04\/screenshot_20250416_214750_facebook.jpg\"><img loading=\"lazy\" decoding=\"async\" class=\"alignnone wp-image-822806\" src=\"https:\/\/www.albinfo.ch\/wp-content\/uploads\/2025\/04\/screenshot_20250416_214750_facebook.jpg\" alt=\"\" width=\"678\" height=\"350\" srcset=\"https:\/\/www.albinfo.at\/wp-content\/uploads\/2025\/04\/screenshot_20250416_214750_facebook.jpg 964w, https:\/\/www.albinfo.at\/wp-content\/uploads\/2025\/04\/screenshot_20250416_214750_facebook-300x155.jpg 300w, https:\/\/www.albinfo.at\/wp-content\/uploads\/2025\/04\/screenshot_20250416_214750_facebook-768x397.jpg 768w, https:\/\/www.albinfo.at\/wp-content\/uploads\/2025\/04\/screenshot_20250416_214750_facebook-587x303.jpg 587w, https:\/\/www.albinfo.at\/wp-content\/uploads\/2025\/04\/screenshot_20250416_214750_facebook-180x93.jpg 180w, https:\/\/www.albinfo.at\/wp-content\/uploads\/2025\/04\/screenshot_20250416_214750_facebook-265x137.jpg 265w\" sizes=\"auto, (max-width: 678px) 100vw, 678px\" \/><\/a><\/p>\n<p>Der Unterricht findet jeden Montag von 17:30 bis 19:15 Uhr statt und dauert bis zum Ende des Schuljahres 2024\/2025 im Juli.<\/p>\n","protected":false},"excerpt":{"rendered":"<p>Am Montag, dem 14. April 2025, wurde offiziell eine neue Klasse f\u00fcr den Albanischunterricht in den R\u00e4umlichkeiten der HLB-Schule (Hinterleisbach) in Buchrain, Kanton Luzern, er\u00f6ffnet. Die Klasse ist Teil des Netzwerks der \u201eShkolla Shqipe\u201c (Albanische Schule) in der Schweiz. Am ersten Unterrichtstag nahmen zw\u00f6lf Sch\u00fclerinnen und Sch\u00fcler teil \u2013 begleitet von ihren Eltern und Lehrpersonen [&hellip;]<\/p>\n","protected":false},"author":6,"featured_media":822811,"comment_status":"closed","ping_status":"closed","sticky":false,"template":"","format":"standard","meta":{"footnotes":""},"categories":[1188,24636,1136,24006,24631,1133,1140],"tags":[],"vendi":[],"content_country":[29888,31836,31837],"class_list":["post-823155","post","type-post","status-publish","format-standard","has-post-thumbnail","hentry","category-shkurt-ch-de","category-nachrichten-de-4","category-sprachen","category-lajme-jeta-ne-zvicer-de","category-nachrichten-de-2","category-e-diaspora-de","category-leben-in-der-schweiz","content_country-zvicer","content_country-austria-de","content_country-germany-de"],"acf":[],"_links":{"self":[{"href":"https:\/\/www.albinfo.at\/de\/wp-json\/wp\/v2\/posts\/823155","targetHints":{"allow":["GET"]}}],"collection":[{"href":"https:\/\/www.albinfo.at\/de\/wp-json\/wp\/v2\/posts"}],"about":[{"href":"https:\/\/www.albinfo.at\/de\/wp-json\/wp\/v2\/types\/post"}],"author":[{"embeddable":true,"href":"https:\/\/www.albinfo.at\/de\/wp-json\/wp\/v2\/users\/6"}],"replies":[{"embeddable":true,"href":"https:\/\/www.albinfo.at\/de\/wp-json\/wp\/v2\/comments?post=823155"}],"version-history":[{"count":1,"href":"https:\/\/www.albinfo.at\/de\/wp-json\/wp\/v2\/posts\/823155\/revisions"}],"predecessor-version":[{"id":823156,"href":"https:\/\/www.albinfo.at\/de\/wp-json\/wp\/v2\/posts\/823155\/revisions\/823156"}],"wp:featuredmedia":[{"embeddable":true,"href":"https:\/\/www.albinfo.at\/de\/wp-json\/wp\/v2\/media\/822811"}],"wp:attachment":[{"href":"https:\/\/www.albinfo.at\/de\/wp-json\/wp\/v2\/media?parent=823155"}],"wp:term":[{"taxonomy":"category","embeddable":true,"href":"https:\/\/www.albinfo.at\/de\/wp-json\/wp\/v2\/categories?post=823155"},{"taxonomy":"post_tag","embeddable":true,"href":"https:\/\/www.albinfo.at\/de\/wp-json\/wp\/v2\/tags?post=823155"},{"taxonomy":"vendi","embeddable":true,"href":"https:\/\/www.albinfo.at\/de\/wp-json\/wp\/v2\/vendi?post=823155"},{"taxonomy":"content_country","embeddable":true,"href":"https:\/\/www.albinfo.at\/de\/wp-json\/wp\/v2\/content_country?post=823155"}],"curies":[{"name":"wp","href":"https:\/\/api.w.org\/{rel}","templated":true}]}}