{"id":823151,"date":"2025-04-17T23:25:08","date_gmt":"2025-04-17T21:25:08","guid":{"rendered":"https:\/\/www.albinfo.ch\/?p=823151"},"modified":"2025-04-17T23:25:08","modified_gmt":"2025-04-17T21:25:08","slug":"xhaka-mein-vater-hat-mich-nie-gelobt","status":"publish","type":"post","link":"https:\/\/www.albinfo.at\/de\/xhaka-mein-vater-hat-mich-nie-gelobt\/","title":{"rendered":"Xhaka: Mein Vater hat mich nie gelobt"},"content":{"rendered":"<p class=\"x_gmail-\">Granit Xhaka gilt ohne Zweifel als einer der besten Fu\u00dfballer in der Geschichte der Schweiz. Der Kapit\u00e4n der Schweizer Nationalmannschaft hat im Laufe seiner Karriere viel Lob erhalten \u2013 jedoch nie von seinem Vater, berichtet\u00a0<em><a title=\"http:\/\/albinfo.ch\" href=\"http:\/\/albinfo.ch\/\" data-auth=\"NotApplicable\" data-linkindex=\"0\">albinfo.ch<\/a><\/em>\u00a0unter Berufung auf ein Interview mit der deutschen Zeitung\u00a0<em>Bild<\/em>.<\/p>\n<p class=\"x_gmail-\">\u201eEr ist mein gr\u00f6\u00dfter Kritiker. Mein Vater hat mich noch nie als Fu\u00dfballer gelobt\u201c, sagt Xhaka. Er gesteht, dass er sich w\u00fcnscht, eines Tages von seinem Vater zu h\u00f6ren, dass er au\u00dfergew\u00f6hnlich gut gespielt habe.<\/p>\n<p class=\"x_gmail-\">Nach jedem Spiel nimmt sich der Mittelfeldspieler Zeit f\u00fcr eine genaue Analyse:<br \/>\n\u201eIch schaue mir jedes Spiel in Ruhe an. Ich sehe alles und verstehe, was passiert ist \u2013 und warum.\u201c<\/p>\n<p class=\"x_gmail-\">Im vergangenen Jahr feierte Xhaka einen historischen Erfolg mit Bayer Leverkusen: Er gewann die Bundesliga-Meisterschaft ohne eine einzige Niederlage und holte zus\u00e4tzlich den DFB-Pokal.<\/p>\n<p class=\"x_gmail-\">In dieser Saison liegt Leverkusen sechs Punkte hinter dem FC Bayern M\u00fcnchen im Titelrennen. Aus dem DFB-Pokal ist das Team jedoch ausgeschieden \u2013 nach einer 1:2-Niederlage gegen den Drittligisten Arminia Bielefeld.<\/p>\n<p class=\"x_gmail-\">Der 32-j\u00e4hrige Spielmacher von Leverkusen ist Vater von drei T\u00f6chtern. Sie h\u00e4tten ihn positiv ver\u00e4ndert, sagt er.<\/p>\n<p class=\"x_gmail-\">\u201eIch bin noch immer derselbe Junge, der mit 19 Jahren in die Bundesliga kam. Ich bin immer noch emotional \u2013 so wie damals bei Borussia M\u00f6nchengladbach\u201c, erkl\u00e4rt Xhaka.<\/p>\n<p class=\"x_gmail-\">Das n\u00e4chste Spiel in der Bundesliga bestreiten Xhaka und Bayer Leverkusen am Samstag ausw\u00e4rts gegen den FC St. Pauli.<\/p>\n","protected":false},"excerpt":{"rendered":"<p>Granit Xhaka gilt ohne Zweifel als einer der besten Fu\u00dfballer in der Geschichte der Schweiz. Der Kapit\u00e4n der Schweizer Nationalmannschaft hat im Laufe seiner Karriere viel Lob erhalten \u2013 jedoch nie von seinem Vater, berichtet\u00a0albinfo.ch\u00a0unter Berufung auf ein Interview mit der deutschen Zeitung\u00a0Bild. \u201eEr ist mein gr\u00f6\u00dfter Kritiker. Mein Vater hat mich noch nie als [&hellip;]<\/p>\n","protected":false},"author":6,"featured_media":671641,"comment_status":"closed","ping_status":"closed","sticky":false,"template":"","format":"standard","meta":{"footnotes":""},"categories":[4023,24631,1139],"tags":[],"vendi":[],"content_country":[29888,31836,31837],"class_list":["post-823151","post","type-post","status-publish","format-standard","has-post-thumbnail","hentry","category-futboll-de","category-nachrichten-de-2","category-sport","content_country-zvicer","content_country-austria-de","content_country-germany-de"],"acf":[],"_links":{"self":[{"href":"https:\/\/www.albinfo.at\/de\/wp-json\/wp\/v2\/posts\/823151","targetHints":{"allow":["GET"]}}],"collection":[{"href":"https:\/\/www.albinfo.at\/de\/wp-json\/wp\/v2\/posts"}],"about":[{"href":"https:\/\/www.albinfo.at\/de\/wp-json\/wp\/v2\/types\/post"}],"author":[{"embeddable":true,"href":"https:\/\/www.albinfo.at\/de\/wp-json\/wp\/v2\/users\/6"}],"replies":[{"embeddable":true,"href":"https:\/\/www.albinfo.at\/de\/wp-json\/wp\/v2\/comments?post=823151"}],"version-history":[{"count":1,"href":"https:\/\/www.albinfo.at\/de\/wp-json\/wp\/v2\/posts\/823151\/revisions"}],"predecessor-version":[{"id":823152,"href":"https:\/\/www.albinfo.at\/de\/wp-json\/wp\/v2\/posts\/823151\/revisions\/823152"}],"wp:featuredmedia":[{"embeddable":true,"href":"https:\/\/www.albinfo.at\/de\/wp-json\/wp\/v2\/media\/671641"}],"wp:attachment":[{"href":"https:\/\/www.albinfo.at\/de\/wp-json\/wp\/v2\/media?parent=823151"}],"wp:term":[{"taxonomy":"category","embeddable":true,"href":"https:\/\/www.albinfo.at\/de\/wp-json\/wp\/v2\/categories?post=823151"},{"taxonomy":"post_tag","embeddable":true,"href":"https:\/\/www.albinfo.at\/de\/wp-json\/wp\/v2\/tags?post=823151"},{"taxonomy":"vendi","embeddable":true,"href":"https:\/\/www.albinfo.at\/de\/wp-json\/wp\/v2\/vendi?post=823151"},{"taxonomy":"content_country","embeddable":true,"href":"https:\/\/www.albinfo.at\/de\/wp-json\/wp\/v2\/content_country?post=823151"}],"curies":[{"name":"wp","href":"https:\/\/api.w.org\/{rel}","templated":true}]}}