{"id":823147,"date":"2025-04-17T23:22:36","date_gmt":"2025-04-17T21:22:36","guid":{"rendered":"https:\/\/www.albinfo.ch\/?p=823147"},"modified":"2025-04-17T23:22:36","modified_gmt":"2025-04-17T21:22:36","slug":"wussten-sie-dass-einsteins-originaler-schrank-noch-immer-in-der-schweiz-erhalten-ist","status":"publish","type":"post","link":"https:\/\/www.albinfo.at\/de\/wussten-sie-dass-einsteins-originaler-schrank-noch-immer-in-der-schweiz-erhalten-ist\/","title":{"rendered":"Wussten Sie, dass Einsteins originaler Schrank noch immer in der Schweiz erhalten ist?"},"content":{"rendered":"<p class=\"x_gmail-\">Albert Einstein studierte von 1896 bis 1900 an der ETH Z\u00fcrich, wo er sein Diplom in Mathematik und Naturwissenschaften erwarb, berichtet\u00a0<em><a title=\"http:\/\/albinfo.ch\" href=\"http:\/\/albinfo.ch\/\" data-auth=\"NotApplicable\" data-linkindex=\"0\">albinfo.ch<\/a><\/em>.<\/p>\n<p class=\"x_gmail-\">Im Jahr 1912 kehrte er als Professor f\u00fcr theoretische Physik an die ETH zur\u00fcck, um seine Ideen zur Relativit\u00e4tstheorie weiterzuentwickeln.<\/p>\n<p class=\"x_gmail-\">Sein originaler Schrank dient heute als eine Art Mini-Museum und gew\u00e4hrt einen einzigartigen Einblick in sein Leben und sein wissenschaftliches Verm\u00e4chtnis.<\/p>\n<p class=\"x_gmail-\">Ein verstecktes St\u00fcck Geschichte, das definitiv einen Besuch wert ist.<\/p>\n","protected":false},"excerpt":{"rendered":"<p>Albert Einstein studierte von 1896 bis 1900 an der ETH Z\u00fcrich, wo er sein Diplom in Mathematik und Naturwissenschaften erwarb, berichtet\u00a0albinfo.ch. Im Jahr 1912 kehrte er als Professor f\u00fcr theoretische Physik an die ETH zur\u00fcck, um seine Ideen zur Relativit\u00e4tstheorie weiterzuentwickeln. Sein originaler Schrank dient heute als eine Art Mini-Museum und gew\u00e4hrt einen einzigartigen Einblick [&hellip;]<\/p>\n","protected":false},"author":6,"featured_media":822868,"comment_status":"closed","ping_status":"closed","sticky":false,"template":"","format":"standard","meta":{"footnotes":""},"categories":[33439,24006,24631,1140],"tags":[],"vendi":[],"content_country":[29888,31836,31837],"class_list":["post-823147","post","type-post","status-publish","format-standard","has-post-thumbnail","hentry","category-kuriositaeten-de","category-lajme-jeta-ne-zvicer-de","category-nachrichten-de-2","category-leben-in-der-schweiz","content_country-zvicer","content_country-austria-de","content_country-germany-de"],"acf":[],"_links":{"self":[{"href":"https:\/\/www.albinfo.at\/de\/wp-json\/wp\/v2\/posts\/823147","targetHints":{"allow":["GET"]}}],"collection":[{"href":"https:\/\/www.albinfo.at\/de\/wp-json\/wp\/v2\/posts"}],"about":[{"href":"https:\/\/www.albinfo.at\/de\/wp-json\/wp\/v2\/types\/post"}],"author":[{"embeddable":true,"href":"https:\/\/www.albinfo.at\/de\/wp-json\/wp\/v2\/users\/6"}],"replies":[{"embeddable":true,"href":"https:\/\/www.albinfo.at\/de\/wp-json\/wp\/v2\/comments?post=823147"}],"version-history":[{"count":1,"href":"https:\/\/www.albinfo.at\/de\/wp-json\/wp\/v2\/posts\/823147\/revisions"}],"predecessor-version":[{"id":823148,"href":"https:\/\/www.albinfo.at\/de\/wp-json\/wp\/v2\/posts\/823147\/revisions\/823148"}],"wp:featuredmedia":[{"embeddable":true,"href":"https:\/\/www.albinfo.at\/de\/wp-json\/wp\/v2\/media\/822868"}],"wp:attachment":[{"href":"https:\/\/www.albinfo.at\/de\/wp-json\/wp\/v2\/media?parent=823147"}],"wp:term":[{"taxonomy":"category","embeddable":true,"href":"https:\/\/www.albinfo.at\/de\/wp-json\/wp\/v2\/categories?post=823147"},{"taxonomy":"post_tag","embeddable":true,"href":"https:\/\/www.albinfo.at\/de\/wp-json\/wp\/v2\/tags?post=823147"},{"taxonomy":"vendi","embeddable":true,"href":"https:\/\/www.albinfo.at\/de\/wp-json\/wp\/v2\/vendi?post=823147"},{"taxonomy":"content_country","embeddable":true,"href":"https:\/\/www.albinfo.at\/de\/wp-json\/wp\/v2\/content_country?post=823147"}],"curies":[{"name":"wp","href":"https:\/\/api.w.org\/{rel}","templated":true}]}}