{"id":820311,"date":"2025-04-06T21:21:44","date_gmt":"2025-04-06T19:21:44","guid":{"rendered":"https:\/\/www.albinfo.ch\/?p=820311"},"modified":"2025-04-06T21:22:41","modified_gmt":"2025-04-06T19:22:41","slug":"ardon-jashari-unter-den-top-10-spielern-mit-dem-groessten-marktwertzuwachs-in-europa","status":"publish","type":"post","link":"https:\/\/www.albinfo.at\/de\/ardon-jashari-unter-den-top-10-spielern-mit-dem-groessten-marktwertzuwachs-in-europa\/","title":{"rendered":"Ardon Jashari unter den Top 10 Spielern mit dem gr\u00f6\u00dften Marktwertzuwachs in Europa"},"content":{"rendered":"<p>Ardon Jashari (22) ist zum Star eines der traditionsreichsten Klubs Belgiens geworden: <strong>Club Br\u00fcgge<\/strong>, der im Jahr 2024 rund 6 Millionen Euro zahlte, um das Talent mit albanischen Wurzeln vom FC Luzern zu verpflichten, berichtet <a href=\"http:\/\/albinfo.ch\">albinfo.ch<\/a>.<\/p>\n<p>Heute liegt Jasharis Marktwert bei 35 Millionen\u00a0Euro\u00a0. Innerhalb von nur acht Monaten wurde er nicht nur als \u201eMan of the Match\u201c in der Champions League ausgezeichnet, sondern bereits dreimal zum Spieler des Monats in Belgien\u00a0gew\u00e4hlt. Damit geh\u00f6rt er zu den zehn Spielern in Europa mit dem gr\u00f6\u00dften Marktwert Anstieg in diesem Zeitraum, schreibt Telesport.<\/p>\n<p>Bereits bei der Fu\u00dfball-Weltmeisterschaft 2022 in Katar sorgte sein Name f\u00fcr Schlagzeilen: Nach dem hitzigen Spiel zwischen der Schweiz und Serbien feierte Granit Xhaka den Sieg mit einem Trikot, auf dem der Nachname des kosovarischen Nationalhelden Adem Jashari stand. Das Trikot geh\u00f6rte jedoch Ardon Jashari, der damals beim FC Luzern spielte und erstmals ins Schweizer Nationalteam berufen wurde.<\/p>\n<p>Xhaka stellte sp\u00e4ter klar, dass er Jashari das Trikot als Versprechen gegeben hatte \u2013 f\u00fcr den Fall eines Sieges gegen Serbien. Schon damals erkannte Xhaka das gro\u00dfe Potenzial des jungen Mittelfeldspielers. Und wie es scheint, hat er sich nicht geirrt.<\/p>\n","protected":false},"excerpt":{"rendered":"<p>Ardon Jashari (22) ist zum Star eines der traditionsreichsten Klubs Belgiens geworden: Club Br\u00fcgge, der im Jahr 2024 rund 6 Millionen Euro zahlte, um das Talent mit albanischen Wurzeln vom FC Luzern zu verpflichten, berichtet albinfo.ch. Heute liegt Jasharis Marktwert bei 35 Millionen\u00a0Euro\u00a0. Innerhalb von nur acht Monaten wurde er nicht nur als \u201eMan of [&hellip;]<\/p>\n","protected":false},"author":6,"featured_media":602569,"comment_status":"closed","ping_status":"closed","sticky":false,"template":"","format":"standard","meta":{"footnotes":""},"categories":[23263,4023,23262,24631,1139],"tags":[],"vendi":[],"content_country":[29888,31836,31837],"class_list":["post-820311","post","type-post","status-publish","format-standard","has-post-thumbnail","hentry","category-kosova-de-2","category-futboll-de","category-at-balkani-de","category-nachrichten-de-2","category-sport","content_country-zvicer","content_country-austria-de","content_country-germany-de"],"acf":[],"_links":{"self":[{"href":"https:\/\/www.albinfo.at\/de\/wp-json\/wp\/v2\/posts\/820311","targetHints":{"allow":["GET"]}}],"collection":[{"href":"https:\/\/www.albinfo.at\/de\/wp-json\/wp\/v2\/posts"}],"about":[{"href":"https:\/\/www.albinfo.at\/de\/wp-json\/wp\/v2\/types\/post"}],"author":[{"embeddable":true,"href":"https:\/\/www.albinfo.at\/de\/wp-json\/wp\/v2\/users\/6"}],"replies":[{"embeddable":true,"href":"https:\/\/www.albinfo.at\/de\/wp-json\/wp\/v2\/comments?post=820311"}],"version-history":[{"count":1,"href":"https:\/\/www.albinfo.at\/de\/wp-json\/wp\/v2\/posts\/820311\/revisions"}],"predecessor-version":[{"id":820312,"href":"https:\/\/www.albinfo.at\/de\/wp-json\/wp\/v2\/posts\/820311\/revisions\/820312"}],"wp:featuredmedia":[{"embeddable":true,"href":"https:\/\/www.albinfo.at\/de\/wp-json\/wp\/v2\/media\/602569"}],"wp:attachment":[{"href":"https:\/\/www.albinfo.at\/de\/wp-json\/wp\/v2\/media?parent=820311"}],"wp:term":[{"taxonomy":"category","embeddable":true,"href":"https:\/\/www.albinfo.at\/de\/wp-json\/wp\/v2\/categories?post=820311"},{"taxonomy":"post_tag","embeddable":true,"href":"https:\/\/www.albinfo.at\/de\/wp-json\/wp\/v2\/tags?post=820311"},{"taxonomy":"vendi","embeddable":true,"href":"https:\/\/www.albinfo.at\/de\/wp-json\/wp\/v2\/vendi?post=820311"},{"taxonomy":"content_country","embeddable":true,"href":"https:\/\/www.albinfo.at\/de\/wp-json\/wp\/v2\/content_country?post=820311"}],"curies":[{"name":"wp","href":"https:\/\/api.w.org\/{rel}","templated":true}]}}