{"id":818886,"date":"2025-04-01T14:21:27","date_gmt":"2025-04-01T12:21:27","guid":{"rendered":"https:\/\/www.albinfo.ch\/?p=818886"},"modified":"2025-04-01T14:21:27","modified_gmt":"2025-04-01T12:21:27","slug":"die-anzahl-uebergewichtiger-menschen-hat-sich-in-der-schweiz-verdoppelt","status":"publish","type":"post","link":"https:\/\/www.albinfo.at\/de\/die-anzahl-uebergewichtiger-menschen-hat-sich-in-der-schweiz-verdoppelt\/","title":{"rendered":"Die Anzahl \u00fcbergewichtiger Menschen hat sich in der Schweiz verdoppelt"},"content":{"rendered":"<p data-start=\"0\" data-end=\"88\">43 % der Erwachsenen in der Schweiz sind \u00fcbergewichtig, berichtet SRF, weitergegeben von albinfo.ch.<\/p>\n<p data-start=\"0\" data-end=\"88\">Statistiken zeigen, dass deutlich mehr M\u00e4nner als Frauen von diesem Ph\u00e4nomen betroffen sind.<\/p>\n<p data-start=\"0\" data-end=\"88\">Fettleibigkeit ist zu einer weit verbreiteten Krankheit geworden, wie auch Anne Katrin Borm, leitende \u00c4rztin am Adipositas-Zentrum des Kantonsspitals Aarau, feststellt. Ihrer Aussage nach hat die Zahl der Neuanmeldungen ein Rekordniveau erreicht.-<\/p>\n<p data-start=\"0\" data-end=\"88\"><a href=\"https:\/\/www.srf.ch\/radio-srf-1\/adipositas-die-zahl-der-uebergewichtigen-in-der-schweiz-hat-sich-verdoppelt\">srf.ch<\/a><\/p>\n","protected":false},"excerpt":{"rendered":"<p>43 % der Erwachsenen in der Schweiz sind \u00fcbergewichtig, berichtet SRF, weitergegeben von albinfo.ch. Statistiken zeigen, dass deutlich mehr M\u00e4nner als Frauen von diesem Ph\u00e4nomen betroffen sind. Fettleibigkeit ist zu einer weit verbreiteten Krankheit geworden, wie auch Anne Katrin Borm, leitende \u00c4rztin am Adipositas-Zentrum des Kantonsspitals Aarau, feststellt. Ihrer Aussage nach hat die Zahl der [&hellip;]<\/p>\n","protected":false},"author":6,"featured_media":815460,"comment_status":"closed","ping_status":"closed","sticky":false,"template":"","format":"standard","meta":{"footnotes":""},"categories":[24006,24631,1140],"tags":[],"vendi":[],"content_country":[29888,31836,31837],"class_list":["post-818886","post","type-post","status-publish","format-standard","has-post-thumbnail","hentry","category-lajme-jeta-ne-zvicer-de","category-nachrichten-de-2","category-leben-in-der-schweiz","content_country-zvicer","content_country-austria-de","content_country-germany-de"],"acf":[],"_links":{"self":[{"href":"https:\/\/www.albinfo.at\/de\/wp-json\/wp\/v2\/posts\/818886","targetHints":{"allow":["GET"]}}],"collection":[{"href":"https:\/\/www.albinfo.at\/de\/wp-json\/wp\/v2\/posts"}],"about":[{"href":"https:\/\/www.albinfo.at\/de\/wp-json\/wp\/v2\/types\/post"}],"author":[{"embeddable":true,"href":"https:\/\/www.albinfo.at\/de\/wp-json\/wp\/v2\/users\/6"}],"replies":[{"embeddable":true,"href":"https:\/\/www.albinfo.at\/de\/wp-json\/wp\/v2\/comments?post=818886"}],"version-history":[{"count":1,"href":"https:\/\/www.albinfo.at\/de\/wp-json\/wp\/v2\/posts\/818886\/revisions"}],"predecessor-version":[{"id":818887,"href":"https:\/\/www.albinfo.at\/de\/wp-json\/wp\/v2\/posts\/818886\/revisions\/818887"}],"wp:featuredmedia":[{"embeddable":true,"href":"https:\/\/www.albinfo.at\/de\/wp-json\/wp\/v2\/media\/815460"}],"wp:attachment":[{"href":"https:\/\/www.albinfo.at\/de\/wp-json\/wp\/v2\/media?parent=818886"}],"wp:term":[{"taxonomy":"category","embeddable":true,"href":"https:\/\/www.albinfo.at\/de\/wp-json\/wp\/v2\/categories?post=818886"},{"taxonomy":"post_tag","embeddable":true,"href":"https:\/\/www.albinfo.at\/de\/wp-json\/wp\/v2\/tags?post=818886"},{"taxonomy":"vendi","embeddable":true,"href":"https:\/\/www.albinfo.at\/de\/wp-json\/wp\/v2\/vendi?post=818886"},{"taxonomy":"content_country","embeddable":true,"href":"https:\/\/www.albinfo.at\/de\/wp-json\/wp\/v2\/content_country?post=818886"}],"curies":[{"name":"wp","href":"https:\/\/api.w.org\/{rel}","templated":true}]}}