{"id":799113,"date":"2025-01-15T17:24:59","date_gmt":"2025-01-15T16:24:59","guid":{"rendered":"https:\/\/www.albinfo.ch\/?p=799113"},"modified":"2025-01-16T20:46:05","modified_gmt":"2025-01-16T19:46:05","slug":"bundesraetin-viola-amherd-tritt-zurueck","status":"publish","type":"post","link":"https:\/\/www.albinfo.at\/de\/bundesraetin-viola-amherd-tritt-zurueck\/","title":{"rendered":"Bundesr\u00e4tin Viola Amherd tritt zur\u00fcck"},"content":{"rendered":"<div class=\"EntryHeader_container__gbltM\">\n<p class=\" Headline_heading__m7ORl Headline_level1__Il6aO\"><span style=\"font-size: 16px;\">Verteidigungsministerin Viola Amherd hat am Mittwoch ihren R\u00fccktritt aus der Landesregierung angek\u00fcndigt. Sie stelle ihr Amt per Ende M\u00e4rz nach gut sechs Jahren zur Verf\u00fcgung, sagte sie in Bern vor den Medien. \u00dcber einen R\u00fccktritt war seit L\u00e4ngerem spekuliert worden.<\/span><\/p>\n<\/div>\n<section class=\"ClassicContent_container__zLsAN \">Die R\u00fccktrittsank\u00fcndigung erfolgt wenige Wochen, nachdem Amherd ihr Pr\u00e4sidialjahr beendet hat. Der R\u00fccktritt von Mitte-Pr\u00e4sident Gerhard Pfister Anfang dieser Woche befeuerte die Ger\u00fcchte \u00fcber einen R\u00fccktritt Amherd von Neuem. Nun herrscht Klarheit.Die 62-j\u00e4hrige Mitte-Politikerin aus Brig-Glis\/VS ist seit 2019 Mitglied der Landesregierung und folgte auf Doris Leuthard.<\/p>\n<div class=\"contentHead\">\n<h1>Bundesr\u00e4tin Viola Amherd zu ihrem R\u00fccktritt:<\/h1>\n<\/div>\n<div class=\"mod mod-nsbnewsdetails\">\n<p>Sehr geehrte Damen und Herren<\/p>\n<p>Ich habe die Nationalratspr\u00e4sidentin und den Bundesrat heute dar\u00fcber in Kenntnis gesetzt, dass ich per 31. M\u00e4rz 2025 aus der Landesregierung ausscheide.<\/p>\n<p>Nach \u00fcber 30 Jahren politischer Arbeit, mehr als ein Vierteljahrhundert davon in einer Exekutivfunktion, ist es an der Zeit, den Stab weiterzureichen.<\/p>\n<p>Ich danke an dieser Stelle allen, die meine Arbeit seit der Wahl von 2018 in den Bundesrat unterst\u00fctzt haben.<\/p>\n<p>Insbesondere den \u00fcber 12&#8217;000 Mitarbeitenden in den 6 \u00c4mtern, der Gruppe V, im Staatssekretariat f\u00fcr Sicherheit und dem Generalsekretariat.<\/p>\n<p>Ich danke auch dem Bundesrat und dem Parlament in ihren unterschiedlichen Zusammensetzungen seit 2018 daf\u00fcr, dass meine wichtigsten Antr\u00e4ge zur St\u00e4rkung der Sicherheit der Bev\u00f6lkerung eine Mehrheit gefunden haben und dass damit die schweizerische Sicherheitspolitik weiterentwickelt werden konnte.<\/p>\n<p>Damit will ich nicht sagen, dass alle Aufgaben erf\u00fcllt sind. Es wird auch f\u00fcr meine Nachfolgerin oder meinen Nachfolger noch genug Arbeit und Herausforderungen geben.<\/p>\n<p>Ich will auch nicht behaupten, dass alles perfekt gelungen ist. Aber es konnten entscheidende Weichen gestellt, Pfl\u00f6cke eingeschlagen und n\u00f6tige Ver\u00e4nderungen initiiert werden.<\/p>\n<p>Die Erstellung einer Bilanz \u00fcberlasse ich Ihnen.<\/p>\n<p>Meine Arbeit im Bundesrat war gepr\u00e4gt von grossen Herausforderungen, spannenden Themen und vielen Gestaltungsm\u00f6glichkeiten, die ich mit Freude angenommen habe.<\/p>\n<p>Insbesondere das Pr\u00e4sidialjahr wird mir in guter Erinnerung bleiben. Meine zu Beginn des Jahres formulierten Ziele konnten erreicht werden.<\/p>\n<p>Als zunehmend schwierig f\u00fcr unsere Institutionen, unser demokratisches System und den Erhalt der Schweizer Werte sehe ich die wachsende Polarisierung, die sich ausbreitende Geh\u00e4ssigkeit im politischen Diskurs und die vermehrte Durchsetzung von Partikularinteressen durch reine Machtaus\u00fcbung.<\/p>\n<p>Dieser Entwicklung entgegenzuwirken, ist Pflicht der Politik, aber auch der Gesellschaft insgesamt. Besonders auch der vierten Gewalt.<\/p>\n<p>Besten Dank.<\/p>\n<\/div>\n<\/section>\n","protected":false},"excerpt":{"rendered":"<p>Sie stelle ihr Amt per Ende M\u00e4rz nach gut sechs Jahren zur Verf\u00fcgung, sagte sie in Bern vor den Medien<\/p>\n","protected":false},"author":4,"featured_media":417394,"comment_status":"closed","ping_status":"closed","sticky":false,"template":"","format":"standard","meta":{"footnotes":""},"categories":[1188,24006,24631,1140],"tags":[],"vendi":[],"content_country":[29888,31836,31837],"class_list":["post-799113","post","type-post","status-publish","format-standard","has-post-thumbnail","hentry","category-shkurt-ch-de","category-lajme-jeta-ne-zvicer-de","category-nachrichten-de-2","category-leben-in-der-schweiz","content_country-zvicer","content_country-austria-de","content_country-germany-de"],"acf":[],"_links":{"self":[{"href":"https:\/\/www.albinfo.at\/de\/wp-json\/wp\/v2\/posts\/799113","targetHints":{"allow":["GET"]}}],"collection":[{"href":"https:\/\/www.albinfo.at\/de\/wp-json\/wp\/v2\/posts"}],"about":[{"href":"https:\/\/www.albinfo.at\/de\/wp-json\/wp\/v2\/types\/post"}],"author":[{"embeddable":true,"href":"https:\/\/www.albinfo.at\/de\/wp-json\/wp\/v2\/users\/4"}],"replies":[{"embeddable":true,"href":"https:\/\/www.albinfo.at\/de\/wp-json\/wp\/v2\/comments?post=799113"}],"version-history":[{"count":2,"href":"https:\/\/www.albinfo.at\/de\/wp-json\/wp\/v2\/posts\/799113\/revisions"}],"predecessor-version":[{"id":799444,"href":"https:\/\/www.albinfo.at\/de\/wp-json\/wp\/v2\/posts\/799113\/revisions\/799444"}],"wp:featuredmedia":[{"embeddable":true,"href":"https:\/\/www.albinfo.at\/de\/wp-json\/wp\/v2\/media\/417394"}],"wp:attachment":[{"href":"https:\/\/www.albinfo.at\/de\/wp-json\/wp\/v2\/media?parent=799113"}],"wp:term":[{"taxonomy":"category","embeddable":true,"href":"https:\/\/www.albinfo.at\/de\/wp-json\/wp\/v2\/categories?post=799113"},{"taxonomy":"post_tag","embeddable":true,"href":"https:\/\/www.albinfo.at\/de\/wp-json\/wp\/v2\/tags?post=799113"},{"taxonomy":"vendi","embeddable":true,"href":"https:\/\/www.albinfo.at\/de\/wp-json\/wp\/v2\/vendi?post=799113"},{"taxonomy":"content_country","embeddable":true,"href":"https:\/\/www.albinfo.at\/de\/wp-json\/wp\/v2\/content_country?post=799113"}],"curies":[{"name":"wp","href":"https:\/\/api.w.org\/{rel}","templated":true}]}}