{"id":793198,"date":"2024-12-19T19:30:02","date_gmt":"2024-12-19T18:30:02","guid":{"rendered":"https:\/\/www.albinfo.ch\/?p=793198"},"modified":"2024-12-19T19:16:33","modified_gmt":"2024-12-19T18:16:33","slug":"der-chef-der-armee-auf-truppenbesuch-in-kosovo-sowie-bosnien-und-herzegowina","status":"publish","type":"post","link":"https:\/\/www.albinfo.at\/de\/der-chef-der-armee-auf-truppenbesuch-in-kosovo-sowie-bosnien-und-herzegowina\/","title":{"rendered":"Der Chef der Armee auf Truppenbesuch in Kosovo sowie Bosnien und Herzegowina"},"content":{"rendered":"<div class=\"contentHead\">\n<p>Am 19. und 20. Dezember 2024 besucht der Chef der Armee, Korpskommandant Thomas S\u00fcssli, in Kosovo sowie in Bosnien und Herzegowina die einen Beitrag zur milit\u00e4rischen Friedensf\u00f6rderung leistenden Truppen. Bei dieser Gelegenheit trifft er auch den Kommandanten der Kosovo Force (KFOR).<\/p>\n<\/div>\n<div class=\"mod mod-nsbnewsdetails\">\n<p>Bei seinem Truppenbesuch will der Chef der Armee Gespr\u00e4che mit den dort im Einsatz stehenden Schweizer Armeeangeh\u00f6rigen f\u00fchren und einen aktuellen \u00dcberblick \u00fcber die verschiedenen Leistungen erhalten, die zugunsten der Kosovo Force (KFOR) erbracht werden. Ein bilaterales Gespr\u00e4ch mit dem Kommandanten der KFOR, Generalmajor Enrico Barduani von den italienischen Streitkr\u00e4ften, ist bei dieser Gelegenheit ebenfalls vorgesehen. Der KFOR-Einsatz der Schweizer Armee wurde 2023 verl\u00e4ngert und l\u00e4uft bis Ende 2026.<\/p>\n<p>Im Anschluss begibt sich der Chef der Armee nach Bosnien und Herzegowina, um sich ein Bild der Lage in der Region zu verschaffen. Er trifft dort Schweizer Armeeangeh\u00f6rige, die sich an der Mission Althea der European Union Force (EUFOR) beteiligen.<\/p>\n<p>Begleitet wird der Chef der Armee von Landesf\u00e4hnrich Jakob Signer (AI) und Regierungsr\u00e4tin Katrin Alder (AR), Pr\u00e4sident beziehungsweise Vorstandsmitglied der Regierungskonferenz Milit\u00e4r, Zivilschutz und Feuerwehr (RK MZF), vom Berner Grossrat Francesco Rappa sowie von Vertreterinnen und Vertretern der Armee.<\/p>\n<p>Die milit\u00e4rische Friedensf\u00f6rderung im internationalen Rahmen ist einer der drei Auftr\u00e4ge der Schweizer Armee. Aktuell leisten rund 300 Frauen und M\u00e4nner unterschiedlichen Dienstgrades in \u00fcber 15 L\u00e4ndern einen Beitrag zum Frieden.<\/p>\n<\/div>\n","protected":false},"excerpt":{"rendered":"<p>Bei seinem Truppenbesuch will der Chef der Armee Gespr\u00e4che einen aktuellen \u00dcberblick \u00fcber die verschiedenen Leistungen erhalten, die zugunsten der Kosovo Force (KFOR) erbracht werden<\/p>\n","protected":false},"author":4,"featured_media":557450,"comment_status":"closed","ping_status":"closed","sticky":false,"template":"","format":"standard","meta":{"footnotes":""},"categories":[1188,24642,24621,1129,1140],"tags":[],"vendi":[],"content_country":[29888,31836,31837],"class_list":["post-793198","post","type-post","status-publish","format-standard","has-post-thumbnail","hentry","category-shkurt-ch-de","category-andere-de-3","category-kosova-de-3","category-ch-balkan","category-leben-in-der-schweiz","content_country-zvicer","content_country-austria-de","content_country-germany-de"],"acf":[],"_links":{"self":[{"href":"https:\/\/www.albinfo.at\/de\/wp-json\/wp\/v2\/posts\/793198","targetHints":{"allow":["GET"]}}],"collection":[{"href":"https:\/\/www.albinfo.at\/de\/wp-json\/wp\/v2\/posts"}],"about":[{"href":"https:\/\/www.albinfo.at\/de\/wp-json\/wp\/v2\/types\/post"}],"author":[{"embeddable":true,"href":"https:\/\/www.albinfo.at\/de\/wp-json\/wp\/v2\/users\/4"}],"replies":[{"embeddable":true,"href":"https:\/\/www.albinfo.at\/de\/wp-json\/wp\/v2\/comments?post=793198"}],"version-history":[{"count":1,"href":"https:\/\/www.albinfo.at\/de\/wp-json\/wp\/v2\/posts\/793198\/revisions"}],"predecessor-version":[{"id":793204,"href":"https:\/\/www.albinfo.at\/de\/wp-json\/wp\/v2\/posts\/793198\/revisions\/793204"}],"wp:featuredmedia":[{"embeddable":true,"href":"https:\/\/www.albinfo.at\/de\/wp-json\/wp\/v2\/media\/557450"}],"wp:attachment":[{"href":"https:\/\/www.albinfo.at\/de\/wp-json\/wp\/v2\/media?parent=793198"}],"wp:term":[{"taxonomy":"category","embeddable":true,"href":"https:\/\/www.albinfo.at\/de\/wp-json\/wp\/v2\/categories?post=793198"},{"taxonomy":"post_tag","embeddable":true,"href":"https:\/\/www.albinfo.at\/de\/wp-json\/wp\/v2\/tags?post=793198"},{"taxonomy":"vendi","embeddable":true,"href":"https:\/\/www.albinfo.at\/de\/wp-json\/wp\/v2\/vendi?post=793198"},{"taxonomy":"content_country","embeddable":true,"href":"https:\/\/www.albinfo.at\/de\/wp-json\/wp\/v2\/content_country?post=793198"}],"curies":[{"name":"wp","href":"https:\/\/api.w.org\/{rel}","templated":true}]}}