{"id":791195,"date":"2024-12-11T18:29:03","date_gmt":"2024-12-11T17:29:03","guid":{"rendered":"https:\/\/www.albinfo.ch\/?p=791195"},"modified":"2024-12-11T18:29:03","modified_gmt":"2024-12-11T17:29:03","slug":"gemeinsam-fuer-eine-welt-ohne-gewalt-gegen-frauen","status":"publish","type":"post","link":"https:\/\/www.albinfo.at\/de\/gemeinsam-fuer-eine-welt-ohne-gewalt-gegen-frauen\/","title":{"rendered":"Gemeinsam f\u00fcr eine Welt ohne Gewalt gegen Frauen"},"content":{"rendered":"<p>Die globale Kampagne \u201e16 Tage Aktivismus gegen Gewalt an Frauen\u201c stellt einen wichtigen Moment dar, um \u00fcber Gewalt gegen Frauen zu reflektieren, das Bewusstsein daf\u00fcr zu sch\u00e4rfen und konkrete Schritte zu unternehmen, um sie zu beenden. Unter dem Motto \u201eGemeinsam f\u00fcr eine Welt ohne Gewalt gegen Frauen\u201c vereint diese Initiative Menschen aller gesellschaftlichen Schichten, um das Schweigen zu brechen und eine sicherere, gerechtere Zukunft f\u00fcr Frauen und M\u00e4dchen zu gestalten.<\/p>\n<p>In diesem Zusammenhang organisierte die Botschaft des Kosovo in Bern ein bedeutendes Diskussionsforum, bei dem Expert<em>innen, Aktivist<\/em>innen und verschiedene Vertreter*innen ihre Erfahrungen, Herausforderungen und praktische L\u00f6sungsans\u00e4tze zur Bek\u00e4mpfung dieses alarmierenden Ph\u00e4nomens austauschten. Die Gespr\u00e4che betonten die Bedeutung von Bildung, Solidarit\u00e4t und kollektivem Handeln, um eine gewaltfreie Gesellschaft zu schaffen.<\/p>\n<p><a href=\"https:\/\/www.albinfo.ch\/wp-content\/uploads\/2024\/12\/mze1jtis-scaled.jpeg\"><img loading=\"lazy\" decoding=\"async\" class=\"alignnone wp-image-789456\" src=\"https:\/\/www.albinfo.ch\/wp-content\/uploads\/2024\/12\/mze1jtis-scaled.jpeg\" alt=\"\" width=\"600\" height=\"404\" srcset=\"https:\/\/www.albinfo.at\/wp-content\/uploads\/2024\/12\/mze1jtis-scaled.jpeg 2560w, https:\/\/www.albinfo.at\/wp-content\/uploads\/2024\/12\/mze1jtis-300x202.jpeg 300w, https:\/\/www.albinfo.at\/wp-content\/uploads\/2024\/12\/mze1jtis-1024x689.jpeg 1024w, https:\/\/www.albinfo.at\/wp-content\/uploads\/2024\/12\/mze1jtis-768x517.jpeg 768w, https:\/\/www.albinfo.at\/wp-content\/uploads\/2024\/12\/mze1jtis-1536x1034.jpeg 1536w, https:\/\/www.albinfo.at\/wp-content\/uploads\/2024\/12\/mze1jtis-2048x1379.jpeg 2048w, https:\/\/www.albinfo.at\/wp-content\/uploads\/2024\/12\/mze1jtis-520x351.jpeg 520w, https:\/\/www.albinfo.at\/wp-content\/uploads\/2024\/12\/mze1jtis-210x141.jpeg 210w, https:\/\/www.albinfo.at\/wp-content\/uploads\/2024\/12\/mze1jtis-587x396.jpeg 587w, https:\/\/www.albinfo.at\/wp-content\/uploads\/2024\/12\/mze1jtis-149x100.jpeg 149w, https:\/\/www.albinfo.at\/wp-content\/uploads\/2024\/12\/mze1jtis-260x175.jpeg 260w\" sizes=\"auto, (max-width: 600px) 100vw, 600px\" \/><\/a><\/p>\n<p>Shukrije Ramadani, Vertreterin der Botschaft, w\u00fcrdigte diese Initiative und ihre Rolle bei der Sensibilisierung der Gemeinschaft. \u201eDies ist ein wichtiger Schritt auf einem langen und schwierigen Weg, aber gemeinsam k\u00f6nnen wir ihn leichter machen\u201c, sagte sie und hob hervor, dass die Botschaft des Kosovo in Bern ein Bezugspunkt bleibt, um diese Bem\u00fchungen zu unterst\u00fctzen.<\/p>\n<p>Ramadani dankte allen Frauen und M\u00e4nnern, die sich aktiv f\u00fcr diese Sache engagieren. Sie betonte besonders die Bedeutung des Engagements von Izabela Uehlinger und Drita Shabani als unverzichtbare Partnerinnen dieses Projekts und unterstrich, wie wichtig Solidarit\u00e4t ist, um dem Ph\u00e4nomen der Gewalt entgegenzutreten.<\/p>\n<p>\u201eWir sind M\u00fctter, Schwestern und Teil dieser Realit\u00e4t. Wir erleben oft Gewalt, die, wenn sie nicht gestoppt wird, auf unsere Kinder \u00fcbergeht. Es ist an der Zeit, \u201aSTOPP\u2018 zu sagen und nach L\u00f6sungen zu suchen\u201c, erkl\u00e4rte Ramadani.<\/p>\n<p>Abschlie\u00dfend rief sie zu konkretem Handeln auf und zeigte sich optimistisch in Bezug auf eine nachhaltige Wirkung: \u201eJede von uns kann auf ihre Weise etwas beitragen. Hoffen wir, dass dieser Abend ein vielversprechender Anfang einer Reise ist, die von den kommenden Generationen fortgesetzt wird.\u201c<\/p>\n<p><a href=\"https:\/\/www.albinfo.ch\/wp-content\/uploads\/2024\/12\/ambasadroi-latifi-scaled.jpeg\"><img loading=\"lazy\" decoding=\"async\" class=\"alignnone wp-image-789429\" src=\"https:\/\/www.albinfo.ch\/wp-content\/uploads\/2024\/12\/ambasadroi-latifi-scaled.jpeg\" alt=\"\" width=\"600\" height=\"400\" srcset=\"https:\/\/www.albinfo.at\/wp-content\/uploads\/2024\/12\/ambasadroi-latifi-scaled.jpeg 2560w, https:\/\/www.albinfo.at\/wp-content\/uploads\/2024\/12\/ambasadroi-latifi-300x200.jpeg 300w, https:\/\/www.albinfo.at\/wp-content\/uploads\/2024\/12\/ambasadroi-latifi-1024x683.jpeg 1024w, https:\/\/www.albinfo.at\/wp-content\/uploads\/2024\/12\/ambasadroi-latifi-768x512.jpeg 768w, https:\/\/www.albinfo.at\/wp-content\/uploads\/2024\/12\/ambasadroi-latifi-1536x1024.jpeg 1536w, https:\/\/www.albinfo.at\/wp-content\/uploads\/2024\/12\/ambasadroi-latifi-2048x1365.jpeg 2048w, https:\/\/www.albinfo.at\/wp-content\/uploads\/2024\/12\/ambasadroi-latifi-210x141.jpeg 210w, https:\/\/www.albinfo.at\/wp-content\/uploads\/2024\/12\/ambasadroi-latifi-587x391.jpeg 587w, https:\/\/www.albinfo.at\/wp-content\/uploads\/2024\/12\/ambasadroi-latifi-150x100.jpeg 150w, https:\/\/www.albinfo.at\/wp-content\/uploads\/2024\/12\/ambasadroi-latifi-263x175.jpeg 263w\" sizes=\"auto, (max-width: 600px) 100vw, 600px\" \/><\/a><\/p>\n<p>Mentor Latifi, der Botschafter der Republik Kosovo in Bern, stellte sich nachdr\u00fccklich gegen jegliche Form von Gewalt an Frauen und hob die dringende Bedeutung kollektiven Handelns hervor, um diesem Ph\u00e4nomen entschlossen entgegenzuwirken und es eindeutig zu verurteilen. \u201eGewalt kennt keine Nationalit\u00e4t, sie hat ein Geschlecht. Heute geht der Grossteil der Gewalt von M\u00e4nnern gegen Frauen aus, und als Gesellschaft m\u00fcssen wir diese Realit\u00e4t anerkennen, darauf reagieren und sie ohne Z\u00f6gern ahnden\u201c, sagte er.<\/p>\n<p>Aus seiner pers\u00f6nlichen Erfahrung als Vater von drei T\u00f6chtern unterstrich der Botschafter die Verantwortung, eine sicherere und gerechtere Zukunft zu schaffen. \u201eEs ist entscheidend, dass wir k\u00fcnftigen Generationen eine bessere Situation hinterlassen als die, die wir selbst geerbt haben. Wir m\u00fcssen unsere M\u00e4dchen, die Frauen von morgen, so erziehen, dass sie sich sch\u00fctzen und Gewalt in jeder Form bek\u00e4mpfen.\u201c<\/p>\n<p><a href=\"https:\/\/www.albinfo.ch\/wp-content\/uploads\/2024\/12\/0w91yh_c-scaled.jpeg\"><img loading=\"lazy\" decoding=\"async\" class=\"alignnone wp-image-789472\" src=\"https:\/\/www.albinfo.ch\/wp-content\/uploads\/2024\/12\/0w91yh_c-scaled.jpeg\" alt=\"\" width=\"600\" height=\"400\" srcset=\"https:\/\/www.albinfo.at\/wp-content\/uploads\/2024\/12\/0w91yh_c-scaled.jpeg 2560w, https:\/\/www.albinfo.at\/wp-content\/uploads\/2024\/12\/0w91yh_c-300x200.jpeg 300w, https:\/\/www.albinfo.at\/wp-content\/uploads\/2024\/12\/0w91yh_c-1024x683.jpeg 1024w, https:\/\/www.albinfo.at\/wp-content\/uploads\/2024\/12\/0w91yh_c-768x512.jpeg 768w, https:\/\/www.albinfo.at\/wp-content\/uploads\/2024\/12\/0w91yh_c-1536x1024.jpeg 1536w, https:\/\/www.albinfo.at\/wp-content\/uploads\/2024\/12\/0w91yh_c-2048x1365.jpeg 2048w, https:\/\/www.albinfo.at\/wp-content\/uploads\/2024\/12\/0w91yh_c-210x141.jpeg 210w, https:\/\/www.albinfo.at\/wp-content\/uploads\/2024\/12\/0w91yh_c-587x391.jpeg 587w, https:\/\/www.albinfo.at\/wp-content\/uploads\/2024\/12\/0w91yh_c-150x100.jpeg 150w, https:\/\/www.albinfo.at\/wp-content\/uploads\/2024\/12\/0w91yh_c-263x175.jpeg 263w\" sizes=\"auto, (max-width: 600px) 100vw, 600px\" \/><\/a><\/p>\n<p>Drita Ibrahimi, ausgebildete Moderatorin und Aktivistin f\u00fcr Frauenrechte (von der Organisation \u201eParandalo\u201c), betonte die Bedeutung von Aufkl\u00e4rung und Sensibilisierung in Diskussionsgruppen f\u00fcr Migrant*innen. Diese Gruppen helfen ihnen, Konzepte von Gewalt zu verstehen, insbesondere wirtschaftliche und psychologische Gewalt, die oft aus Unkenntnis \u00fcber rechtliche und soziale Rahmenbedingungen resultiert. \u201eIch erkl\u00e4re immer die Rechtslage in der Schweiz, einschliesslich des Rechts der Frauen auf einen Dolmetscher bei Arztbesuchen oder in Schulen\u201c, sagte sie.<\/p>\n<p>Die von Ibrahimi im Rahmen des Vereins Femmes-Tische\/Men-Tische moderierten Gespr\u00e4chsgruppen schaffen ein gesch\u00fctztes Umfeld, in dem Frauen frei ihre Erfahrungen teilen und \u00fcber Themen wie Familienrollen, Streitkultur und Beziehungsdynamiken reflektieren k\u00f6nnen. Sie betont, dass die Teilnehmerinnen oft von \u201eFreundinnen\u201c berichten, die Gewalt erfahren, dabei aber in Wahrheit von sich selbst sprechen. \u201eIn solchen F\u00e4llen h\u00f6re ich genau zu und bespreche die Situation anschliessend mit den zust\u00e4ndigen Fachpersonen im Zentrum\u201c, f\u00fcgte sie hinzu.<\/p>\n<p>Ibrahimi ist Teil der nationalen Kampagne \u201e16 Tage Aktivismus gegen Gewalt an Frauen\u201c, die jedes Jahr vom 25. November bis zum 10. Dezember stattfindet. Im Rahmen dieser Kampagne organisiert sie Diskussionsrunden und Sensibilisierungsmassnahmen.<\/p>\n<p>Laut Ibrahimi bieten diese Treffen nicht nur praktische Informationen \u2013 etwa Adressen von Hilfs- und Beratungsstellen \u2013 sondern auch Raum zur Selbstreflexion. \u201eWir m\u00fcssen Frauen beibringen, dass es in Ordnung ist, sich frei zu \u00e4ussern und Hilfe zu suchen. Es ist keine Schande, Gewalt anzuzeigen; im Gegenteil, es ist der erste Schritt zu Ver\u00e4nderungen.\u201c<\/p>\n<p>Durch eine Kombination aus Einf\u00fchlungsverm\u00f6gen und Professionalit\u00e4t hat Ibrahimi bereits vielen Frauen geholfen, die Kraft zu finden, um sich aus schwierigen Situationen zu befreien. Sie appelliert an alle Frauen, an sich selbst zu glauben und Hilfe zu suchen, wenn sie vor solchen Herausforderungen stehen: \u201eBewusstsein und der Mut, die T\u00fcr zu \u00f6ffnen, sind die Schl\u00fcssel zu einem besseren Leben.\u201c<\/p>\n<p><a href=\"https:\/\/www.albinfo.ch\/wp-content\/uploads\/2024\/12\/kbkq5_i5.jpeg\"><img loading=\"lazy\" decoding=\"async\" class=\"alignnone wp-image-789475\" src=\"https:\/\/www.albinfo.ch\/wp-content\/uploads\/2024\/12\/kbkq5_i5.jpeg\" alt=\"\" width=\"587\" height=\"800\" srcset=\"https:\/\/www.albinfo.at\/wp-content\/uploads\/2024\/12\/kbkq5_i5.jpeg 1643w, https:\/\/www.albinfo.at\/wp-content\/uploads\/2024\/12\/kbkq5_i5-220x300.jpeg 220w, https:\/\/www.albinfo.at\/wp-content\/uploads\/2024\/12\/kbkq5_i5-751x1024.jpeg 751w, https:\/\/www.albinfo.at\/wp-content\/uploads\/2024\/12\/kbkq5_i5-768x1047.jpeg 768w, https:\/\/www.albinfo.at\/wp-content\/uploads\/2024\/12\/kbkq5_i5-1127x1536.jpeg 1127w, https:\/\/www.albinfo.at\/wp-content\/uploads\/2024\/12\/kbkq5_i5-1502x2048.jpeg 1502w, https:\/\/www.albinfo.at\/wp-content\/uploads\/2024\/12\/kbkq5_i5-290x396.jpeg 290w, https:\/\/www.albinfo.at\/wp-content\/uploads\/2024\/12\/kbkq5_i5-73x100.jpeg 73w, https:\/\/www.albinfo.at\/wp-content\/uploads\/2024\/12\/kbkq5_i5-128x175.jpeg 128w\" sizes=\"auto, (max-width: 587px) 100vw, 587px\" \/><\/a><\/p>\n<p>Isabel Uehlinger, Vertreterin der Plattform Femmes-Tische\/M\u00e4nner-Tische, w\u00fcrdigte die Einladung der Botschaft des Kosovo in Bern, ein Treffen zu organisieren, das sich einem so sensiblen und lebenswichtigen Thema wie Gewalt gegen Frauen widmet. In ihrer Stellungnahme betonte Uehlinger die Notwendigkeit, beide Geschlechter in diese Diskussionen einzubeziehen.<\/p>\n<p>\u201eIch freue mich sehr, dass viele Frauen anwesend waren, aber besonders dar\u00fcber, dass auch M\u00e4nner dabei waren, denn ihre Anwesenheit ist bei solchen Treffen gleichermassen erforderlich. Die Diskussionen waren tiefgr\u00fcndig und sensibilisierend, und die Erfahrungen, die Drita und ich teilten, wurden von den Anwesenden sehr gut aufgenommen\u201c, sagte sie.<\/p>\n<p>Mit Blick auf die Bedeutung der Unterst\u00fctzung f\u00fcr Gewaltopfer betonte Uehlinger, dass sie selbst zwar nicht betroffen ist, aber eine tiefe Verantwortung versp\u00fcrt, Hilfe und Aufkl\u00e4rung f\u00fcr diejenigen anzubieten, die unter Gewalt leiden.<\/p>\n<p>\u201eIch schenke Betroffenen gr\u00f6sste Aufmerksamkeit und ermutige sie nachdr\u00fccklich, professionelle Hilfe in Anspruch zu nehmen. Meine Botschaft ist klar: Glaube an dich selbst, du bist nicht allein, du bist wichtig und du wirst die Unterst\u00fctzung bekommen, die du verdienst.\u201c<\/p>\n<p><a href=\"https:\/\/www.albinfo.ch\/wp-content\/uploads\/2024\/12\/l4k8nl1h-scaled.jpeg\"><img loading=\"lazy\" decoding=\"async\" class=\"alignnone wp-image-789453\" src=\"https:\/\/www.albinfo.ch\/wp-content\/uploads\/2024\/12\/l4k8nl1h-scaled.jpeg\" alt=\"\" width=\"600\" height=\"400\" srcset=\"https:\/\/www.albinfo.at\/wp-content\/uploads\/2024\/12\/l4k8nl1h-scaled.jpeg 2560w, https:\/\/www.albinfo.at\/wp-content\/uploads\/2024\/12\/l4k8nl1h-300x200.jpeg 300w, https:\/\/www.albinfo.at\/wp-content\/uploads\/2024\/12\/l4k8nl1h-1024x683.jpeg 1024w, https:\/\/www.albinfo.at\/wp-content\/uploads\/2024\/12\/l4k8nl1h-768x512.jpeg 768w, https:\/\/www.albinfo.at\/wp-content\/uploads\/2024\/12\/l4k8nl1h-1536x1024.jpeg 1536w, https:\/\/www.albinfo.at\/wp-content\/uploads\/2024\/12\/l4k8nl1h-2048x1365.jpeg 2048w, https:\/\/www.albinfo.at\/wp-content\/uploads\/2024\/12\/l4k8nl1h-210x141.jpeg 210w, https:\/\/www.albinfo.at\/wp-content\/uploads\/2024\/12\/l4k8nl1h-587x391.jpeg 587w, https:\/\/www.albinfo.at\/wp-content\/uploads\/2024\/12\/l4k8nl1h-150x100.jpeg 150w, https:\/\/www.albinfo.at\/wp-content\/uploads\/2024\/12\/l4k8nl1h-263x175.jpeg 263w\" sizes=\"auto, (max-width: 600px) 100vw, 600px\" \/><\/a><\/p>\n<p>Monika Zguro, Vertreterin der Botschaft Albaniens in der Schweiz, hob w\u00e4hrend einer Veranstaltung zu diesem Thema die Bedeutung der Auseinandersetzung mit Gewalt gegen Frauen hervor.<\/p>\n<p>\u201eH\u00e4usliche Gewalt ist keine private Angelegenheit, sondern ein Verbrechen mit gesellschaftlichen Konsequenzen. Jeder B\u00fcrger, der von Gewalt wei\u00df, ist verpflichtet, sie anzuzeigen\u201c, erkl\u00e4rte sie.<\/p>\n<p>Zguro machte darauf aufmerksam, dass Frauen oft stigmatisiert und ohne Unterst\u00fctzung gelassen werden, wodurch sie jahrelang Gewalt ertragen, bevor sie dar\u00fcber sprechen. Sie betonte, dass es keine Entschuldigung f\u00fcr Gewaltt\u00e4ter gibt und dass die St\u00e4rkung von Frauen gr\u00f6\u00dfere Anstrengungen erfordert, einschlie\u00dflich des Wandels patriarchaler Normen und eines st\u00e4rkeren rechtlichen Rahmens.<\/p>\n<p>Ihr zufolge haben Schweigen und Straflosigkeit die Gewalt gegen Frauen verst\u00e4rkt, eine der gravierendsten Verletzungen der Menschenrechte. Unterdessen finden in den albanischen Gebieten 16 Tage des Aktivismus zur Pr\u00e4vention von geschlechtsspezifischer Gewalt statt.<\/p>\n<p><a href=\"https:\/\/www.albinfo.ch\/wp-content\/uploads\/2024\/12\/pumgaaby-scaled.jpeg\"><img loading=\"lazy\" decoding=\"async\" class=\"alignnone wp-image-789435\" src=\"https:\/\/www.albinfo.ch\/wp-content\/uploads\/2024\/12\/pumgaaby-scaled.jpeg\" alt=\"\" width=\"600\" height=\"400\" srcset=\"https:\/\/www.albinfo.at\/wp-content\/uploads\/2024\/12\/pumgaaby-scaled.jpeg 2560w, https:\/\/www.albinfo.at\/wp-content\/uploads\/2024\/12\/pumgaaby-300x200.jpeg 300w, https:\/\/www.albinfo.at\/wp-content\/uploads\/2024\/12\/pumgaaby-1024x683.jpeg 1024w, https:\/\/www.albinfo.at\/wp-content\/uploads\/2024\/12\/pumgaaby-768x512.jpeg 768w, https:\/\/www.albinfo.at\/wp-content\/uploads\/2024\/12\/pumgaaby-1536x1024.jpeg 1536w, https:\/\/www.albinfo.at\/wp-content\/uploads\/2024\/12\/pumgaaby-2048x1365.jpeg 2048w, https:\/\/www.albinfo.at\/wp-content\/uploads\/2024\/12\/pumgaaby-210x141.jpeg 210w, https:\/\/www.albinfo.at\/wp-content\/uploads\/2024\/12\/pumgaaby-587x391.jpeg 587w, https:\/\/www.albinfo.at\/wp-content\/uploads\/2024\/12\/pumgaaby-150x100.jpeg 150w, https:\/\/www.albinfo.at\/wp-content\/uploads\/2024\/12\/pumgaaby-263x175.jpeg 263w\" sizes=\"auto, (max-width: 600px) 100vw, 600px\" \/><\/a><\/p>\n<p>Besjana Xhani, systemische Therapeutin f\u00fcr Einzelpersonen, Paare und Familien, betonte, dass h\u00e4usliche Gewalt ein weltweites Ph\u00e4nomen ist und dass Femizid mittlerweile als Begriff anerkannt ist. Sie erl\u00e4uterte, dass es verschiedene Formen von Gewalt gibt und viele Menschen sich dieser nicht bewusst sind. Sie nannte wirtschaftliche, emotionale, psychologische und physische Gewalt. Ihrer Meinung nach ist selbst eine herabw\u00fcrdigende Beleidigung eine Form von Gewalt, die das Selbstwertgef\u00fchl mindert. Es m\u00fcsse mehr f\u00fcr die Aufkl\u00e4rung junger Menschen, sowohl Jungen als auch M\u00e4dchen, getan werden, damit sie Gewalt nicht akzeptieren.<\/p>\n<p>Xhani appellierte an M\u00e4dchen, sich selbst zu lieben und zu achten und betonte, dass Gewalt keine Liebe ist, sondern das emotionale und psychische Wohlbefinden zerst\u00f6rt. Gewalt lasse die Betroffenen unf\u00e4hig und wertlos f\u00fchlen und habe dauerhafte Folgen.<\/p>\n<p>Sie ermutigte Frauen und M\u00e4dchen, niemandem zu gestatten, sie zu beleidigen oder ihnen das Recht zu verwehren, \u00fcber ihr eigenes Leben zu bestimmen. \u201eFrauen und M\u00e4dchen k\u00f6nnen auch ohne Unterst\u00fctzung erfolgreich sein\u201c, betonte Xhani und forderte sie auf, die innere St\u00e4rke zu finden, um sich aus missbr\u00e4uchlichen Situationen zu befreien. Sie unterstrich, dass es keine Schande ist, Hilfe zu suchen, und dass es Zeit ist, die Mentalit\u00e4t zu \u00e4ndern, um Gewalt zu stoppen und anzuerkennen, dass Gewalt und Scham nicht identisch sind.<\/p>\n<p><a href=\"https:\/\/www.albinfo.ch\/wp-content\/uploads\/2024\/12\/psrdjzrl-scaled.jpeg\"><img loading=\"lazy\" decoding=\"async\" class=\"alignnone wp-image-789438\" src=\"https:\/\/www.albinfo.ch\/wp-content\/uploads\/2024\/12\/psrdjzrl-scaled.jpeg\" alt=\"\" width=\"600\" height=\"400\" srcset=\"https:\/\/www.albinfo.at\/wp-content\/uploads\/2024\/12\/psrdjzrl-scaled.jpeg 2560w, https:\/\/www.albinfo.at\/wp-content\/uploads\/2024\/12\/psrdjzrl-300x200.jpeg 300w, https:\/\/www.albinfo.at\/wp-content\/uploads\/2024\/12\/psrdjzrl-1024x683.jpeg 1024w, https:\/\/www.albinfo.at\/wp-content\/uploads\/2024\/12\/psrdjzrl-768x512.jpeg 768w, https:\/\/www.albinfo.at\/wp-content\/uploads\/2024\/12\/psrdjzrl-1536x1024.jpeg 1536w, https:\/\/www.albinfo.at\/wp-content\/uploads\/2024\/12\/psrdjzrl-2048x1365.jpeg 2048w, https:\/\/www.albinfo.at\/wp-content\/uploads\/2024\/12\/psrdjzrl-210x141.jpeg 210w, https:\/\/www.albinfo.at\/wp-content\/uploads\/2024\/12\/psrdjzrl-587x391.jpeg 587w, https:\/\/www.albinfo.at\/wp-content\/uploads\/2024\/12\/psrdjzrl-150x100.jpeg 150w, https:\/\/www.albinfo.at\/wp-content\/uploads\/2024\/12\/psrdjzrl-263x175.jpeg 263w\" sizes=\"auto, (max-width: 600px) 100vw, 600px\" \/><\/a><\/p>\n<p>Eine Vertreterin von FemmesTische erkl\u00e4rte, dass von h\u00e4uslicher Gewalt Betroffene manchmal unsichtbar sind und man sie nicht erkennen kann. \u201eManchmal bin ich selbst betroffen, und niemand wei\u00df, dass ich jeden Morgen aufstehe, um jemand anderem Kraft zu geben. Es ist nicht leicht, dar\u00fcber zu sprechen. Ich sage das aus pers\u00f6nlicher Erfahrung; es ist kein einfaches Beispiel, sondern eine Tatsache, die ich heute Abend mit Ihnen teile. Es ist also nicht einfach, es erfordert gro\u00dfen Mut, und es ist nie leicht, weil auch die Institutionen Zeit f\u00fcr ihre Bearbeitung brauchen. W\u00e4hrend dieser Zeit, bis alles gekl\u00e4rt ist, ist es ein gro\u00dfer Kraftakt. FemmesTische sind hier, um zu sensibilisieren, sicherzustellen, dass Frauen sich nicht allein f\u00fchlen und sprechen k\u00f6nnen. Alle sind in irgendeiner Form von Gewalt betroffen. F\u00fcr mich ist der Schl\u00fcssel, Gewalt als solche zu erkennen. Wir versuchen, eine Br\u00fccke, einen Weg, ein Licht am Ende des Tunnels zu sein. Nicht alles kann eine einzelne Person leisten, aber gemeinsam k\u00f6nnen wir es schaffen.\u201c<\/p>\n<p><a href=\"https:\/\/www.albinfo.ch\/wp-content\/uploads\/2024\/12\/odbvdjfn-scaled.jpeg\"><img loading=\"lazy\" decoding=\"async\" class=\"alignnone wp-image-789447\" src=\"https:\/\/www.albinfo.ch\/wp-content\/uploads\/2024\/12\/odbvdjfn-scaled.jpeg\" alt=\"\" width=\"600\" height=\"400\" srcset=\"https:\/\/www.albinfo.at\/wp-content\/uploads\/2024\/12\/odbvdjfn-scaled.jpeg 2560w, https:\/\/www.albinfo.at\/wp-content\/uploads\/2024\/12\/odbvdjfn-300x200.jpeg 300w, https:\/\/www.albinfo.at\/wp-content\/uploads\/2024\/12\/odbvdjfn-1024x683.jpeg 1024w, https:\/\/www.albinfo.at\/wp-content\/uploads\/2024\/12\/odbvdjfn-768x512.jpeg 768w, https:\/\/www.albinfo.at\/wp-content\/uploads\/2024\/12\/odbvdjfn-1536x1024.jpeg 1536w, https:\/\/www.albinfo.at\/wp-content\/uploads\/2024\/12\/odbvdjfn-2048x1365.jpeg 2048w, https:\/\/www.albinfo.at\/wp-content\/uploads\/2024\/12\/odbvdjfn-210x141.jpeg 210w, https:\/\/www.albinfo.at\/wp-content\/uploads\/2024\/12\/odbvdjfn-587x391.jpeg 587w, https:\/\/www.albinfo.at\/wp-content\/uploads\/2024\/12\/odbvdjfn-150x100.jpeg 150w, https:\/\/www.albinfo.at\/wp-content\/uploads\/2024\/12\/odbvdjfn-263x175.jpeg 263w\" sizes=\"auto, (max-width: 600px) 100vw, 600px\" \/><\/a><\/p>\n<p>Florie Rexhaj, vom Programm Info Time und als Erzieherin t\u00e4tig, sagte: \u201eJeden Tag behandle ich verschiedene Themen, auch solche \u00fcber Gewalt, bei denen wir beraten. Ich gebe vielleicht ein sehr einfaches Beispiel: Mein Sohn ist es gewohnt, sein Glas vom Tisch zu nehmen und in die K\u00fcche zu bringen. Damit hatte ich ein Problem mit meinem Mann und meinem Schwiegervater, weil der Junge noch klein ist. Ich sage aber, dass wir diese Kette durchbrechen m\u00fcssen. Erziehung beginnt bei uns, ein f\u00fcr alle Mal. Wenn wir anfangen, unsere Kinder, unsere zuk\u00fcnftigen Generationen richtig zu erziehen, wird sich auch der Kreislauf der Gewalt allm\u00e4hlich verringern.\u201c<\/p>\n<p>Die Psychotherapeutin Xhida Lumi betonte die Bedeutung einer fr\u00fchen Erziehung der Kinder als Schl\u00fcssel f\u00fcr eine bessere und gerechtere Zukunft. Sie rief M\u00e4dchen dazu auf, ihre Energie nicht nur in das \u00e4u\u00dfere Erscheinungsbild zu investieren, sondern ihren Geist, ihre Seele und ihre Freiheit zu bereichern.<\/p>\n<p>\u201eDie Erziehung beginnt bei der Mutter. Eine bewusste Mutter zieht eine bewusste Tochter gro\u00df, und so entsteht eine gleichberechtigte Generation. Wenn wir starke M\u00e4dchen erziehen, werden sie zu starken Frauen und M\u00fcttern, die eine gerechte Gesellschaft f\u00fcr alle schaffen. Kinder, sowohl Jungen als auch M\u00e4dchen, m\u00fcssen fr\u00fchzeitig erzogen werden, um zuk\u00fcnftige Probleme zu vermeiden\u201c, \u00e4u\u00dferte sie.<\/p>\n<p><a href=\"https:\/\/www.albinfo.ch\/wp-content\/uploads\/2024\/12\/b0moosph-scaled.jpeg\"><img loading=\"lazy\" decoding=\"async\" class=\"alignnone wp-image-789478\" src=\"https:\/\/www.albinfo.ch\/wp-content\/uploads\/2024\/12\/b0moosph-scaled.jpeg\" alt=\"\" width=\"600\" height=\"400\" srcset=\"https:\/\/www.albinfo.at\/wp-content\/uploads\/2024\/12\/b0moosph-scaled.jpeg 2560w, https:\/\/www.albinfo.at\/wp-content\/uploads\/2024\/12\/b0moosph-300x200.jpeg 300w, https:\/\/www.albinfo.at\/wp-content\/uploads\/2024\/12\/b0moosph-1024x683.jpeg 1024w, https:\/\/www.albinfo.at\/wp-content\/uploads\/2024\/12\/b0moosph-768x512.jpeg 768w, https:\/\/www.albinfo.at\/wp-content\/uploads\/2024\/12\/b0moosph-1536x1024.jpeg 1536w, https:\/\/www.albinfo.at\/wp-content\/uploads\/2024\/12\/b0moosph-2048x1365.jpeg 2048w, https:\/\/www.albinfo.at\/wp-content\/uploads\/2024\/12\/b0moosph-210x141.jpeg 210w, https:\/\/www.albinfo.at\/wp-content\/uploads\/2024\/12\/b0moosph-587x391.jpeg 587w, https:\/\/www.albinfo.at\/wp-content\/uploads\/2024\/12\/b0moosph-150x100.jpeg 150w, https:\/\/www.albinfo.at\/wp-content\/uploads\/2024\/12\/b0moosph-263x175.jpeg 263w\" sizes=\"auto, (max-width: 600px) 100vw, 600px\" \/><\/a><\/p>\n<p>Die Kampagne \u201e16 Tage Aktivismus gegen Gewalt an Frauen\u201c ist ein Appell zur Reflexion und zum Handeln. Sie fordert uns alle dazu auf, zu einer Gesellschaft beizutragen, in der Frauen und M\u00e4dchen frei von Gewalt leben. Die in Bern durchgef\u00fchrten Aktivit\u00e4ten belegen die St\u00e4rke der Zusammenarbeit zwischen Institutionen, Gemeinschaften und engagierten Individuen, die sich f\u00fcr dieses Ziel einsetzen.<\/p>\n<p>Die Botschaft ist eindeutig: Gewalt ist nicht privat, sondern ein Verbrechen, das die gesamte Gesellschaft sch\u00e4digt. Bewusstseinsbildung, Erziehung und Unterst\u00fctzung f\u00fcr Betroffene sind die wichtigsten S\u00e4ulen, um diesem Ph\u00e4nomen ein Ende zu setzen.<\/p>\n<p><strong>Fotos: Perla Ciommi<\/strong><\/p>\n<p>&nbsp;<\/p>\n<p>&nbsp;<\/p>\n<p>&nbsp;<\/p>\n<p>&nbsp;<\/p>\n<p>&nbsp;<\/p>\n<p>&nbsp;<\/p>\n<p>&nbsp;<\/p>\n","protected":false},"excerpt":{"rendered":"<p>Die Botschaft des Kosovo in Bern organisierte im Rahmen der globalen Kampagne \u201e16 Tage Aktivismus gegen Gewalt an Frauen\u201c ein Diskussionsforum.<\/p>\n","protected":false},"author":6,"featured_media":789446,"comment_status":"closed","ping_status":"closed","sticky":false,"template":"","format":"standard","meta":{"footnotes":""},"categories":[1134,1141,1135,1133,1140,1158,1412,2015],"tags":[1651],"vendi":[31855],"content_country":[],"class_list":["post-791195","post","type-post","status-publish","format-standard","has-post-thumbnail","hentry","category-integration","category-themen","category-frauen","category-e-diaspora-de","category-leben-in-der-schweiz","category-themen-vor-ort","category-newsletter-de","category-newsletter-media-de","tag-kosova-fr-de","vendi-bern-de"],"acf":[],"_links":{"self":[{"href":"https:\/\/www.albinfo.at\/de\/wp-json\/wp\/v2\/posts\/791195","targetHints":{"allow":["GET"]}}],"collection":[{"href":"https:\/\/www.albinfo.at\/de\/wp-json\/wp\/v2\/posts"}],"about":[{"href":"https:\/\/www.albinfo.at\/de\/wp-json\/wp\/v2\/types\/post"}],"author":[{"embeddable":true,"href":"https:\/\/www.albinfo.at\/de\/wp-json\/wp\/v2\/users\/6"}],"replies":[{"embeddable":true,"href":"https:\/\/www.albinfo.at\/de\/wp-json\/wp\/v2\/comments?post=791195"}],"version-history":[{"count":1,"href":"https:\/\/www.albinfo.at\/de\/wp-json\/wp\/v2\/posts\/791195\/revisions"}],"predecessor-version":[{"id":791196,"href":"https:\/\/www.albinfo.at\/de\/wp-json\/wp\/v2\/posts\/791195\/revisions\/791196"}],"wp:featuredmedia":[{"embeddable":true,"href":"https:\/\/www.albinfo.at\/de\/wp-json\/wp\/v2\/media\/789446"}],"wp:attachment":[{"href":"https:\/\/www.albinfo.at\/de\/wp-json\/wp\/v2\/media?parent=791195"}],"wp:term":[{"taxonomy":"category","embeddable":true,"href":"https:\/\/www.albinfo.at\/de\/wp-json\/wp\/v2\/categories?post=791195"},{"taxonomy":"post_tag","embeddable":true,"href":"https:\/\/www.albinfo.at\/de\/wp-json\/wp\/v2\/tags?post=791195"},{"taxonomy":"vendi","embeddable":true,"href":"https:\/\/www.albinfo.at\/de\/wp-json\/wp\/v2\/vendi?post=791195"},{"taxonomy":"content_country","embeddable":true,"href":"https:\/\/www.albinfo.at\/de\/wp-json\/wp\/v2\/content_country?post=791195"}],"curies":[{"name":"wp","href":"https:\/\/api.w.org\/{rel}","templated":true}]}}