{"id":780106,"date":"2024-10-30T15:51:28","date_gmt":"2024-10-30T14:51:28","guid":{"rendered":"https:\/\/www.albinfo.ch\/?p=780106"},"modified":"2024-10-30T15:51:28","modified_gmt":"2024-10-30T14:51:28","slug":"bundesrat-guy-parmelin-trifft-den-kosovarischen-premierminister-albin-kurti","status":"publish","type":"post","link":"https:\/\/www.albinfo.at\/de\/bundesrat-guy-parmelin-trifft-den-kosovarischen-premierminister-albin-kurti\/","title":{"rendered":"Bundesrat Guy Parmelin trifft den kosovarischen Premierminister Albin Kurti"},"content":{"rendered":"<p>Am 1. November 2024 empf\u00e4ngt Bundesrat Guy Parmelin Albin Kurti, den Premierminister der Republik Kosovo. Hintergrund dieses Treffens sind die k\u00fcrzlich erfolgreich abgeschlossenen Verhandlungen \u00fcber ein Freihandelsabkommen zwischen den EFTA-L\u00e4ndern und Kosovo.<\/p>\n<p>Am 26. September 2024 haben die L\u00e4nder der Europ\u00e4ischen Freihandelsassoziation (EFTA) und Kosovo in Pristina ihre Verhandlungen \u00fcber ein Freihandelsabkommen abgeschlossen. Dieses Thema wird bei dem Treffen deshalb im Mittelpunkt stehen.<\/p>\n<p>Das Abkommen deckt unter anderem die Bereiche Waren- und Dienstleistungshandel, geistiges Eigentum sowie nachhaltige Entwicklung ab und stellt einen wichtigen Schritt zur Vertiefung der Wirtschaftsbeziehungen zwischen der Schweiz und Kosovo dar. Die Unterzeichnung des Abkommens soll in den n\u00e4chsten Monaten erfolgen.<\/p>\n<p>Neben dem Freihandelsabkommen und seiner Umsetzung stehen bei den Gespr\u00e4chen auch die St\u00e4rkung der wirtschaftlichen Zusammenarbeit im Bereich B2B (Business-to-Business) und die allgemeine Entwicklung des Kosovo auf der Tagesordnung.<\/p>\n<p>Im Jahr 2023 betrug das Handelsvolumen zwischen der Schweiz und Kosovo gem\u00e4ss dem Bundesamt f\u00fcr Zoll und Grenzsicherheit (BAZG) 137 Millionen Schweizerfranken. Laut Angaben der kosovarischen Zentralbank belegte die Schweiz 2023 mit 1,05 Milliarden Euro den zweiten Platz bei den ausl\u00e4ndischen Direktinvestitionen in Kosovo, w\u00e4hrend sich die kosovarischen Investitionen in der Schweiz auf 44,4 Millionen Euro beliefen.<\/p>\n","protected":false},"excerpt":{"rendered":"<p>Hintergrund dieses Treffens sind die k\u00fcrzlich erfolgreich abgeschlossenen Verhandlungen \u00fcber ein Freihandelsabkommen zwischen den EFTA-L\u00e4ndern und Kosovo<\/p>\n","protected":false},"author":4,"featured_media":780105,"comment_status":"closed","ping_status":"closed","sticky":false,"template":"","format":"standard","meta":{"footnotes":""},"categories":[3952,24006,1129,1140],"tags":[1624],"vendi":[],"content_country":[],"class_list":["post-780106","post","type-post","status-publish","format-standard","has-post-thumbnail","hentry","category-kosova-de","category-lajme-jeta-ne-zvicer-de","category-ch-balkan","category-leben-in-der-schweiz","tag-pritje-de"],"acf":[],"_links":{"self":[{"href":"https:\/\/www.albinfo.at\/de\/wp-json\/wp\/v2\/posts\/780106","targetHints":{"allow":["GET"]}}],"collection":[{"href":"https:\/\/www.albinfo.at\/de\/wp-json\/wp\/v2\/posts"}],"about":[{"href":"https:\/\/www.albinfo.at\/de\/wp-json\/wp\/v2\/types\/post"}],"author":[{"embeddable":true,"href":"https:\/\/www.albinfo.at\/de\/wp-json\/wp\/v2\/users\/4"}],"replies":[{"embeddable":true,"href":"https:\/\/www.albinfo.at\/de\/wp-json\/wp\/v2\/comments?post=780106"}],"version-history":[{"count":1,"href":"https:\/\/www.albinfo.at\/de\/wp-json\/wp\/v2\/posts\/780106\/revisions"}],"predecessor-version":[{"id":780107,"href":"https:\/\/www.albinfo.at\/de\/wp-json\/wp\/v2\/posts\/780106\/revisions\/780107"}],"wp:featuredmedia":[{"embeddable":true,"href":"https:\/\/www.albinfo.at\/de\/wp-json\/wp\/v2\/media\/780105"}],"wp:attachment":[{"href":"https:\/\/www.albinfo.at\/de\/wp-json\/wp\/v2\/media?parent=780106"}],"wp:term":[{"taxonomy":"category","embeddable":true,"href":"https:\/\/www.albinfo.at\/de\/wp-json\/wp\/v2\/categories?post=780106"},{"taxonomy":"post_tag","embeddable":true,"href":"https:\/\/www.albinfo.at\/de\/wp-json\/wp\/v2\/tags?post=780106"},{"taxonomy":"vendi","embeddable":true,"href":"https:\/\/www.albinfo.at\/de\/wp-json\/wp\/v2\/vendi?post=780106"},{"taxonomy":"content_country","embeddable":true,"href":"https:\/\/www.albinfo.at\/de\/wp-json\/wp\/v2\/content_country?post=780106"}],"curies":[{"name":"wp","href":"https:\/\/api.w.org\/{rel}","templated":true}]}}