{"id":77566,"date":"2015-03-16T15:55:06","date_gmt":"2015-03-16T14:55:06","guid":{"rendered":"http:\/\/www.albinfo.ch\/?p=77566"},"modified":"2015-03-16T16:19:52","modified_gmt":"2015-03-16T15:19:52","slug":"sommaruga-dhe-jahjaga-konfirmojne-marredheniet-e-shkelqyera-ne-mes-te-dy-vendeve-2","status":"publish","type":"post","link":"https:\/\/www.albinfo.at\/de\/sommaruga-dhe-jahjaga-konfirmojne-marredheniet-e-shkelqyera-ne-mes-te-dy-vendeve-2\/","title":{"rendered":"Bundespr\u00e4sidentin Sommaruga empf\u00e4ngt Atifete Jahjaga, Pr\u00e4sidentin der Republik Kosovo"},"content":{"rendered":"<p>Die beiden Pr\u00e4sidentinnen unterhielten sich \u00fcber aktuelle Entwicklungen in Kosovo und die bilaterale Zusammenarbeit, darunter Migrationsfragen und die polizeiliche Zusammenarbeit.<\/p>\n<p>Interne und regionale Stabilit\u00e4t, wirtschaftlicher Aufschwung und die St\u00e4rkung der Rechtstaatlichkeit im Westbalkan, speziell in der Republik Kosovo, sind Priorit\u00e4ten der schweizerischen Aussenpolitik in der Region.<\/p>\n<p>Die Pr\u00e4sidentinnen tauschen sich \u00fcber j\u00fcngste politische und wirtschaftliche Entwicklungen in Kosovo aus. Sommaruga zeigte sich besorgt \u00fcber den j\u00fcngsten Anstieg der Asylgesuche von B\u00fcrgerinnen und B\u00fcrgern aus Kosovo in mehreren europ\u00e4ischen L\u00e4ndern. Zwar sei die Schweiz davon nur am Rande betroffen, doch sei dieser Anstieg besonders ung\u00fcnstig, da Kosovo die jungen und qualifizierten B\u00fcrgerinnen und B\u00fcrger im eigenen Land brauche, um zu Reformen und wirtschaftlichem Wachstum beizutragen. Die Kontrolle der irregul\u00e4ren Migration aus Kosovo sei zudem zentral im Hinblick auf die weitere Ann\u00e4herung an die EU. Die Schweiz werde ihr Engagement in der Migrationspartnerschaft mit Kosovo weiterf\u00fchren. Dieser regelm\u00e4ssige Austausch habe es erm\u00f6glicht, im Asyl- und Migrationsbereich wertvolle Projekte aufzugleisen, beispielsweise bei der Integration von Minorit\u00e4ten, sagte Sommaruga. Zudem konnte die Zusammenarbeit bei R\u00fcck\u00fcbernahme verst\u00e4rkt werden.<\/p>\n<p><strong>Polizeiliche Zusammenarbeit verst\u00e4rken<\/strong><\/p>\n<p>Bundespr\u00e4sidentin Sommaruga unterstrich die Bedeutung der zunehmend intensiveren polizeilichen Kooperation der beiden L\u00e4nder. Sie informierte Pr\u00e4sidentin Atifete Jahjaga \u00fcber die k\u00fcrzliche Zustimmung des Schweizer Parlaments zu einem bilateralen Polizeiabkommen. Das neue Instrument soll eine effizientere Bek\u00e4mpfung der organisierten Kriminalit\u00e4t, des Menschenhandels und -schmuggels oder des Terrorismus erm\u00f6glichen, beispielsweise durch Informations- und Personalaustausch und gemeinsame Ermittlungen. Zudem tauschten sich die Pr\u00e4sidentinnen \u00fcber die Bek\u00e4mpfung des Ph\u00e4nomens der Dschihad-Reisenden aus.<\/p>\n<p>Die Schweiz beherbergt eine der gr\u00f6ssten Diaspora aus Kosovo. Rund 170\u2018000 Personen mit kosovarischem Hintergrund leben heute in der Schweiz. Die Schweiz und Kosovo pflegen intensive Beziehungen. So besuchten 2013 Bundespr\u00e4sident Maurer und 2014 Bundespr\u00e4sident Burkhalter sowie Bundesr\u00e4tin Sommaruga das Land.<\/p>\n<p>Die Schweiz ist sehr engagiert in Kosovo und unterst\u00fctzt das Land im Rahmen der Entwicklungszusammenarbeit in seiner Transition zu Demokratie und sozialer Marktwirtschaft. Zur Zusammenarbeit geh\u00f6ren unter anderem die Verst\u00e4rkung lokaler Verwaltungen, die Verbesserung der medizinischen Dienstleistungen und der Anschluss der l\u00e4ndlichen Bev\u00f6lkerung an das Wasserversorgungssystem. Ausserdem beteiligt sich die Schweiz seit 1999 mit einem Kontingent von \u00fcber 200 Armeeangeh\u00f6rigen am friedensunterst\u00fctzenden Einsatz KFOR in Kosovo. Das Parlament hat der Verl\u00e4ngerung dieses Einsatzes bis Ende 2017 zugestimmt.<\/p>\n<p><strong>news.admin.ch<\/strong><\/p>\n<p>&nbsp;<\/p>\n","protected":false},"excerpt":{"rendered":"<p>Am Montag, 16. M\u00e4rz 2015 hat Bundespr\u00e4sidentin Sommaruga die kosovarische Pr\u00e4sidentin Atifete Jahjaga in Bern zu einem offiziellen Arbeitsbesuch empfangen.<\/p>\n","protected":false},"author":4,"featured_media":77561,"comment_status":"open","ping_status":"open","sticky":false,"template":"","format":"standard","meta":{"footnotes":""},"categories":[1130,1129],"tags":[1624],"vendi":[],"content_country":[],"class_list":["post-77566","post","type-post","status-publish","format-standard","has-post-thumbnail","hentry","category-aktuell","category-ch-balkan","tag-pritje-de"],"acf":[],"_links":{"self":[{"href":"https:\/\/www.albinfo.at\/de\/wp-json\/wp\/v2\/posts\/77566","targetHints":{"allow":["GET"]}}],"collection":[{"href":"https:\/\/www.albinfo.at\/de\/wp-json\/wp\/v2\/posts"}],"about":[{"href":"https:\/\/www.albinfo.at\/de\/wp-json\/wp\/v2\/types\/post"}],"author":[{"embeddable":true,"href":"https:\/\/www.albinfo.at\/de\/wp-json\/wp\/v2\/users\/4"}],"replies":[{"embeddable":true,"href":"https:\/\/www.albinfo.at\/de\/wp-json\/wp\/v2\/comments?post=77566"}],"version-history":[{"count":0,"href":"https:\/\/www.albinfo.at\/de\/wp-json\/wp\/v2\/posts\/77566\/revisions"}],"wp:featuredmedia":[{"embeddable":true,"href":"https:\/\/www.albinfo.at\/de\/wp-json\/wp\/v2\/media\/77561"}],"wp:attachment":[{"href":"https:\/\/www.albinfo.at\/de\/wp-json\/wp\/v2\/media?parent=77566"}],"wp:term":[{"taxonomy":"category","embeddable":true,"href":"https:\/\/www.albinfo.at\/de\/wp-json\/wp\/v2\/categories?post=77566"},{"taxonomy":"post_tag","embeddable":true,"href":"https:\/\/www.albinfo.at\/de\/wp-json\/wp\/v2\/tags?post=77566"},{"taxonomy":"vendi","embeddable":true,"href":"https:\/\/www.albinfo.at\/de\/wp-json\/wp\/v2\/vendi?post=77566"},{"taxonomy":"content_country","embeddable":true,"href":"https:\/\/www.albinfo.at\/de\/wp-json\/wp\/v2\/content_country?post=77566"}],"curies":[{"name":"wp","href":"https:\/\/api.w.org\/{rel}","templated":true}]}}