{"id":773522,"date":"2024-10-05T21:26:30","date_gmt":"2024-10-05T19:26:30","guid":{"rendered":"https:\/\/www.albinfo.ch\/?p=773522"},"modified":"2024-10-23T23:33:52","modified_gmt":"2024-10-23T21:33:52","slug":"weltlehrtag-2024-mit-vlore-krug-bildung-ist-mehr-als-schule","status":"publish","type":"post","link":"https:\/\/www.albinfo.at\/de\/weltlehrtag-2024-mit-vlore-krug-bildung-ist-mehr-als-schule\/","title":{"rendered":"Weltlehrtag 2024 mit Vlore Krug: Bildung ist mehr als Schule"},"content":{"rendered":"<p>Lehrkr\u00e4fte sind weit mehr als Wissensvermittler \u2013 sie tragen die Verantwortung, eine gerechtere und vorurteilsfreie Zukunft zu gestalten. Doch das starre Lehrerbild, das meine Generation noch erlebte, geh\u00f6rt endg\u00fcltig der Vergangenheit an, sagt die Germanistin Vlore Krug. Zum heutigen Weltlehrertag fragen wir mit Albinfo: Wie lange noch werden rassistische Vorbehalte als Hindernis im Bildungsweg von Kindern toleriert? Ein diskriminierungsfreies Klassenzimmer, ist nicht nur w\u00fcnschenswert, sondern unverzichtbar, um echtes, zukunftsf\u00e4higes lebenslanges Lernen zu erm\u00f6glichen \u2013 und diese Ver\u00e4nderung darf nicht an Deutschlands Grenzen haltmachen.<\/p>\n<p><a href=\"https:\/\/www.albinfo.ch\/wp-content\/uploads\/2024\/10\/vlora-krug.jpg\"><img loading=\"lazy\" decoding=\"async\" class=\"alignnone wp-image-773538\" src=\"https:\/\/www.albinfo.ch\/wp-content\/uploads\/2024\/10\/vlora-krug.jpg\" alt=\"\" width=\"510\" height=\"405\" srcset=\"https:\/\/www.albinfo.at\/wp-content\/uploads\/2024\/10\/vlora-krug.jpg 637w, https:\/\/www.albinfo.at\/wp-content\/uploads\/2024\/10\/vlora-krug-300x238.jpg 300w, https:\/\/www.albinfo.at\/wp-content\/uploads\/2024\/10\/vlora-krug-499x396.jpg 499w, https:\/\/www.albinfo.at\/wp-content\/uploads\/2024\/10\/vlora-krug-126x100.jpg 126w, https:\/\/www.albinfo.at\/wp-content\/uploads\/2024\/10\/vlora-krug-220x175.jpg 220w\" sizes=\"auto, (max-width: 510px) 100vw, 510px\" \/><\/a><\/p>\n<p><strong>Frage:<\/strong>\u00a0Frau Krug, Sie sehen sich selbst nicht als klassische Lehrerin, sondern als Bildungsschaffende f\u00fcr Erwachsene. Warum passt dieser Begriff besser zu Ihnen?<br \/>\nVlore Krug:\u00a0Der Begriff Lehrer war vor 50 Jahren noch einfach zu definieren \u2013 jemand, der in der Schule Wissen vermittelt. Heute geht es um weit mehr als nur um Unterricht. Ich sehe mich als Bildungsschaffende, weil ich in vielen Bereichen wirke: als Germanistin, als Organisationsentwicklerin und als jemand, der rassismuskritische und klassizismuskritische Perspektiven vertritt. Bildung ist nicht nur eine Schulangelegenheit, sondern betrifft die ganze Gesellschaft. Und es ist wichtig, dass wir allen Menschen Zugang zu Chancen erm\u00f6glichen. Es begeistert mich jedes Mal, wenn mein Sohn in der vierten Klasse etwas \u00fcber Inklusion lernt und ich in derselben Woche zuf\u00e4llig ein &#8220;Lunch &amp; Learn&#8221; in unserer Organisation zum Thema Neurodiversit\u00e4t veranstalte. Viele Eltern erhalten heute gleichzeitig mit der Diagnose (wie z.B. ADHS oder Autismus oder Hochbegabung) ihrer Kinder auch ihre eigene. Das zeigt, wie wichtig es ist, dass wir als Gesellschaft kontinuierlich beide Seiten \u2013 Kinder und Erwachsene \u2013 weiterbilden.<\/p>\n<p><strong>Frage:<\/strong>\u00a0Sie haben nach einem Praktikum das Lehramtsstudium abgebrochen. Was war der ausschlaggebende Punkt?<br \/>\nVlore Krug:\u00a0Das Praktikum an einem deutschen Gymnasium war f\u00fcr mich ein Augen\u00f6ffner. Ich habe erlebt, wie oft negative Stereotype als Grundlage f\u00fcr Beurteilungen von Sch\u00fclern genutzt werden. Zum Beispiel, wenn ein Kind nichtdeutscher Eltern einen Fehler beim Schreiben macht, wird das schnell auf die Herkunft geschoben \u2013 es wird also gesagt, das Kind sei sprachlich nicht kompetent genug. Wenn aber ein Kind ohne Migrationshintergrund den gleichen Fehler macht, wird es oft milder bewertet und auf \u00e4u\u00dfere Umst\u00e4nde zur\u00fcckgef\u00fchrt, wie \u201ees hat vielleicht schlecht geschlafen.\u201c Das hat nichts mit der Sprachkompetenz zu tun, sondern mit Vorurteilen. Noch deutlicher wird es, wenn ein Kind aus einem weniger privilegierten Haushalt eine gute Note schreibt, obwohl es von zu Hause keine Unterst\u00fctzung bekommt. Diese Leistung wird oft nicht als genauso wertvoll angesehen wie die eines Sch\u00fclers, der mit Nachhilfe zur gleichen Note kommt. Das zeigt, dass Noten oft nicht das widerspiegeln, was sie eigentlich sollten \u2013 n\u00e4mlich die tats\u00e4chliche Kompetenz des Kindes.<\/p>\n<p><a href=\"https:\/\/www.albinfo.ch\/wp-content\/uploads\/2024\/10\/vlora-krug-libri.png\"><img loading=\"lazy\" decoding=\"async\" class=\"alignnone wp-image-773529\" src=\"https:\/\/www.albinfo.ch\/wp-content\/uploads\/2024\/10\/vlora-krug-libri.png\" alt=\"\" width=\"400\" height=\"500\" srcset=\"https:\/\/www.albinfo.at\/wp-content\/uploads\/2024\/10\/vlora-krug-libri.png 803w, https:\/\/www.albinfo.at\/wp-content\/uploads\/2024\/10\/vlora-krug-libri-240x300.png 240w, https:\/\/www.albinfo.at\/wp-content\/uploads\/2024\/10\/vlora-krug-libri-768x959.png 768w, https:\/\/www.albinfo.at\/wp-content\/uploads\/2024\/10\/vlora-krug-libri-317x396.png 317w, https:\/\/www.albinfo.at\/wp-content\/uploads\/2024\/10\/vlora-krug-libri-80x100.png 80w, https:\/\/www.albinfo.at\/wp-content\/uploads\/2024\/10\/vlora-krug-libri-140x175.png 140w\" sizes=\"auto, (max-width: 400px) 100vw, 400px\" \/><\/a><\/p>\n<p><strong>Frage:<\/strong>\u00a0Sie sprechen oft von Chancengerechtigkeit. Was bedeutet das konkret f\u00fcr Sie?<br \/>\nVlore Krug: Chancengerechtigkeit bedeutet, dass jedes Kind das Recht hat, sein Potenzial zu entfalten \u2013 unabh\u00e4ngig vom sozialen Hintergrund oder von Vorurteilen. Ich erinnere mich noch gut daran, dass ich in der vierten Klasse als Migrantin keine Gymnasialempfehlung erhielt. Ich musste meinen Weg \u00fcber den zweiten Bildungsweg gehen, weil mir im ersten keine Chance gegeben wurde. Heute sehe ich es als meine Aufgabe an, auch in Unternehmen auf Chancengleichheit hinzuweisen. Und das beginnt schon beim Lebenslauf: Viele k\u00f6nnen sich aufgrund ihrer sozialen Herkunft teure Zertifikate oder Praktika nicht leisten. Man sollte jedoch auch den Erfahrungsschatz ber\u00fccksichtigen, die durch einen alternativen Bildungsweg erworben wurde. Wenn zwei Menschen im siebten Stock ankommen \u2013 der eine mit dem Fahrstuhl und der andere \u00fcber das Treppenhaus \u2013 zeigt dies bei letzterer Person durchaus besondere St\u00e4rken.<\/p>\n<p><strong>Frage:<\/strong>\u00a0Was bedeutet Lernen f\u00fcr Sie?<br \/>\nVlore Krug:\u00a0Lernen ist viel mehr als nur gute Noten zu schreiben. Es hat viel mit Fehler machen, mit Scheitern, Resilienz und Kritikf\u00e4higkeit zu tun. Wir m\u00fcssen lernen, nicht stehen zu bleiben, sondern gerade dann Gas zu geben, wenn es schwierig wird. In unserer Gesellschaft wird oft so getan, als ob Fehler etwas Schlechtes w\u00e4ren. Aber wer nie scheitert, wird auch nie die M\u00f6glichkeit haben, sich weiterzuentwickeln. Lernen ist f\u00fcr mich ein lebenslanger Prozess.<\/p>\n<p><a href=\"https:\/\/www.albinfo.ch\/wp-content\/uploads\/2024\/10\/vlore-krug-kosova.png\"><img loading=\"lazy\" decoding=\"async\" class=\"alignnone wp-image-773532\" src=\"https:\/\/www.albinfo.ch\/wp-content\/uploads\/2024\/10\/vlore-krug-kosova.png\" alt=\"\" width=\"400\" height=\"500\" srcset=\"https:\/\/www.albinfo.at\/wp-content\/uploads\/2024\/10\/vlore-krug-kosova.png 866w, https:\/\/www.albinfo.at\/wp-content\/uploads\/2024\/10\/vlore-krug-kosova-240x300.png 240w, https:\/\/www.albinfo.at\/wp-content\/uploads\/2024\/10\/vlore-krug-kosova-820x1024.png 820w, https:\/\/www.albinfo.at\/wp-content\/uploads\/2024\/10\/vlore-krug-kosova-768x960.png 768w, https:\/\/www.albinfo.at\/wp-content\/uploads\/2024\/10\/vlore-krug-kosova-317x396.png 317w, https:\/\/www.albinfo.at\/wp-content\/uploads\/2024\/10\/vlore-krug-kosova-80x100.png 80w, https:\/\/www.albinfo.at\/wp-content\/uploads\/2024\/10\/vlore-krug-kosova-140x175.png 140w\" sizes=\"auto, (max-width: 400px) 100vw, 400px\" \/><\/a><br \/>\n<strong>Frage<\/strong>:\u00a0Wo sehen Sie aktuell grosse Herausforderungen in der Schule?<br \/>\nVlore Krug:\u00a0Eine grosse Herausforderung ist die fehlende Repr\u00e4sentation. Viele Kinder sehen sich in Lehrkr\u00e4ften nicht widergespiegelt. Das f\u00fchrt dazu, dass sie sich weniger zugeh\u00f6rig f\u00fchlen und weniger Vertrauen in die Schule haben k\u00f6nnen. Dazu kommt, dass Bildung oft wie ein Wettbewerb wirkt, der denjenigen Vorteile bietet, die ohnehin privilegiert sind. Kinder lernen viel mehr als nur, was in der Schule gelehrt wird \u2013 sie lernen Resilienz, Frustrationstoleranz, das \u00dcberwinden von H\u00fcrden. Das sind F\u00e4higkeiten, die in unserer Gesellschaft manchmal wichtiger sind als die Noten in einem Schulfach.<\/p>\n<p>&nbsp;<\/p>\n<p>&nbsp;<\/p>\n","protected":false},"excerpt":{"rendered":"<p>Zum heutigen Weltlehrertag fragen wir mit Albinfo: Wie lange noch werden rassistische Vorbehalte als Hindernis im Bildungsweg von Kindern toleriert?<\/p>\n","protected":false},"author":4,"featured_media":773535,"comment_status":"closed","ping_status":"closed","sticky":false,"template":"","format":"standard","meta":{"footnotes":""},"categories":[1134,1141,1135,1136,23120,23121,1133,1140,1412,2015],"tags":[],"vendi":[],"content_country":[29888,31836,31837],"class_list":["post-773522","post","type-post","status-publish","format-standard","has-post-thumbnail","hentry","category-integration","category-themen","category-frauen","category-sprachen","category-nachrichten","category-nachrichten-de","category-e-diaspora-de","category-leben-in-der-schweiz","category-newsletter-de","category-newsletter-media-de","content_country-zvicer","content_country-austria-de","content_country-germany-de"],"acf":[],"_links":{"self":[{"href":"https:\/\/www.albinfo.at\/de\/wp-json\/wp\/v2\/posts\/773522","targetHints":{"allow":["GET"]}}],"collection":[{"href":"https:\/\/www.albinfo.at\/de\/wp-json\/wp\/v2\/posts"}],"about":[{"href":"https:\/\/www.albinfo.at\/de\/wp-json\/wp\/v2\/types\/post"}],"author":[{"embeddable":true,"href":"https:\/\/www.albinfo.at\/de\/wp-json\/wp\/v2\/users\/4"}],"replies":[{"embeddable":true,"href":"https:\/\/www.albinfo.at\/de\/wp-json\/wp\/v2\/comments?post=773522"}],"version-history":[{"count":3,"href":"https:\/\/www.albinfo.at\/de\/wp-json\/wp\/v2\/posts\/773522\/revisions"}],"predecessor-version":[{"id":778252,"href":"https:\/\/www.albinfo.at\/de\/wp-json\/wp\/v2\/posts\/773522\/revisions\/778252"}],"wp:featuredmedia":[{"embeddable":true,"href":"https:\/\/www.albinfo.at\/de\/wp-json\/wp\/v2\/media\/773535"}],"wp:attachment":[{"href":"https:\/\/www.albinfo.at\/de\/wp-json\/wp\/v2\/media?parent=773522"}],"wp:term":[{"taxonomy":"category","embeddable":true,"href":"https:\/\/www.albinfo.at\/de\/wp-json\/wp\/v2\/categories?post=773522"},{"taxonomy":"post_tag","embeddable":true,"href":"https:\/\/www.albinfo.at\/de\/wp-json\/wp\/v2\/tags?post=773522"},{"taxonomy":"vendi","embeddable":true,"href":"https:\/\/www.albinfo.at\/de\/wp-json\/wp\/v2\/vendi?post=773522"},{"taxonomy":"content_country","embeddable":true,"href":"https:\/\/www.albinfo.at\/de\/wp-json\/wp\/v2\/content_country?post=773522"}],"curies":[{"name":"wp","href":"https:\/\/api.w.org\/{rel}","templated":true}]}}