{"id":738370,"date":"2024-05-13T12:59:01","date_gmt":"2024-05-13T10:59:01","guid":{"rendered":"https:\/\/www.albinfo.ch\/?p=738370"},"modified":"2024-07-25T16:53:48","modified_gmt":"2024-07-25T14:53:48","slug":"vizekanzler-andre-simonazzi-ist-verstorben","status":"publish","type":"post","link":"https:\/\/www.albinfo.at\/de\/vizekanzler-andre-simonazzi-ist-verstorben\/","title":{"rendered":"Vizekanzler Andr\u00e9 Simonazzi ist verstorben"},"content":{"rendered":"<p><strong>Bundesratssprecher und Vizekanzler Andr\u00e9 Simonazzi ist am Freitag auf einer Wanderung gestorben. Die Nachricht von seinem Tod hat die Mitglieder des Bundesrates und den Bundeskanzler best\u00fcrzt. Bundesrat und Bundeskanzler sprechen der Familie und den Angeh\u00f6rigen ihr tiefstes Beileid aus.<\/strong><\/p>\n<p>Im November 2008 wurde Andr\u00e9 Simonazzi zum Vizekanzler und Bundesratssprecher ernannt. Seit dem 1. Januar 2009 nahm er an den Sitzungen der Regierung teil, f\u00fchrte Protokoll und nahm die Kommunikation wahr. In der Bundeskanzlei leitete er mehrere Sektionen und den Pr\u00e4sidialdienst.<\/p>\n<p>Andr\u00e9 Simonazzi war ein Staatsdiener im besten Sinne des Wortes. Der Massstab, den er an seine Arbeit und die seiner Kolleginnen und Kollegen anlegte, war der gesetzliche Informationsauftrag. Regierungskommunikation verstand er als Dienst an der \u00d6ffentlichkeit und an der Regierung. Er wollte mit ihr die bestm\u00f6glichen Bedingungen f\u00fcr den Bundesrat und dessen Arbeit schaffen.<\/p>\n<p>Es ist Andr\u00e9 Simonazzis Verdienst, dass die Informationst\u00e4tigkeit des Bundesrates auf der H\u00f6he der Zeit ist. Unter seiner F\u00fchrung wurde die Kommunikation professionalisiert und digitalisiert. Beharrlich hat er ihre Koordination gest\u00e4rkt und sie zu einem integralen Bestandteil der Regierungst\u00e4tigkeit gemacht.<\/p>\n<p>Wenn er auf Widerst\u00e4nde stiess, griff er zu Argumenten, Witz und Charme. Die Krisen der letzten Jahre waren auch kommunikativ eine grosse Herausforderung. Beharrlich erkl\u00e4rte er allen Beteiligten, wie wichtig eine kontinuierliche Krisenkommunikation ist. Und unerm\u00fcdlich leistete er seinen eigenen Beitrag dazu. Mit ihm verliert die ganze Bundesverwaltung einen wunderbaren Menschen und einen grossartigen Kollegen.<\/p>\n<p>Erholung suchte er gern in den Bergen. Am Freitag ist er auf einer seiner geliebten Wanderungen zusammengebrochen und verstorben. Andr\u00e9 Simonazzi wurde 55 Jahre alt. Er hinterl\u00e4sst eine Frau und drei erwachsene Kinder. Die Mitglieder des Bundesrates und der Bundeskanzler sprechen ihnen ihr tiefstes Beileid aus.<\/p>\n","protected":false},"excerpt":{"rendered":"<p>Bundesratssprecher und Vizekanzler Andr\u00e9 Simonazzi ist am Freitag auf einer Wanderung gestorben. Die Nachricht von seinem Tod hat die Mitglieder des Bundesrates und den Bundeskanzler best\u00fcrzt. Bundesrat und Bundeskanzler sprechen der Familie und den Angeh\u00f6rigen ihr tiefstes Beileid aus. Im November 2008 wurde Andr\u00e9 Simonazzi zum Vizekanzler und Bundesratssprecher ernannt. Seit dem 1. Januar 2009 [&hellip;]<\/p>\n","protected":false},"author":6,"featured_media":737937,"comment_status":"closed","ping_status":"closed","sticky":false,"template":"","format":"standard","meta":{"footnotes":""},"categories":[24006,1140],"tags":[],"vendi":[],"content_country":[29888,31836,31837],"class_list":["post-738370","post","type-post","status-publish","format-standard","has-post-thumbnail","hentry","category-lajme-jeta-ne-zvicer-de","category-leben-in-der-schweiz","content_country-zvicer","content_country-austria-de","content_country-germany-de"],"acf":[],"_links":{"self":[{"href":"https:\/\/www.albinfo.at\/de\/wp-json\/wp\/v2\/posts\/738370","targetHints":{"allow":["GET"]}}],"collection":[{"href":"https:\/\/www.albinfo.at\/de\/wp-json\/wp\/v2\/posts"}],"about":[{"href":"https:\/\/www.albinfo.at\/de\/wp-json\/wp\/v2\/types\/post"}],"author":[{"embeddable":true,"href":"https:\/\/www.albinfo.at\/de\/wp-json\/wp\/v2\/users\/6"}],"replies":[{"embeddable":true,"href":"https:\/\/www.albinfo.at\/de\/wp-json\/wp\/v2\/comments?post=738370"}],"version-history":[{"count":1,"href":"https:\/\/www.albinfo.at\/de\/wp-json\/wp\/v2\/posts\/738370\/revisions"}],"predecessor-version":[{"id":756929,"href":"https:\/\/www.albinfo.at\/de\/wp-json\/wp\/v2\/posts\/738370\/revisions\/756929"}],"wp:featuredmedia":[{"embeddable":true,"href":"https:\/\/www.albinfo.at\/de\/wp-json\/wp\/v2\/media\/737937"}],"wp:attachment":[{"href":"https:\/\/www.albinfo.at\/de\/wp-json\/wp\/v2\/media?parent=738370"}],"wp:term":[{"taxonomy":"category","embeddable":true,"href":"https:\/\/www.albinfo.at\/de\/wp-json\/wp\/v2\/categories?post=738370"},{"taxonomy":"post_tag","embeddable":true,"href":"https:\/\/www.albinfo.at\/de\/wp-json\/wp\/v2\/tags?post=738370"},{"taxonomy":"vendi","embeddable":true,"href":"https:\/\/www.albinfo.at\/de\/wp-json\/wp\/v2\/vendi?post=738370"},{"taxonomy":"content_country","embeddable":true,"href":"https:\/\/www.albinfo.at\/de\/wp-json\/wp\/v2\/content_country?post=738370"}],"curies":[{"name":"wp","href":"https:\/\/api.w.org\/{rel}","templated":true}]}}