{"id":729419,"date":"2024-04-11T20:44:13","date_gmt":"2024-04-11T18:44:13","guid":{"rendered":"https:\/\/www.albinfo.ch\/?p=729419"},"modified":"2024-04-11T20:44:13","modified_gmt":"2024-04-11T18:44:13","slug":"schweiz-organisiert-konferenz-zum-frieden-der-ukraine","status":"publish","type":"post","link":"https:\/\/www.albinfo.at\/de\/schweiz-organisiert-konferenz-zum-frieden-der-ukraine\/","title":{"rendered":"Schweiz organisiert Konferenz zum Frieden der Ukraine"},"content":{"rendered":"<p><strong>An seiner Sitzung vom 10. April 2024 hat der Bundesrat die Ergebnisse der exploratorischen Phase zur hochrangigen Konferenz zum Frieden in der Ukraine zur Kenntnis genommen. Die Voraussetzungen, damit die Konferenz einen Friedenprozess anstossen kann, sind in gen\u00fcgendem Masse gegeben. In einem ersten Schritt soll ein gemeinsames Verst\u00e4ndnis der teilnehmenden Staaten entwickelt werden, im Hinblick auf einen umfassenden, gerechten und dauerhaften Frieden in der Ukraine. Die Konferenz wird voraussichtlich im Juni 2024 auf dem B\u00fcrgenstock durchgef\u00fchrt.<\/strong><\/p>\n<p>Bundespr\u00e4sidentin Viola Amherd empfing im Januar 2024 den ukrainischen Pr\u00e4sidenten Wolodymyr Selenskyj zu Gespr\u00e4chen in Bern. Sie sicherte Pr\u00e4sident Selenskyj damals die Unterst\u00fctzung zu, eine hochrangige Friedenskonferenz in der Schweiz zu organisieren. Der Bund hat seither in direkten Kontakten mit zahlreichen Staaten die M\u00f6glichkeiten und die Wege eines Friedenprozesses gepr\u00fcft. W\u00e4hrend der ersten exploratorischen Phase f\u00fchrte die Schweiz Gespr\u00e4che mit Mitgliedern der G7-Staaten, mit der EU wie auch mit Vertretern des Globalen S\u00fcdens wie China, Indien, S\u00fcdafrika, Brasilien, \u00c4thiopien und Saudi-Arabien. An seiner heutigen Sitzung hat der Bundesrat von den bisherigen Ergebnissen Kenntnis genommen und die n\u00e4chsten Schritte diskutiert. Eine hochrangige Konferenz als Start eines solchen Prozesses findet derzeit international gen\u00fcgend Zustimmung: Diese wird somit im Juni 2024 auf dem B\u00fcrgenstock geplant, auf Einladung von Bundespr\u00e4sidentin Viola Amherd.<\/p>\n<p>Die Konferenz soll eine Plattform f\u00fcr einen hochrangigen Dialog \u00fcber Wege zu einem umfassenden, gerechten und dauerhaften Frieden f\u00fcr die Ukraine auf der Grundlage des V\u00f6lkerrechts und der UNO-Charta bieten. Sie soll ein gemeinsames Verst\u00e4ndnis des Rahmens schaffen, der diesem Ziel f\u00f6rderlich ist, sowie einen konkreten Fahrplan f\u00fcr den Friedensprozess.<\/p>\n<p>Der Bundesrat ist sich bewusst, dass es bis Juni noch einige Unbekannte gibt, sieht es aber aufgrund der langen diplomatischen Tradition der Schweiz sowie der ermutigenden R\u00fcckmeldungen w\u00e4hrend der exploratorischen Phase als seine Verantwortung an, einen Beitrag zum Friedensprozess in der Ukraine zu leisten. Damit ist die exploratorische Phase beendet und die Umsetzungsphase gestartet.<\/p>\n<p>F\u00fcr die Vorbereitung des Anlasses sind eine Task Force des EDA unter der Leitung von Botschafter Gabriel L\u00fcchinger und eine interdepartementale Steuerungsgruppe (EDA, VBS, EJPD und WBF) unter der Leitung von Bundesrat Ignazio Cassis zust\u00e4ndig. Die Task Force arbeitet ebenfalls an den notwendigen sicherheitspolitischen wie logistischen Aspekten im engen Kontakt mit den zust\u00e4ndigen Beh\u00f6rden des Bundes und der Armee sowie mit den Kantonen Nidwalden, Luzern und Z\u00fcrich.<\/p>\n<p><a href=\"https:\/\/www.admin.ch\/gov\/de\/start\/dokumentation\/medienmitteilungen.msg-id-100676.html\">\/admin.ch\/<\/a><\/p>\n","protected":false},"excerpt":{"rendered":"<p>An seiner Sitzung vom 10. April 2024 hat der Bundesrat die Ergebnisse der exploratorischen Phase zur hochrangigen Konferenz zum Frieden in der Ukraine zur Kenntnis genommen. Die Voraussetzungen, damit die Konferenz einen Friedenprozess anstossen kann, sind in gen\u00fcgendem Masse gegeben. In einem ersten Schritt soll ein gemeinsames Verst\u00e4ndnis der teilnehmenden Staaten entwickelt werden, im Hinblick [&hellip;]<\/p>\n","protected":false},"author":6,"featured_media":607038,"comment_status":"closed","ping_status":"closed","sticky":false,"template":"","format":"standard","meta":{"footnotes":""},"categories":[1188,24006,24631,1140],"tags":[],"vendi":[],"content_country":[29888,31836,31837],"class_list":["post-729419","post","type-post","status-publish","format-standard","has-post-thumbnail","hentry","category-shkurt-ch-de","category-lajme-jeta-ne-zvicer-de","category-nachrichten-de-2","category-leben-in-der-schweiz","content_country-zvicer","content_country-austria-de","content_country-germany-de"],"acf":[],"_links":{"self":[{"href":"https:\/\/www.albinfo.at\/de\/wp-json\/wp\/v2\/posts\/729419","targetHints":{"allow":["GET"]}}],"collection":[{"href":"https:\/\/www.albinfo.at\/de\/wp-json\/wp\/v2\/posts"}],"about":[{"href":"https:\/\/www.albinfo.at\/de\/wp-json\/wp\/v2\/types\/post"}],"author":[{"embeddable":true,"href":"https:\/\/www.albinfo.at\/de\/wp-json\/wp\/v2\/users\/6"}],"replies":[{"embeddable":true,"href":"https:\/\/www.albinfo.at\/de\/wp-json\/wp\/v2\/comments?post=729419"}],"version-history":[{"count":0,"href":"https:\/\/www.albinfo.at\/de\/wp-json\/wp\/v2\/posts\/729419\/revisions"}],"wp:featuredmedia":[{"embeddable":true,"href":"https:\/\/www.albinfo.at\/de\/wp-json\/wp\/v2\/media\/607038"}],"wp:attachment":[{"href":"https:\/\/www.albinfo.at\/de\/wp-json\/wp\/v2\/media?parent=729419"}],"wp:term":[{"taxonomy":"category","embeddable":true,"href":"https:\/\/www.albinfo.at\/de\/wp-json\/wp\/v2\/categories?post=729419"},{"taxonomy":"post_tag","embeddable":true,"href":"https:\/\/www.albinfo.at\/de\/wp-json\/wp\/v2\/tags?post=729419"},{"taxonomy":"vendi","embeddable":true,"href":"https:\/\/www.albinfo.at\/de\/wp-json\/wp\/v2\/vendi?post=729419"},{"taxonomy":"content_country","embeddable":true,"href":"https:\/\/www.albinfo.at\/de\/wp-json\/wp\/v2\/content_country?post=729419"}],"curies":[{"name":"wp","href":"https:\/\/api.w.org\/{rel}","templated":true}]}}