{"id":729407,"date":"2024-04-11T20:00:04","date_gmt":"2024-04-11T18:00:04","guid":{"rendered":"https:\/\/www.albinfo.ch\/?p=729407"},"modified":"2024-04-22T00:03:28","modified_gmt":"2024-04-21T22:03:28","slug":"schweiz-uebernimmt-transportkompanie-der-kfor-in-kosovo","status":"publish","type":"post","link":"https:\/\/www.albinfo.at\/de\/schweiz-uebernimmt-transportkompanie-der-kfor-in-kosovo\/","title":{"rendered":"Schweiz \u00fcbernimmt Transportkompanie der KFOR in Kosovo"},"content":{"rendered":"<p><strong>Heute findet in Kosovo der Wechsel vom 49. zum 50. SWISSCOY-Kontingent statt. Unter dem Kommando von Oberst Cyrus Wagner beginnt das neue Kontingent seinen Einsatz erstmals mit einem erh\u00f6hten Bestand von 215 Armeeangeh\u00f6rigen. Die zus\u00e4tzlichen Kr\u00e4fte erm\u00f6glichen es der Schweiz, die F\u00fchrung der multinationalen Transportkompanie der KFOR zu \u00fcbernehmen und dadurch den Beitrag zur Sicherheit und Stabilit\u00e4t auf dem Westbalkan zu erh\u00f6hen. Damit sind \u00fcber 80 Prozent der Schweizer Elemente direkt der KFOR zur operationellen Auftragserf\u00fcllung zugeteilt.<\/strong><\/p>\n<p>Das vergangene Jahr war von einer Vielzahl von Ereignissen in den Einsatzgebieten der milit\u00e4rischen Friedensf\u00f6rderung weltweit gepr\u00e4gt, einschliesslich Kosovo. Die Ausschreitungen im Norden des Landes im Mai 2023 verdeutlichen erneut die Fragilit\u00e4t der Situation. In dieser Hinsicht \u00fcbernimmt die KFOR auch weiterhin eine entscheidende Rolle als Garant f\u00fcr Sicherheit und Stabilit\u00e4t in der Region, was im sicherheitspolitischen Interesse der Schweiz liegt.<\/p>\n<p><strong>Schweiz \u00fcbernimmt Kommando der KFOR-Transportkompanie<\/strong><\/p>\n<p>Mit dem heutigen Kontingentswechsel wird die St\u00e4rkung der SWISSCOY umgesetzt, die Bundesrat und Parlament beschlossen haben. Das Kontingent wird um 20 Armeeangeh\u00f6rige aufgestockt. Mit diesen zus\u00e4tzlichen Kr\u00e4ften steigert die Schweiz ihren Beitrag namentlich in der multinationalen Transportkompanie der Kosovo Force (KFOR). Diese Kompanie erbringt wesentliche Leistungen im Bereich Personen- und Materialtransporte f\u00fcr die gesamte Mission.<\/p>\n<p>In Zuge der Kontingentsaufstockung konnte die Schweiz das Kommando dieser multinationalen Kompanie bereits am 9. M\u00e4rz 2024 vom \u00f6sterreichischen Bundesheer \u00fcbernehmen. Die \u00dcbernahme der Transportkompanie bietet der Schweiz die M\u00f6glichkeit, ihr Engagement zugunsten der NATO im Rahmen der KFOR zu verst\u00e4rken sowie die Mission bei der Adaption an die ver\u00e4nderten sicherheitsrelevanten Umst\u00e4nde in der Region zu unterst\u00fctzen. Dadurch tr\u00e4gt die Schweiz zu den Stabilisierungsbem\u00fchungen auf dem Westbalkan bei und zeigt Verantwortung als Teil der internationalen Gemeinschaft. Weiter ergibt sich f\u00fcr junge milit\u00e4rische Kader, z.B. als Kompaniekommandant, die Gelegenheit, in einem multinationalen Einsatz F\u00fchrungsverantwortung zu \u00fcbernehmen und Erfahrungen zu sammeln. Gleichzeitig profitiert die Armee von Chancen zum F\u00e4higkeits- und Kompetenzaufbau.<br \/>\nDamit steigt der sogenannte OPCON-Anteil, das heisst der Anteil derjenigen Schweizer Elemente, welche zur operationellen Auftragserf\u00fcllung direkt der KFOR zugewiesen sind, auf \u00fcber 80 Prozent.<\/p>\n<p><strong>\u00dcber das Kompetenzzentrum SWISSINT<\/strong><\/p>\n<p>Friedensf\u00f6rderung im internationalen Rahmen ist einer der drei Auftr\u00e4ge der Schweizer Armee. Aktuell leisten rund 300 Frauen und M\u00e4nner im Rang vom Soldaten bis zum Division\u00e4r in 18 L\u00e4ndern einen Beitrag zum Frieden. Das Kompetenzzentrum SWISSINT der Armee ist als vorgesetzte nationale Kommandostelle f\u00fcr Planung, Bereitstellung und F\u00fchrung aller schweizerischen milit\u00e4rischen Kontingente und Einzelpersonen im friedensf\u00f6rdernden Auslandseinsatz verantwortlich.<\/p>\n<p><a href=\"https:\/\/www.admin.ch\/gov\/de\/start\/dokumentation\/medienmitteilungen.msg-id-100694.html\">\/admin.ch\/<\/a><\/p>\n<p>&nbsp;<\/p>\n","protected":false},"excerpt":{"rendered":"<p>Heute findet in Kosovo der Wechsel vom 49. zum 50. SWISSCOY-Kontingent statt. Unter dem Kommando von Oberst Cyrus Wagner beginnt das neue Kontingent seinen Einsatz erstmals mit einem erh\u00f6hten Bestand von 215 Armeeangeh\u00f6rigen. Die zus\u00e4tzlichen Kr\u00e4fte erm\u00f6glichen es der Schweiz, die F\u00fchrung der multinationalen Transportkompanie der KFOR zu \u00fcbernehmen und dadurch den Beitrag zur Sicherheit [&hellip;]<\/p>\n","protected":false},"author":6,"featured_media":554910,"comment_status":"closed","ping_status":"closed","sticky":false,"template":"","format":"standard","meta":{"footnotes":""},"categories":[3952,24006,1129,1140],"tags":[],"vendi":[],"content_country":[29888,31836,31837],"class_list":["post-729407","post","type-post","status-publish","format-standard","has-post-thumbnail","hentry","category-kosova-de","category-lajme-jeta-ne-zvicer-de","category-ch-balkan","category-leben-in-der-schweiz","content_country-zvicer","content_country-austria-de","content_country-germany-de"],"acf":[],"_links":{"self":[{"href":"https:\/\/www.albinfo.at\/de\/wp-json\/wp\/v2\/posts\/729407","targetHints":{"allow":["GET"]}}],"collection":[{"href":"https:\/\/www.albinfo.at\/de\/wp-json\/wp\/v2\/posts"}],"about":[{"href":"https:\/\/www.albinfo.at\/de\/wp-json\/wp\/v2\/types\/post"}],"author":[{"embeddable":true,"href":"https:\/\/www.albinfo.at\/de\/wp-json\/wp\/v2\/users\/6"}],"replies":[{"embeddable":true,"href":"https:\/\/www.albinfo.at\/de\/wp-json\/wp\/v2\/comments?post=729407"}],"version-history":[{"count":0,"href":"https:\/\/www.albinfo.at\/de\/wp-json\/wp\/v2\/posts\/729407\/revisions"}],"wp:featuredmedia":[{"embeddable":true,"href":"https:\/\/www.albinfo.at\/de\/wp-json\/wp\/v2\/media\/554910"}],"wp:attachment":[{"href":"https:\/\/www.albinfo.at\/de\/wp-json\/wp\/v2\/media?parent=729407"}],"wp:term":[{"taxonomy":"category","embeddable":true,"href":"https:\/\/www.albinfo.at\/de\/wp-json\/wp\/v2\/categories?post=729407"},{"taxonomy":"post_tag","embeddable":true,"href":"https:\/\/www.albinfo.at\/de\/wp-json\/wp\/v2\/tags?post=729407"},{"taxonomy":"vendi","embeddable":true,"href":"https:\/\/www.albinfo.at\/de\/wp-json\/wp\/v2\/vendi?post=729407"},{"taxonomy":"content_country","embeddable":true,"href":"https:\/\/www.albinfo.at\/de\/wp-json\/wp\/v2\/content_country?post=729407"}],"curies":[{"name":"wp","href":"https:\/\/api.w.org\/{rel}","templated":true}]}}