{"id":723691,"date":"2024-03-21T01:32:56","date_gmt":"2024-03-21T00:32:56","guid":{"rendered":"https:\/\/www.albinfo.ch\/?p=723691"},"modified":"2024-03-21T01:32:56","modified_gmt":"2024-03-21T00:32:56","slug":"alle-zweifel-bezueglich-antisemitismus-sind-ausgeraeumt-baba-news-kann-die-durchfuehrung-der-kurse-fortsetzen","status":"publish","type":"post","link":"https:\/\/www.albinfo.at\/de\/alle-zweifel-bezueglich-antisemitismus-sind-ausgeraeumt-baba-news-kann-die-durchfuehrung-der-kurse-fortsetzen\/","title":{"rendered":"Alle Zweifel bez\u00fcglich Antisemitismus sind ausger\u00e4umt, &#8220;Baba News&#8221; kann die Durchf\u00fchrung der Kurse fortsetzen"},"content":{"rendered":"<p>&#8220;Baba News&#8221; ist eine Medienplattform, die haupts\u00e4chlich der Information von &#8220;Secondos&#8221; gewidmet ist, wie die Mitglieder der zweiten Generation ausl\u00e4ndischer Staatsb\u00fcrger in der Schweiz im Allgemeinen genannt werden. An der Spitze dieses Portals stehen zwei Frauen albanischer Herkunft: Albina Muhtari (Chefredakteurin) und Merita Shabani (stellvertretende Chefredakteurin), berichtet albinfo.ch.<\/p>\n<p>&nbsp;<\/p>\n<p>Die Redaktion des Online-Portals oder Magazins Baba News wurde k\u00fcrzlich f\u00fcr ihre Berichterstattung \u00fcber den Konflikt im Nahen Osten kritisiert. Tats\u00e4chlich hatte eine Podcast-Episode von &#8220;Baba News&#8221; vom 17. Oktober 2023 heftige Kritik ausgel\u00f6st. Eine Woche sp\u00e4ter ver\u00f6ffentlichte dieses Portal auch einen Rap-Song, der nach Expertenmeinung antisemitische Stereotypen verwendet. Diese beiden Entwicklungen hatten auch Bedenken in der lokalen Politik der Gemeinde und des Kantons Bern ausgel\u00f6st.<\/p>\n<p>&nbsp;<\/p>\n<p>&#8220;Baba News&#8221; bietet auch Kurse gegen Hassrede an, die mit \u00f6ffentlichen Geldern finanziert werden, und zwar f\u00fcr Kinder an Schulen in Bern. Diese Kurse sollen die Sch\u00fcler f\u00fcr Diskriminierung, Rassismus und Antisemitismus sensibilisieren.<\/p>\n<p>&nbsp;<\/p>\n<p>In diesem Zusammenhang hat der Gemeinderat von Bern am 29. Februar 2024 die Frage behandelt: Kann &#8220;Baba News&#8221; seine mit \u00f6ffentlichen Geldern finanzierten Seminare an den Schulen in Bern fortsetzen?<\/p>\n<p>&nbsp;<\/p>\n<p>F\u00fcnf Stadtr\u00e4te von Bern hatten eine Anfrage gestellt, berichtet 20minuten. Sie wollten wissen, an welchen Schulen die Betreiber der Plattform Kurse gegen Hassrede abhalten und was der Gemeinderat von dem Inhalt h\u00e4lt, den &#8220;Baba News&#8221; verbreitet.<\/p>\n<p>&nbsp;<\/p>\n<p>Jetzt ist die Frage gekl\u00e4rt: &#8220;Baba News&#8221; kann die genannten Kurse fortsetzen. &#8220;Baba News&#8221; bedauerte die Verbreitung des Rap-Videos aufgrund der Wirkung, die es hatte, obwohl eine solche Wirkung nicht beabsichtigt war, berichtet albinfo.ch. Auch &#8220;Baba News&#8221; betonte, dass sie so etwas heute nicht tun w\u00fcrden&#8221;, sagt Sven Baumann, Generalsekret\u00e4r des Bildungsdirektorats der Stadt Bern.<\/p>\n<p>&nbsp;<\/p>\n<p>Das Bildungsdirektorat wurde immer f\u00fcr die Kurse der &#8220;Baba Academy&#8221; gelobt, die lange vor dem Vorfall mit dem Rap-Video begonnen wurden: &#8220;Als Medium unterliegt &#8220;Baba News&#8221; der Pressefreiheit. Bei der Entwicklung und Durchf\u00fchrung der Kurse arbeiten die Schulen eng mit ihren Anbietern (von Baba News) zusammen und stellen sicher, dass diese von hoher Qualit\u00e4t sind&#8221;, berichtet albinfo.ch. Das hat bisher immer gut funktioniert&#8221;, sagt Baumann.<\/p>\n<p>&nbsp;<\/p>\n<p><strong>(Bild: Instagram Babanews)<\/strong><\/p>\n","protected":false},"excerpt":{"rendered":"<p>An der Spitze dieses Medienportals stehen zwei Albanerinnen: Albina Muhtari (Chefredakteurin) und Merita Shabani (stellvertretende Chefredakteurin)<\/p>\n","protected":false},"author":6,"featured_media":722147,"comment_status":"closed","ping_status":"closed","sticky":false,"template":"","format":"standard","meta":{"footnotes":""},"categories":[1134,1135,1137,1133],"tags":[],"vendi":[31855],"content_country":[29888,31836,31837],"class_list":["post-723691","post","type-post","status-publish","format-standard","has-post-thumbnail","hentry","category-integration","category-frauen","category-religion","category-e-diaspora-de","vendi-bern-de","content_country-zvicer","content_country-austria-de","content_country-germany-de"],"acf":[],"_links":{"self":[{"href":"https:\/\/www.albinfo.at\/de\/wp-json\/wp\/v2\/posts\/723691","targetHints":{"allow":["GET"]}}],"collection":[{"href":"https:\/\/www.albinfo.at\/de\/wp-json\/wp\/v2\/posts"}],"about":[{"href":"https:\/\/www.albinfo.at\/de\/wp-json\/wp\/v2\/types\/post"}],"author":[{"embeddable":true,"href":"https:\/\/www.albinfo.at\/de\/wp-json\/wp\/v2\/users\/6"}],"replies":[{"embeddable":true,"href":"https:\/\/www.albinfo.at\/de\/wp-json\/wp\/v2\/comments?post=723691"}],"version-history":[{"count":0,"href":"https:\/\/www.albinfo.at\/de\/wp-json\/wp\/v2\/posts\/723691\/revisions"}],"wp:featuredmedia":[{"embeddable":true,"href":"https:\/\/www.albinfo.at\/de\/wp-json\/wp\/v2\/media\/722147"}],"wp:attachment":[{"href":"https:\/\/www.albinfo.at\/de\/wp-json\/wp\/v2\/media?parent=723691"}],"wp:term":[{"taxonomy":"category","embeddable":true,"href":"https:\/\/www.albinfo.at\/de\/wp-json\/wp\/v2\/categories?post=723691"},{"taxonomy":"post_tag","embeddable":true,"href":"https:\/\/www.albinfo.at\/de\/wp-json\/wp\/v2\/tags?post=723691"},{"taxonomy":"vendi","embeddable":true,"href":"https:\/\/www.albinfo.at\/de\/wp-json\/wp\/v2\/vendi?post=723691"},{"taxonomy":"content_country","embeddable":true,"href":"https:\/\/www.albinfo.at\/de\/wp-json\/wp\/v2\/content_country?post=723691"}],"curies":[{"name":"wp","href":"https:\/\/api.w.org\/{rel}","templated":true}]}}