{"id":72251,"date":"2015-01-23T18:02:22","date_gmt":"2015-01-23T17:02:22","guid":{"rendered":"http:\/\/www.albinfo.ch\/?p=72251"},"modified":"2015-01-26T12:06:49","modified_gmt":"2015-01-26T11:06:49","slug":"skenderademi-2-2","status":"publish","type":"post","link":"https:\/\/www.albinfo.at\/de\/skenderademi-2-2\/","title":{"rendered":"Sk\u00ebnder Ademi &#8211; der beliebteste Busfahrer"},"content":{"rendered":"<div class=\"gmail_extra\">\n<div class=\"gmail_quote\">\n<div>Mehr als 60% der Befragten haben Sk\u00ebnder Ademi zum beliebtesten Busfahrer der Region Freising gew\u00e4hlt. Der 45 j\u00e4hrige Kosovare erf\u00fcllt am besten die Vorstellung von einem idealen Busfahrer, der immer hilfsbereit ist und ein L\u00e4cheln auf den Lippen hat. Er hilft \u00e4lteren Damen schon mal beim Tragen der Koffer oder beim Einsteigen. Und daf\u00fcr sind ihm seine Fahrg\u00e4ste dankbar.<\/div>\n<div><\/div>\n<div>700 Fahrg\u00e4ste schlugen Busfahrer von allen Linien ausserhalb der Stadt M\u00fcnchen vor. Ein Jury aus Vertretern der Initiatoren k\u00fcrte dann den Sieger. Dabei waren die Begr\u00fcndungen von besonderer Bedeutung: Freundlichkeit, P\u00fcnktlichkeit, Fahrstil &#8211; Punkte, die den Fahrg\u00e4sten, besonders wichtig sind. Zudem sollte der Busfahrer ein Ansprechpartner in allen Situationen sein. Alles Dinge, die auf Sk\u00ebnder Ademi zutreffen.<\/div>\n<div><\/div>\n<div>Ademi bef\u00e4hrt die Linie 635 von Freising zum Flughafen und ist bei seinen Fahrg\u00e4sten, aber auch bei Flughafenmitarbeitern sehr beliebt. Busfahrer zu sein, ist sein Traumberuf, so Ademi.<\/div>\n<div><\/div>\n<div>Der beliebteste Busfahrer der Region stammt aus Kosova, wo er Maschinenbau studierte. Wegen des Krieges musste er sein Studium abbrechen und nach Deutschland auswandern. Heute lebt er mit seiner Frau und seinen vier Kindern in Freising. Nach mehreren Jobs in der Baubranche ist er nun seit 3 einhalb Jahren Busfahrer. Die Auswahl zum beliebtesten Busfahrer der Region sei eine sehr willkommene Anerkennung seiner Arbeit und seines unerm\u00fcdlichen Einsatzes.<\/div>\n<div class=\"yj6qo ajU\">\n<div id=\":1rv\" class=\"ajR\" tabindex=\"0\" data-tooltip=\"Afficher le contenu abr\u00e9g\u00e9\"><img decoding=\"async\" class=\"ajT\" src=\"https:\/\/ssl.gstatic.com\/ui\/v1\/icons\/mail\/images\/cleardot.gif\" alt=\"\" \/><\/div>\n<\/div>\n<\/div>\n<\/div>\n","protected":false},"excerpt":{"rendered":"<p>Etwa 700 Fahrg\u00e4ste haben zu der Wahl, zu der der M\u00fcnchner Verkehrs- und Tarifverbund und die S\u00fcddeutsche Zeitung aufgerufen haben, beteiligt.<\/p>\n","protected":false},"author":4,"featured_media":72073,"comment_status":"open","ping_status":"open","sticky":false,"template":"","format":"standard","meta":{"footnotes":""},"categories":[1134,1133],"tags":[1394],"vendi":[],"content_country":[],"class_list":["post-72251","post","type-post","status-publish","format-standard","has-post-thumbnail","hentry","category-integration","category-e-diaspora-de","tag-gjermani-de"],"acf":[],"_links":{"self":[{"href":"https:\/\/www.albinfo.at\/de\/wp-json\/wp\/v2\/posts\/72251","targetHints":{"allow":["GET"]}}],"collection":[{"href":"https:\/\/www.albinfo.at\/de\/wp-json\/wp\/v2\/posts"}],"about":[{"href":"https:\/\/www.albinfo.at\/de\/wp-json\/wp\/v2\/types\/post"}],"author":[{"embeddable":true,"href":"https:\/\/www.albinfo.at\/de\/wp-json\/wp\/v2\/users\/4"}],"replies":[{"embeddable":true,"href":"https:\/\/www.albinfo.at\/de\/wp-json\/wp\/v2\/comments?post=72251"}],"version-history":[{"count":0,"href":"https:\/\/www.albinfo.at\/de\/wp-json\/wp\/v2\/posts\/72251\/revisions"}],"wp:featuredmedia":[{"embeddable":true,"href":"https:\/\/www.albinfo.at\/de\/wp-json\/wp\/v2\/media\/72073"}],"wp:attachment":[{"href":"https:\/\/www.albinfo.at\/de\/wp-json\/wp\/v2\/media?parent=72251"}],"wp:term":[{"taxonomy":"category","embeddable":true,"href":"https:\/\/www.albinfo.at\/de\/wp-json\/wp\/v2\/categories?post=72251"},{"taxonomy":"post_tag","embeddable":true,"href":"https:\/\/www.albinfo.at\/de\/wp-json\/wp\/v2\/tags?post=72251"},{"taxonomy":"vendi","embeddable":true,"href":"https:\/\/www.albinfo.at\/de\/wp-json\/wp\/v2\/vendi?post=72251"},{"taxonomy":"content_country","embeddable":true,"href":"https:\/\/www.albinfo.at\/de\/wp-json\/wp\/v2\/content_country?post=72251"}],"curies":[{"name":"wp","href":"https:\/\/api.w.org\/{rel}","templated":true}]}}