{"id":704443,"date":"2024-01-05T20:00:51","date_gmt":"2024-01-05T19:00:51","guid":{"rendered":"https:\/\/www.albinfo.ch\/?p=704443"},"modified":"2024-01-08T21:15:12","modified_gmt":"2024-01-08T20:15:12","slug":"oesterreichische-persoenlichkeiten-gratulieren-den-kosovaren-zur-visaliberalisierung","status":"publish","type":"post","link":"https:\/\/www.albinfo.at\/de\/oesterreichische-persoenlichkeiten-gratulieren-den-kosovaren-zur-visaliberalisierung\/","title":{"rendered":"\u00d6sterreichische Pers\u00f6nlichkeiten gratulieren den Kosovaren zur Visaliberalisierung"},"content":{"rendered":"<p>Endlich ist es so weit!!! Der j\u00fcngste Staat Europas r\u00fcckt ein St\u00fcck n\u00e4her der Europ\u00e4ischen Union.<\/p>\n<p>Mit der Freigabe von Visa und dem freien Reisen in Europa stellt Kosovo einen gro\u00dfen Erfolg dar, da der Liberalisierungsprozess trotz der Tatsache, dass Kosovo seine Hausaufgaben stets gut gemacht hat, so lange gedauert hat.<\/p>\n<p>W\u00e4hrend es nur noch wenige Tage bis zur Visaliberalisierung f\u00fcr Kosovaren sind, hat albinfo.at die Botschaften mehrerer \u00f6sterreichischer Pers\u00f6nlichkeiten und Politiker erhalten, die \u00fcber die Jahre hinweg einen gro\u00dfen Beitrag zu diesem Prozess geleistet haben.<\/p>\n<p><a href=\"https:\/\/www.albinfo.ch\/wp-content\/uploads\/2024\/01\/ulrike-lunacek.jpg\"><img loading=\"lazy\" decoding=\"async\" class=\"alignnone wp-image-704425\" src=\"https:\/\/www.albinfo.ch\/wp-content\/uploads\/2024\/01\/ulrike-lunacek.jpg\" alt=\"\" width=\"600\" height=\"600\" srcset=\"https:\/\/www.albinfo.at\/wp-content\/uploads\/2024\/01\/ulrike-lunacek.jpg 1365w, https:\/\/www.albinfo.at\/wp-content\/uploads\/2024\/01\/ulrike-lunacek-300x300.jpg 300w, https:\/\/www.albinfo.at\/wp-content\/uploads\/2024\/01\/ulrike-lunacek-1024x1024.jpg 1024w, https:\/\/www.albinfo.at\/wp-content\/uploads\/2024\/01\/ulrike-lunacek-150x150.jpg 150w, https:\/\/www.albinfo.at\/wp-content\/uploads\/2024\/01\/ulrike-lunacek-768x768.jpg 768w, https:\/\/www.albinfo.at\/wp-content\/uploads\/2024\/01\/ulrike-lunacek-396x396.jpg 396w, https:\/\/www.albinfo.at\/wp-content\/uploads\/2024\/01\/ulrike-lunacek-280x280.jpg 280w, https:\/\/www.albinfo.at\/wp-content\/uploads\/2024\/01\/ulrike-lunacek-100x100.jpg 100w, https:\/\/www.albinfo.at\/wp-content\/uploads\/2024\/01\/ulrike-lunacek-175x175.jpg 175w\" sizes=\"auto, (max-width: 600px) 100vw, 600px\" \/><\/a><\/p>\n<p>&nbsp;<\/p>\n<p><strong>Ulrike Lunacek \u2013 Ehren Berichterstatterin des Europaparlaments f\u00fcr den Kosovo <\/strong><\/p>\n<p>\u201eEndlich ist es soweit: Willkommen an alle B\u00fcrgerinnen und B\u00fcrger des Kosovo! Ab 1. J\u00e4nner k\u00f6nnen Sie nun endlich, alleine oder mit Ihrer Familie und\/oder Freund:innen, f\u00fcr drei Monate in alle L\u00e4nder der EU reisen, frei und ohne Visum!<\/p>\n<p>Ich wei\u00df, es hat viel zu lange gedauert &#8211; einige Mitgliedsstaaten der EU haben zu lange gez\u00f6gert, obwohl das Europaparlament (mit mir in meiner damaligen Funktion als Kosovo-Berichterstatterin) wie auch die Europ\u00e4ische Kommission schon vor vielen Jahren gr\u00fcnes Licht gegeben hatten. Aber jetzt ist es so weit:<\/p>\n<p>Sie k\u00f6nnen Ihre Verwandten und Freunde wie Freundinnen besuchen;<\/p>\n<p>Sie k\u00f6nnen in St\u00e4dte, die Sie schon lange kennenlernen wollten, reisen;<\/p>\n<p>Sie k\u00f6nnen Leute treffen, mit denen Sie \u00fcbers Internet in Kontakt sind;<\/p>\n<p>oder Sie k\u00f6nnen einfach in die EU reisen, um zu sehen, ob diese innerhalb der EU die Versprechungen, die sie macht, einh\u00e4lt &#8211; oder auch, so wie bei der Visaliberalisierung, viel l\u00e4nger als versprochen f\u00fcr die Umsetzung braucht.<\/p>\n<p>Ich w\u00fcnsche Ihnen auf jeden Fall viel Freude und gute Begegnungen bei Ihren visafreien Reisen in die Mitgliedsl\u00e4nder der Union &#8211; und m\u00f6ge Ihnen das Neue Jahr 2024 auch Gl\u00fcck, Gesundheit und Erfolg bringen!\u201c<\/p>\n<p><a href=\"https:\/\/www.albinfo.ch\/wp-content\/uploads\/2024\/01\/andreas-schieder-scaled.jpg\"><img loading=\"lazy\" decoding=\"async\" class=\"alignnone wp-image-704428\" src=\"https:\/\/www.albinfo.ch\/wp-content\/uploads\/2024\/01\/andreas-schieder-scaled.jpg\" alt=\"\" width=\"600\" height=\"400\" srcset=\"https:\/\/www.albinfo.at\/wp-content\/uploads\/2024\/01\/andreas-schieder-scaled.jpg 2560w, https:\/\/www.albinfo.at\/wp-content\/uploads\/2024\/01\/andreas-schieder-300x200.jpg 300w, https:\/\/www.albinfo.at\/wp-content\/uploads\/2024\/01\/andreas-schieder-1024x683.jpg 1024w, https:\/\/www.albinfo.at\/wp-content\/uploads\/2024\/01\/andreas-schieder-768x512.jpg 768w, https:\/\/www.albinfo.at\/wp-content\/uploads\/2024\/01\/andreas-schieder-1536x1024.jpg 1536w, https:\/\/www.albinfo.at\/wp-content\/uploads\/2024\/01\/andreas-schieder-2048x1365.jpg 2048w, https:\/\/www.albinfo.at\/wp-content\/uploads\/2024\/01\/andreas-schieder-210x141.jpg 210w, https:\/\/www.albinfo.at\/wp-content\/uploads\/2024\/01\/andreas-schieder-587x391.jpg 587w, https:\/\/www.albinfo.at\/wp-content\/uploads\/2024\/01\/andreas-schieder-150x100.jpg 150w, https:\/\/www.albinfo.at\/wp-content\/uploads\/2024\/01\/andreas-schieder-263x175.jpg 263w\" sizes=\"auto, (max-width: 600px) 100vw, 600px\" \/><\/a><\/p>\n<p><strong>Andreas Schieder \u2013 Delegationsleiter der SP\u00d6 im EU-Parlament<\/strong><\/p>\n<p>&#8220;Kosovo ist Europa und sein zu Hause ist in der EU. Dieses Ziel hei\u00dft es vor Augen zu behalten, selbst in schwierigen Zeiten wie diesen. Die EU muss an der Seite Kosovos stehen und ihre Vermittlerrolle ernst nehmen. Zentrale Bedeutung kommt dem Normalisierungsabkommen zwischen Kosovo und Serbien, und dessen vollst\u00e4ndiger Umsetzung zu. Das Abkommen zur Visaliberalisierung war \u00fcberf\u00e4llig und ein ganz wichtiger Schritt, f\u00fcr den ich im Europaparlament gek\u00e4mpft habe.&#8221;<\/p>\n<p><a href=\"https:\/\/www.albinfo.ch\/wp-content\/uploads\/2024\/01\/kati-schneeberger.jpg\"><img loading=\"lazy\" decoding=\"async\" class=\"alignnone wp-image-704431\" src=\"https:\/\/www.albinfo.ch\/wp-content\/uploads\/2024\/01\/kati-schneeberger.jpg\" alt=\"\" width=\"600\" height=\"600\" srcset=\"https:\/\/www.albinfo.at\/wp-content\/uploads\/2024\/01\/kati-schneeberger.jpg 1825w, https:\/\/www.albinfo.at\/wp-content\/uploads\/2024\/01\/kati-schneeberger-300x300.jpg 300w, https:\/\/www.albinfo.at\/wp-content\/uploads\/2024\/01\/kati-schneeberger-1024x1024.jpg 1024w, https:\/\/www.albinfo.at\/wp-content\/uploads\/2024\/01\/kati-schneeberger-150x150.jpg 150w, https:\/\/www.albinfo.at\/wp-content\/uploads\/2024\/01\/kati-schneeberger-768x768.jpg 768w, https:\/\/www.albinfo.at\/wp-content\/uploads\/2024\/01\/kati-schneeberger-1536x1536.jpg 1536w, https:\/\/www.albinfo.at\/wp-content\/uploads\/2024\/01\/kati-schneeberger-396x396.jpg 396w, https:\/\/www.albinfo.at\/wp-content\/uploads\/2024\/01\/kati-schneeberger-280x280.jpg 280w, https:\/\/www.albinfo.at\/wp-content\/uploads\/2024\/01\/kati-schneeberger-100x100.jpg 100w, https:\/\/www.albinfo.at\/wp-content\/uploads\/2024\/01\/kati-schneeberger-175x175.jpg 175w\" sizes=\"auto, (max-width: 600px) 100vw, 600px\" \/><\/a><\/p>\n<p><strong>\u00a0<\/strong><strong>Kati Schneeberger &#8211; <\/strong><strong>Pr\u00e4sidentin von Vienna goes Europe<\/strong><\/p>\n<p>\u201eEndlich endet die Isolation der Menschen im Kosovo und auch sie k\u00f6nnen die EU visafrei bereisen und seine Vielfalt erkunden. So kann Europa weiter zusammenwachsen.\u201c<\/p>\n<p><a href=\"https:\/\/www.albinfo.ch\/wp-content\/uploads\/2024\/01\/robert-pichler.jpg\"><img loading=\"lazy\" decoding=\"async\" class=\"alignnone wp-image-704435\" src=\"https:\/\/www.albinfo.ch\/wp-content\/uploads\/2024\/01\/robert-pichler.jpg\" alt=\"\" width=\"600\" height=\"480\" srcset=\"https:\/\/www.albinfo.at\/wp-content\/uploads\/2024\/01\/robert-pichler.jpg 768w, https:\/\/www.albinfo.at\/wp-content\/uploads\/2024\/01\/robert-pichler-300x240.jpg 300w, https:\/\/www.albinfo.at\/wp-content\/uploads\/2024\/01\/robert-pichler-495x396.jpg 495w, https:\/\/www.albinfo.at\/wp-content\/uploads\/2024\/01\/robert-pichler-125x100.jpg 125w, https:\/\/www.albinfo.at\/wp-content\/uploads\/2024\/01\/robert-pichler-219x175.jpg 219w\" sizes=\"auto, (max-width: 600px) 100vw, 600px\" \/><\/a><\/p>\n<p><strong>\u00a0<\/strong><strong>Robert Pichler \u2013 Der \u00d6sterreichische Albanologe <\/strong><\/p>\n<p>\u201eEs wurde Zeit, dass diese himmelschreiende Ungerechtigkeit endlich beseitigt wurde! Es ist sehr wichtig, dass die B\u00fcrgerinnen der Republik Kosovo mit der gleichen Leichtigkeit nach EU-Europa reisen k\u00f6nnen, wie in die T\u00fcrkei. Da in der Frage der Anerkennung der Unabh\u00e4ngigkeit des Kosovo leider keine Einigung in Sicht ist, hoffe ich, dass die EU alternative Wege findet, Kosovo rasch an die EU heranzuf\u00fchren um Demokratie, Rechtsstaatlichkeit und Menschenrechte zu konsolidiert und die Ungleichheit innerhalb Europas zu \u00fcberwinden.\u201c<\/p>\n<p><a href=\"https:\/\/www.albinfo.ch\/wp-content\/uploads\/2024\/01\/gunther-fehlinger.jpg\"><img loading=\"lazy\" decoding=\"async\" class=\"alignnone wp-image-704438\" src=\"https:\/\/www.albinfo.ch\/wp-content\/uploads\/2024\/01\/gunther-fehlinger.jpg\" alt=\"\" width=\"600\" height=\"360\" srcset=\"https:\/\/www.albinfo.at\/wp-content\/uploads\/2024\/01\/gunther-fehlinger.jpg 600w, https:\/\/www.albinfo.at\/wp-content\/uploads\/2024\/01\/gunther-fehlinger-300x180.jpg 300w, https:\/\/www.albinfo.at\/wp-content\/uploads\/2024\/01\/gunther-fehlinger-587x352.jpg 587w, https:\/\/www.albinfo.at\/wp-content\/uploads\/2024\/01\/gunther-fehlinger-167x100.jpg 167w, https:\/\/www.albinfo.at\/wp-content\/uploads\/2024\/01\/gunther-fehlinger-265x159.jpg 265w\" sizes=\"auto, (max-width: 600px) 100vw, 600px\" \/><\/a><\/p>\n<p><strong>\u00a0<\/strong><strong>Gunther Fehlinger\u2013 Mitglied \u00d6sterreichisch \u2013 Kosovarische Freundschaftsgesellschaft <\/strong><\/p>\n<p>\u201eDie Kosovo Visa-Liberalisierung ist ein historisches Ereignis das leider ein Jahrzehnt zu sp\u00e4t kommt. Ich entschuldige mich f\u00fcr dieses Versagen bei den Europ\u00e4ern aus dem Kosovo. Die einzige sinnvolle und gerechtfertigte Form der Entschuldigung ist nun die schnelle Afsnahme in die EU am 1ten Mai 2029. Vorher und wichtiger ist die Aufnahme des Kosovo in die NATO 2024 als Antwort auf den Horror und Terror Serbiens gegen den Kosovo in Banjska am 24 September 2023. Das Motto f\u00fcr das n\u00e4chste Jahrzehnt der EU-Integration muss nun die Gleichheit zwischen dem Kosovo und \u00d6sterreich sein, beide gemeinsam sicher in der NATO und gleichberechtigt als EU-Mitglieder und B\u00fcrger 2029.\u201c<\/p>\n","protected":false},"excerpt":{"rendered":"<p>Albinfo.at hat die Botschaften mehrerer \u00f6sterreichischer Pers\u00f6nlichkeiten und Politiker erhalten, die im Laufe der Jahre einen gro\u00dfen Beitrag zur Visaliberalisierung f\u00fcr die B\u00fcrger des Kosovo geleistet haben.<\/p>\n","protected":false},"author":34,"featured_media":704422,"comment_status":"closed","ping_status":"closed","sticky":false,"template":"","format":"standard","meta":{"footnotes":""},"categories":[23263,24636,22803,23120,23124,23262,1133],"tags":[],"vendi":[],"content_country":[29888,31836,31837],"class_list":["post-704443","post","type-post","status-publish","format-standard","has-post-thumbnail","hentry","category-kosova-de-2","category-nachrichten-de-4","category-leben-in-osterreich-de","category-nachrichten","category-thematisch","category-at-balkani-de","category-e-diaspora-de","content_country-zvicer","content_country-austria-de","content_country-germany-de"],"acf":[],"_links":{"self":[{"href":"https:\/\/www.albinfo.at\/de\/wp-json\/wp\/v2\/posts\/704443","targetHints":{"allow":["GET"]}}],"collection":[{"href":"https:\/\/www.albinfo.at\/de\/wp-json\/wp\/v2\/posts"}],"about":[{"href":"https:\/\/www.albinfo.at\/de\/wp-json\/wp\/v2\/types\/post"}],"author":[{"embeddable":true,"href":"https:\/\/www.albinfo.at\/de\/wp-json\/wp\/v2\/users\/34"}],"replies":[{"embeddable":true,"href":"https:\/\/www.albinfo.at\/de\/wp-json\/wp\/v2\/comments?post=704443"}],"version-history":[{"count":0,"href":"https:\/\/www.albinfo.at\/de\/wp-json\/wp\/v2\/posts\/704443\/revisions"}],"wp:featuredmedia":[{"embeddable":true,"href":"https:\/\/www.albinfo.at\/de\/wp-json\/wp\/v2\/media\/704422"}],"wp:attachment":[{"href":"https:\/\/www.albinfo.at\/de\/wp-json\/wp\/v2\/media?parent=704443"}],"wp:term":[{"taxonomy":"category","embeddable":true,"href":"https:\/\/www.albinfo.at\/de\/wp-json\/wp\/v2\/categories?post=704443"},{"taxonomy":"post_tag","embeddable":true,"href":"https:\/\/www.albinfo.at\/de\/wp-json\/wp\/v2\/tags?post=704443"},{"taxonomy":"vendi","embeddable":true,"href":"https:\/\/www.albinfo.at\/de\/wp-json\/wp\/v2\/vendi?post=704443"},{"taxonomy":"content_country","embeddable":true,"href":"https:\/\/www.albinfo.at\/de\/wp-json\/wp\/v2\/content_country?post=704443"}],"curies":[{"name":"wp","href":"https:\/\/api.w.org\/{rel}","templated":true}]}}