{"id":703655,"date":"2024-01-02T11:00:26","date_gmt":"2024-01-02T10:00:26","guid":{"rendered":"https:\/\/www.albinfo.ch\/?p=703655"},"modified":"2024-01-04T00:31:32","modified_gmt":"2024-01-03T23:31:32","slug":"lukas-mandl-visa-liberalisierung-ist-kein-geschenk-sie-haben-es-verdient","status":"publish","type":"post","link":"https:\/\/www.albinfo.at\/de\/lukas-mandl-visa-liberalisierung-ist-kein-geschenk-sie-haben-es-verdient\/","title":{"rendered":"Lukas Mandl: \u201eVisa-Liberalisierung ist kein Geschenk, Sie haben es verdient\u201c"},"content":{"rendered":"<p>Der \u00f6sterreichische Europaabgeordnete Lukas Mandl sprach in einem exklusiven Interview von \u201ealbinfo.at\u201c \u00fcber die Visafreiheit, die Hindernisse und die langen Wartezeiten, denen Kosovaren auf dieser Reise bis zur L\u00f6sung dieser Angelegenheit ausgesetzt waren.<\/p>\n<p>Er sagt, dass die Kosovaren keinen Grund h\u00e4tten, die Visafreiheit zum Jubeln, denn seiner Meinung nach sei die Liberalisierung kein Geschenk, sondern ein Verdienst durch die Umsetzung vieler Reformen und die Erf\u00fcllung vieler Kriterien.<\/p>\n<p>Anschlie\u00dfend spricht Mandl auch \u00fcber den Dialog zwischen Kosovo und Serbien sowie seine Kandidatur \u00fcber die Wahlen zum Europ\u00e4ischen Parlament die im Juni 2024 stattfinden werden.<\/p>\n<p><strong>\u00a0<\/strong><strong>Albinfo.at: Kosovaren haben leider keine eigenen Vertreter im EU-Parlament, aber Sie waren immer schon ein Sprachrohr der Kosovaren ins europ\u00e4ischer Parlament, insbesondere in der Frage der Visa-Liberalisierung f\u00fcr den Kosovo, f\u00fcr die Sie sich jahrelang eingsetzt haben. <\/strong><\/p>\n<p><strong>Endlich werden die Kosovaren ab dem 1. Januar 2024 ohne Visum reisen. Wie f\u00fchlen Sie sich und was ist Ihr Kommentar dazu?<\/strong><\/p>\n<p><strong>Mandl:<\/strong> Es ist kein Grund zum Jubeln. Denn die Visafreiheit kommt mit gro\u00dfer Versp\u00e4tung. Die Kriterien waren schon vor sieben Jahren erf\u00fcllt. Und der Kosovo hatte mehr Kriterien zu erf\u00fcllen als andere Staaten. Die B\u00fcrgerinnen und B\u00fcrger anderer Westbalkan-Staaten reisen ja schon lange visafrei. Leider waren die Verz\u00f6gerungen in der EU, die von einer kleinen Minderheit an Mitgliedsstaaten verursacht worden waren, ein Beispiel daf\u00fcr, dass es dem j\u00fcngsten Staat Europas, die Republik Kosovo, besonders schwer gemacht wird. Ich verhehle auch nicht meine Wahrnehmung, dass der Beginn von Putin-Russlands Angriffskrieg vielen erst die Augen daf\u00fcr ge\u00f6ffnet hat, welche Art von irrationalem Hass es auch in Europa noch gibt. Das hat dazu gef\u00fchrt, dass Menschen guten Willens st\u00e4rker zusammenhalten, und dass man auch den Beitrag des Kosovo zur Zivilisation des politischen Westens mehr zu sch\u00e4tzen wei\u00df.<\/p>\n<figure id=\"attachment_703633\" aria-describedby=\"caption-attachment-703633\" style=\"width: 600px\" class=\"wp-caption alignnone\"><a href=\"https:\/\/www.albinfo.ch\/wp-content\/uploads\/2024\/01\/credit-buero-lukas-mandl-2.jpg\"><img loading=\"lazy\" decoding=\"async\" class=\"wp-image-703633\" src=\"https:\/\/www.albinfo.ch\/wp-content\/uploads\/2024\/01\/credit-buero-lukas-mandl-2.jpg\" alt=\"\" width=\"600\" height=\"337\" srcset=\"https:\/\/www.albinfo.at\/wp-content\/uploads\/2024\/01\/credit-buero-lukas-mandl-2.jpg 1076w, https:\/\/www.albinfo.at\/wp-content\/uploads\/2024\/01\/credit-buero-lukas-mandl-2-300x169.jpg 300w, https:\/\/www.albinfo.at\/wp-content\/uploads\/2024\/01\/credit-buero-lukas-mandl-2-1024x576.jpg 1024w, https:\/\/www.albinfo.at\/wp-content\/uploads\/2024\/01\/credit-buero-lukas-mandl-2-768x432.jpg 768w, https:\/\/www.albinfo.at\/wp-content\/uploads\/2024\/01\/credit-buero-lukas-mandl-2-182x101.jpg 182w, https:\/\/www.albinfo.at\/wp-content\/uploads\/2024\/01\/credit-buero-lukas-mandl-2-790x443.jpg 790w, https:\/\/www.albinfo.at\/wp-content\/uploads\/2024\/01\/credit-buero-lukas-mandl-2-587x330.jpg 587w, https:\/\/www.albinfo.at\/wp-content\/uploads\/2024\/01\/credit-buero-lukas-mandl-2-178x100.jpg 178w, https:\/\/www.albinfo.at\/wp-content\/uploads\/2024\/01\/credit-buero-lukas-mandl-2-265x149.jpg 265w\" sizes=\"auto, (max-width: 600px) 100vw, 600px\" \/><\/a><figcaption id=\"caption-attachment-703633\" class=\"wp-caption-text\">Photo Credits: Buero<\/figcaption><\/figure>\n<p><strong>Albinfo.at: Kosovo war jahrzehntelang das einzige Land in Europa, das keine Visa Liberalisierung hatte. Was war Ihrer Meinung nach ein Hindernis oder was hat Kosovo in all den Jahren verurteilt?<\/strong><\/p>\n<p><strong>Mandl:<\/strong> Die kleine Minderheit an Mitgliedsstaaten, die den Kosovo noch immer nicht anerkennen, ignorieren manchmal politisch die Existenz des Kosovo. Das ist vielleicht in manchen Lagen bequem f\u00fcr sie, aber es ist grundfalsch. Nach Beginn des Angriffskriegs Putin-Russlands ist es kaum noch m\u00f6glich, zu ignorieren, wer auf welcher Seite steht.<\/p>\n<p><strong>Albinfo.at: Wurde dem Staat Kosovo und insbesondere seinen B\u00fcrgern Unrecht zugef\u00fcgt?<\/strong><\/p>\n<p><strong>Mandl:<\/strong> Nicht im rechtlichen Sinn; aber im politischen Sinn war es ungerecht, dass die B\u00fcrgerinnen und B\u00fcrger des Kosovo l\u00e4nger warten mussten als andere.<\/p>\n<p><strong>Albinfo.at: Neben den Bef\u00fcrwortern der Visaliberalisierung f\u00fcr Kosovaren gab es auch Gegenstimmen und Reaktionen. Was waren die Gr\u00fcnde f\u00fcr das Z\u00f6gern einiger EU-Abgeordneter, die gegen die Visaliberalisierung f\u00fcr den Kosovo waren, und wie wurden diese Skeptiker davon \u00fcberzeugt, f\u00fcr die Liberalisierung zu stimmen?<\/strong><\/p>\n<p><strong>Mandl:<\/strong> Es wurden nicht alle \u00fcberzeugt. Die EU basiert ja auf drei Institutionen: dem Europ\u00e4ischen Parlament, dem Rat der mitgliedsstaatlichen Regierungen und der Kommission. Das Europ\u00e4ische Parlament ist direkt gew\u00e4hlt, es spricht demokratisch legitimiert f\u00fcr die Unionsb\u00fcrgerinnen und -b\u00fcrger. Es war schon lange mit Mehrheit f\u00fcr die Visaliberalisierung f\u00fcr die Kosovarinnen und Kosovaren gewesen. Die EU-Kommission hatte dann vor sieben die Erf\u00fcllung der fast 100 Kriterien durch den Kosovo best\u00e4tigt. Aber unter den mitgliedsstaatichen Regierungen hat eine kleine Minderheit blockiert.<\/p>\n<p>Die Betroffenen wissen, dass sie gemeint sind, und werden hoffentlich auch in zuk\u00fcnftigen Fragen das Gemeinsame \u00fcber das Trennende stellen und ihre Blockadehaltung gegen\u00fcber Europas j\u00fcngstem Staat \u00fcberdenken.<\/p>\n<p><strong>Albinfo.at: Was hat konkret eine positive Entscheidung zur Visaliberalisierung beeinflusst?<\/strong><\/p>\n<p>Mandl: Die Zeitenwende, wie der deutsche Kanzler den Einschnitt durch den Beginn von Putin-Russlands Angriffskrieg bezeichnet hat, hat zu vielen guten Anf\u00e4ngen gef\u00fchrt. Es waren nur Anf\u00e4nge, das ist alles noch nicht nachhaltig. Aber der Kosovo h\u00e4tte noch immer keine Visafreiheit ohne die Zeitenwende, Bosnien und Herzegowina, die Ukraine und die Republik Moldau h\u00e4tten keinen Kandidatenstatus, D\u00e4nemark w\u00e4re nicht als letzter Mitgliedsstaat der Gemeinsamen Sicherheits- und Verteidigungspolitik der EU beigetreten, Finnland und Schweden h\u00e4tten sich nicht in die NATO bewegt. Wollen wir hoffen, dass aus den vielen guten Anf\u00e4ngen ein stetiger Zusammenhalt der Zivilisation der Menschenw\u00fcrde und der Freiheitsrechte, der Demokratie und der Rechtsstaatlichkeit wird, und dass immer mehr Menschen unter menschenw\u00fcrdigen Bedingungen leben werden. Aber aus dieser Hoffnung musst konkretes Engagement werden: Wir m\u00fcssen daran arbeiten!<\/p>\n<figure id=\"attachment_703638\" aria-describedby=\"caption-attachment-703638\" style=\"width: 600px\" class=\"wp-caption alignnone\"><a href=\"https:\/\/www.albinfo.ch\/wp-content\/uploads\/2024\/01\/lukas-mandl_credit-m.-lahousse-2.jpg\"><img loading=\"lazy\" decoding=\"async\" class=\"wp-image-703638\" src=\"https:\/\/www.albinfo.ch\/wp-content\/uploads\/2024\/01\/lukas-mandl_credit-m.-lahousse-2.jpg\" alt=\"\" width=\"600\" height=\"400\" srcset=\"https:\/\/www.albinfo.at\/wp-content\/uploads\/2024\/01\/lukas-mandl_credit-m.-lahousse-2.jpg 1500w, https:\/\/www.albinfo.at\/wp-content\/uploads\/2024\/01\/lukas-mandl_credit-m.-lahousse-2-300x200.jpg 300w, https:\/\/www.albinfo.at\/wp-content\/uploads\/2024\/01\/lukas-mandl_credit-m.-lahousse-2-1024x683.jpg 1024w, https:\/\/www.albinfo.at\/wp-content\/uploads\/2024\/01\/lukas-mandl_credit-m.-lahousse-2-768x512.jpg 768w, https:\/\/www.albinfo.at\/wp-content\/uploads\/2024\/01\/lukas-mandl_credit-m.-lahousse-2-210x141.jpg 210w, https:\/\/www.albinfo.at\/wp-content\/uploads\/2024\/01\/lukas-mandl_credit-m.-lahousse-2-587x391.jpg 587w, https:\/\/www.albinfo.at\/wp-content\/uploads\/2024\/01\/lukas-mandl_credit-m.-lahousse-2-150x100.jpg 150w, https:\/\/www.albinfo.at\/wp-content\/uploads\/2024\/01\/lukas-mandl_credit-m.-lahousse-2-263x175.jpg 263w\" sizes=\"auto, (max-width: 600px) 100vw, 600px\" \/><\/a><figcaption id=\"caption-attachment-703638\" class=\"wp-caption-text\">Photo Credits: M.Lahousse<\/figcaption><\/figure>\n<p><strong>Albinfo.at: Auch heute gibt es weiterhin Stimmen dagegen, die behaupten, dass es zu einer Massenflucht von B\u00fcrgern aus dem Kosovo in EU-L\u00e4nder kommen werde. Wie sehen Sie das?<\/strong><\/p>\n<p><strong>Mandl:<\/strong> Das glaube ich nicht. Es muss jede und jeder im Kosovo wissen, dass visafreies Reisen nichts mit einer Arbeitsbewilligung zu tun hat. Das ist eine ganz andere Sache. Aber die Visafreiheit wird die guten menschlichen Beziehungen zwischen Menschen in der heutigen EU und jenen im Kosovo noch vertiefen. Arbeitsmigration wird vor allem von Deutschland, aber auch von anderen Staaten, zum Nutzen der Wirtschaft im eigenen Land, betrieben. Das ist auch legitim, aber es ist nicht gut f\u00fcr den Kosovo. Kosovarinnen und Kosovaren sind bildungshungrig und arbeiten hart. Ich w\u00fcnsche dem Kosovo, dass viele junge Kosovarinnen und Kosovaren zuhause anpacken. Und schlie\u00dflich macht der Kosovo nur etwa zehn Prozent der Bev\u00f6lkerung des Westbalkan aus. rund 90 Prozent haben schon lange Visafreiheit, und auch hier kann keine Rede von Massenflucht sein.<\/p>\n<p><strong>Albinfo.at: Herr Mandl, die Gespr\u00e4che zwischen Kosovo und Serbien weisen derzeit keine nennenswerte Entwicklung auf. Was w\u00e4re Ihrer Meinung nach die beste L\u00f6sung?<\/strong><\/p>\n<p><strong>Mandl:<\/strong> Serbien muss den Kosovo anerkennen. Serbische Kinder geh\u00f6ren in den Schulen \u00fcber Kriegsverbrechen aufgekl\u00e4rt. Traumata in beiden Staaten geh\u00f6ren \u00fcberwunden. Es braucht aktive Arbeit am Frieden. Serbien muss sich dessen bewusst werden, dass es selbst eine gute Zukunft hat, wenn es mit seinen Nachbarstaaten kooperiert, statt diese st\u00e4ndig zu drangsalieren. Viele Menschen in Serbien sehen das auch so. Aber noch hat das Vucic-Regime den Staat fest im Griff und die Gesellschaft weitgehend unter Kontrolle; aber die Zivilgesellschaft erwacht. Die patriotischen Menschen in Serbien, die eine gute Zukunft f\u00fcr ihr Land wollen, m\u00fcssen wir als Partner sehen. Der EU-Dialog war gut gemeint, aber Vucic spricht au\u00dferhalb des Dialogs eine andere Sprache als im Dialog. Die kosovarische Seite k\u00f6nnte den Dialog aber n\u00fctzen, um ihr eigenes Konzept f\u00fcr die Zukunft auf den Tisch zu legen. Daran k\u00f6nnte dann niemand so leicht vorbei.<\/p>\n<p><strong>Albinfo.at: In einem Interview habe ich gelesen, dass Sie gesagt haben, dass die EU mit der Visaliberalisierung f\u00fcr Kosovo den Dialog zwischen Kosovo und Serbien vorantreiben wird. Ist dies jetzt nach der Liberalisierung zu erwarten?<\/strong><\/p>\n<p><strong>Mandl:<\/strong> Daran kann ich mich zwar nicht erinnern, aber vielleicht wurde das so zitiert. Jedenfalls darf die Visafreiheit nicht als Geschenk an den Kosovo gesehen werden. Denn die Kosovarinnen und Kosovaren haben viel daf\u00fcr getan: sie haben Reformen durchgezogen, Kriterien erf\u00fcllt, und viel Geduld bewiesen. Der Dialog muss sowieso weitergehen, und ich freue mich \u00fcber die Unterst\u00fctzung des EU-gef\u00fchrten Dialogs durch die aktuelle US-Administation. Aber die Agenda des Dialogs muss klarer und die Ergebnisse m\u00fcssen konkreter werden.<\/p>\n<figure id=\"attachment_703644\" aria-describedby=\"caption-attachment-703644\" style=\"width: 600px\" class=\"wp-caption alignnone\"><a href=\"https:\/\/www.albinfo.ch\/wp-content\/uploads\/2024\/01\/lukas-mandl_credit-s.-tzovaras.jpg\"><img loading=\"lazy\" decoding=\"async\" class=\"wp-image-703644\" src=\"https:\/\/www.albinfo.ch\/wp-content\/uploads\/2024\/01\/lukas-mandl_credit-s.-tzovaras.jpg\" alt=\"\" width=\"600\" height=\"400\" srcset=\"https:\/\/www.albinfo.at\/wp-content\/uploads\/2024\/01\/lukas-mandl_credit-s.-tzovaras.jpg 1500w, https:\/\/www.albinfo.at\/wp-content\/uploads\/2024\/01\/lukas-mandl_credit-s.-tzovaras-300x200.jpg 300w, https:\/\/www.albinfo.at\/wp-content\/uploads\/2024\/01\/lukas-mandl_credit-s.-tzovaras-1024x683.jpg 1024w, https:\/\/www.albinfo.at\/wp-content\/uploads\/2024\/01\/lukas-mandl_credit-s.-tzovaras-768x512.jpg 768w, https:\/\/www.albinfo.at\/wp-content\/uploads\/2024\/01\/lukas-mandl_credit-s.-tzovaras-210x141.jpg 210w, https:\/\/www.albinfo.at\/wp-content\/uploads\/2024\/01\/lukas-mandl_credit-s.-tzovaras-587x391.jpg 587w, https:\/\/www.albinfo.at\/wp-content\/uploads\/2024\/01\/lukas-mandl_credit-s.-tzovaras-150x100.jpg 150w, https:\/\/www.albinfo.at\/wp-content\/uploads\/2024\/01\/lukas-mandl_credit-s.-tzovaras-263x175.jpg 263w\" sizes=\"auto, (max-width: 600px) 100vw, 600px\" \/><\/a><figcaption id=\"caption-attachment-703644\" class=\"wp-caption-text\">Photo Credits: S.Tzovaras<\/figcaption><\/figure>\n<p><strong>Albinfo.at: Reden wir ein wenig \u00fcber die EU-Wahlen. Die Wahlen zum Europ\u00e4ischen Parlament finden vom 6. bis 9. Juni 2024 statt. Werden Sie erneut kandidieren und was erwarten Sie von diesen Wahlen?<\/strong><\/p>\n<p><strong>Mandl:<\/strong> Ich bewerbe mich um eine Nominierung. Sollte ich nominiert werden, werde ich auch kandidieren. Ich bewerbe mich dann um das Vertrauen, als einer von 20 Vertreterinnen und Vertretern \u00d6sterreichs auch im neuen Eurpoaparlament arbeiten zu d\u00fcrfen. Ich erhoffe mir von den Wahlen, dass viele oder m\u00f6glichst alle dieser 20 mit Herz und Hirn leidenschaftlich gern und professionell mit Flei\u00df f\u00fcr die \u00f6sterreichischen Landsleute sowie f\u00fcr eine gute Zukunft Europas arbeiten werden. F\u00fcr die europaweite Dimension erwarte ich, dass die Zusammensetzung der neuen EU-Kommission nach der Europawahl sehr entscheidend f\u00fcr die Zukunft sein wird; sowohl personell als auch inhaltlich wird viel davon abh\u00e4ngen, ob eher die konstruktiven Kr\u00e4fte oder die populistischen Parteien im Europaparlament ges\u00e4trkt werden.<\/p>\n<p><strong>Albinfo.at: Was ist Ihrer Meinung nach die gr\u00f6\u00dfte Herausforderung der EU in der Zukunft?<\/strong><\/p>\n<p><strong>Mandl:<\/strong> Die EU ist der lebendige Beweis daf\u00fcr, dass Kooperation besser ist als Konfrontation und Konflikt. Durch den Binnenmarkt und die gemeinsame Union geht es Europa besser als je zuvor &#8211; bei allen Problemen. Europas Rolle und Herausforderung wird es sein, die Kooperation nach innen zu bewahren und nach au\u00dfen beizutragen zu einer Welt mit mehr Kooperation oder zumindest Koexistenz.<\/p>\n","protected":false},"excerpt":{"rendered":"<p>\u201cDie Kosovaren keinen Grund h\u00e4tten, die Visafreiheit zum Jubeln, denn die Liberalisierung ist kein Geschenk, sondern ein Verdienst durch die Umsetzung vieler Reformen und die Erf\u00fcllung vieler Kriterien\u201d<\/p>\n","protected":false},"author":34,"featured_media":703628,"comment_status":"closed","ping_status":"closed","sticky":false,"template":"","format":"standard","meta":{"footnotes":""},"categories":[33056,23263,24636,3952,3953,22803,23262,24621,1129,1133,1412,2015],"tags":[],"vendi":[],"content_country":[29888,31836,31837],"class_list":["post-703655","post","type-post","status-publish","format-standard","has-post-thumbnail","hentry","category-de-balkani-de","category-kosova-de-2","category-nachrichten-de-4","category-kosova-de","category-intervista-de","category-leben-in-osterreich-de","category-at-balkani-de","category-kosova-de-3","category-ch-balkan","category-e-diaspora-de","category-newsletter-de","category-newsletter-media-de","content_country-zvicer","content_country-austria-de","content_country-germany-de"],"acf":[],"_links":{"self":[{"href":"https:\/\/www.albinfo.at\/de\/wp-json\/wp\/v2\/posts\/703655","targetHints":{"allow":["GET"]}}],"collection":[{"href":"https:\/\/www.albinfo.at\/de\/wp-json\/wp\/v2\/posts"}],"about":[{"href":"https:\/\/www.albinfo.at\/de\/wp-json\/wp\/v2\/types\/post"}],"author":[{"embeddable":true,"href":"https:\/\/www.albinfo.at\/de\/wp-json\/wp\/v2\/users\/34"}],"replies":[{"embeddable":true,"href":"https:\/\/www.albinfo.at\/de\/wp-json\/wp\/v2\/comments?post=703655"}],"version-history":[{"count":0,"href":"https:\/\/www.albinfo.at\/de\/wp-json\/wp\/v2\/posts\/703655\/revisions"}],"wp:featuredmedia":[{"embeddable":true,"href":"https:\/\/www.albinfo.at\/de\/wp-json\/wp\/v2\/media\/703628"}],"wp:attachment":[{"href":"https:\/\/www.albinfo.at\/de\/wp-json\/wp\/v2\/media?parent=703655"}],"wp:term":[{"taxonomy":"category","embeddable":true,"href":"https:\/\/www.albinfo.at\/de\/wp-json\/wp\/v2\/categories?post=703655"},{"taxonomy":"post_tag","embeddable":true,"href":"https:\/\/www.albinfo.at\/de\/wp-json\/wp\/v2\/tags?post=703655"},{"taxonomy":"vendi","embeddable":true,"href":"https:\/\/www.albinfo.at\/de\/wp-json\/wp\/v2\/vendi?post=703655"},{"taxonomy":"content_country","embeddable":true,"href":"https:\/\/www.albinfo.at\/de\/wp-json\/wp\/v2\/content_country?post=703655"}],"curies":[{"name":"wp","href":"https:\/\/api.w.org\/{rel}","templated":true}]}}