{"id":697600,"date":"2023-12-07T23:39:49","date_gmt":"2023-12-07T22:39:49","guid":{"rendered":"https:\/\/www.albinfo.ch\/?p=697600"},"modified":"2023-12-07T23:39:49","modified_gmt":"2023-12-07T22:39:49","slug":"speeex-oeffnet-die-tore-fuer-die-diaspora-und-stellt-die-plattform-eeexplore-vor","status":"publish","type":"post","link":"https:\/\/www.albinfo.at\/de\/speeex-oeffnet-die-tore-fuer-die-diaspora-und-stellt-die-plattform-eeexplore-vor\/","title":{"rendered":"SPEEEX \u00f6ffnet die Tore f\u00fcr die Diaspora und stellt die Plattform EEEXPLORE vor"},"content":{"rendered":"<p>Die neue innovative digitale Plattform EEEXPLORE Kosovo wurde gestern im neuen Hauptsitz des Unternehmens SPEEEX vorgestellt. Das Ziel von EEEXPLORE ist es, das Kosovo in der Diaspora zu f\u00f6rdern, insbesondere in der Schweiz, Deutschland, \u00d6sterreich und ganz Europa.<\/p>\n<p><a href=\"https:\/\/www.albinfo.ch\/wp-content\/uploads\/2023\/12\/403408252_647852837519961_819676215703444775_n.jpg\"><img loading=\"lazy\" decoding=\"async\" class=\"alignnone wp-image-695372\" src=\"https:\/\/www.albinfo.ch\/wp-content\/uploads\/2023\/12\/403408252_647852837519961_819676215703444775_n.jpg\" alt=\"\" width=\"580\" height=\"870\" srcset=\"https:\/\/www.albinfo.at\/wp-content\/uploads\/2023\/12\/403408252_647852837519961_819676215703444775_n.jpg 1066w, https:\/\/www.albinfo.at\/wp-content\/uploads\/2023\/12\/403408252_647852837519961_819676215703444775_n-200x300.jpg 200w, https:\/\/www.albinfo.at\/wp-content\/uploads\/2023\/12\/403408252_647852837519961_819676215703444775_n-682x1024.jpg 682w, https:\/\/www.albinfo.at\/wp-content\/uploads\/2023\/12\/403408252_647852837519961_819676215703444775_n-768x1153.jpg 768w, https:\/\/www.albinfo.at\/wp-content\/uploads\/2023\/12\/403408252_647852837519961_819676215703444775_n-1023x1536.jpg 1023w, https:\/\/www.albinfo.at\/wp-content\/uploads\/2023\/12\/403408252_647852837519961_819676215703444775_n-264x396.jpg 264w, https:\/\/www.albinfo.at\/wp-content\/uploads\/2023\/12\/403408252_647852837519961_819676215703444775_n-67x100.jpg 67w, https:\/\/www.albinfo.at\/wp-content\/uploads\/2023\/12\/403408252_647852837519961_819676215703444775_n-117x175.jpg 117w\" sizes=\"auto, (max-width: 580px) 100vw, 580px\" \/><\/a><\/p>\n<p><strong>Aber zuerst, was ist SPEEEX?<\/strong><\/p>\n<p>SPEEEX ist eine bedeutende Gelegenheit f\u00fcr die jungen Generationen, die Fremdsprachen wie Deutsch, Franz\u00f6sisch und Italienisch sprechen und durch ihre Arbeit zum Wohl ihrer Gemeinschaft und ihres Landes, dem Kosovo, beitragen m\u00f6chten.<\/p>\n<p>Das Unternehmen SPEEEX ist ein Vorreiter im Bereich der Kommunikationstechnologie und Business Process Outsourcing (BPO)-Dienstleistungen.<\/p>\n<p>Der Gesch\u00e4ftsf\u00fchrer von SPEEEX, Herr Fikret Murati, erkl\u00e4rte vor einem breiten Publikum, dass er fr\u00fcher nicht einmal daran gedacht hatte, die Diaspora einzuladen, ins Kosovo zur\u00fcckzukehren. Aber jetzt, mit der Schaffung der neuen Plattform, f\u00fchlt er sich sicher, sie einzuladen, sich seinem Weg anzuschlie\u00dfen.<\/p>\n<p><a href=\"https:\/\/www.albinfo.ch\/wp-content\/uploads\/2023\/12\/403422007_3718714588407807_189709826640217302_n.jpg\"><img loading=\"lazy\" decoding=\"async\" class=\"alignnone wp-image-695387\" src=\"https:\/\/www.albinfo.ch\/wp-content\/uploads\/2023\/12\/403422007_3718714588407807_189709826640217302_n.jpg\" alt=\"\" width=\"585\" height=\"390\" srcset=\"https:\/\/www.albinfo.at\/wp-content\/uploads\/2023\/12\/403422007_3718714588407807_189709826640217302_n.jpg 1170w, https:\/\/www.albinfo.at\/wp-content\/uploads\/2023\/12\/403422007_3718714588407807_189709826640217302_n-300x200.jpg 300w, https:\/\/www.albinfo.at\/wp-content\/uploads\/2023\/12\/403422007_3718714588407807_189709826640217302_n-1024x683.jpg 1024w, https:\/\/www.albinfo.at\/wp-content\/uploads\/2023\/12\/403422007_3718714588407807_189709826640217302_n-768x512.jpg 768w, https:\/\/www.albinfo.at\/wp-content\/uploads\/2023\/12\/403422007_3718714588407807_189709826640217302_n-210x141.jpg 210w, https:\/\/www.albinfo.at\/wp-content\/uploads\/2023\/12\/403422007_3718714588407807_189709826640217302_n-587x391.jpg 587w, https:\/\/www.albinfo.at\/wp-content\/uploads\/2023\/12\/403422007_3718714588407807_189709826640217302_n-150x100.jpg 150w, https:\/\/www.albinfo.at\/wp-content\/uploads\/2023\/12\/403422007_3718714588407807_189709826640217302_n-263x175.jpg 263w\" sizes=\"auto, (max-width: 585px) 100vw, 585px\" \/><\/a><\/p>\n<p>Warum gibt es drei aufeinanderfolgende Buchstaben &#8216;E&#8217; im Wort SPEEEX, wurde von Murati w\u00e4hrend der Vorstellung der Plattform &#8216;EEEXPLORE&#8217; bekannt gegeben.<\/p>\n<p>&#8220;Ich glaube nicht, dass es klar ist, was SPEEEX bedeutet und warum wir SPEEEX mit drei &#8216;E&#8217; schreiben (sie stehen f\u00fcr Speaking, Spelling, Experts), n\u00e4mlich f\u00fcr Experten im Sprechen und Schreiben.<\/p>\n<p>In diesem Kontext trat auch der Premierminister des Kosovo, Albin Kurti, auf die B\u00fchnecc\u00e8s.<\/p>\n<p><a href=\"https:\/\/www.albinfo.ch\/wp-content\/uploads\/2023\/12\/370279468_885199016570196_8858092163269315972_n.jpg\"><img loading=\"lazy\" decoding=\"async\" class=\"alignnone wp-image-695390\" src=\"https:\/\/www.albinfo.ch\/wp-content\/uploads\/2023\/12\/370279468_885199016570196_8858092163269315972_n.jpg\" alt=\"\" width=\"585\" height=\"390\" srcset=\"https:\/\/www.albinfo.at\/wp-content\/uploads\/2023\/12\/370279468_885199016570196_8858092163269315972_n.jpg 1170w, https:\/\/www.albinfo.at\/wp-content\/uploads\/2023\/12\/370279468_885199016570196_8858092163269315972_n-300x200.jpg 300w, https:\/\/www.albinfo.at\/wp-content\/uploads\/2023\/12\/370279468_885199016570196_8858092163269315972_n-1024x683.jpg 1024w, https:\/\/www.albinfo.at\/wp-content\/uploads\/2023\/12\/370279468_885199016570196_8858092163269315972_n-768x512.jpg 768w, https:\/\/www.albinfo.at\/wp-content\/uploads\/2023\/12\/370279468_885199016570196_8858092163269315972_n-210x141.jpg 210w, https:\/\/www.albinfo.at\/wp-content\/uploads\/2023\/12\/370279468_885199016570196_8858092163269315972_n-587x391.jpg 587w, https:\/\/www.albinfo.at\/wp-content\/uploads\/2023\/12\/370279468_885199016570196_8858092163269315972_n-150x100.jpg 150w, https:\/\/www.albinfo.at\/wp-content\/uploads\/2023\/12\/370279468_885199016570196_8858092163269315972_n-263x175.jpg 263w\" sizes=\"auto, (max-width: 585px) 100vw, 585px\" \/><\/a><\/p>\n<p>&#8220;SPEEEX ist ein klarer Indikator f\u00fcr den Einfluss der Diaspora, insbesondere f\u00fcr ihre Kraft und wirtschaftlichen Einfluss von der Schweiz hier im Kosovo. Kosovo hat Gl\u00fcck, eine solche Diaspora zu haben, und gleichzeitig haben wir Gl\u00fcck, dass ein befreundetes Land wie die Schweiz R\u00e4ume und M\u00f6glichkeiten f\u00fcr die Integration unserer Bev\u00f6lkerung dort geschaffen hat&#8221;, sagte der Premierminister.<\/p>\n<p>Kurti betonte, dass trotz des kleinen Territoriums des Kosovo immer noch Raum f\u00fcr aussergew\u00f6hnliche Leistungen und M\u00f6glichkeiten besteht, insbesondere wenn diese mit den Erfahrungen der Schweiz kombiniert werden, was seiner Meinung nach solche Erfolge hervorbringt.<\/p>\n<p>Vigan Disha, Mitglied des Vorstands, erz\u00e4hlte von der Entwicklung des Unternehmens im Laufe der Jahre und den Pl\u00e4nen f\u00fcr die Zukunft.<\/p>\n<p>&#8220;Wir starten eine Plattform mit nationalem Schwerpunkt. Einige beachtenswerte Fakten dieses Sektors, der bis ins Jahr 2008 zur\u00fcckreicht, zeigen nach 15 Jahren ein aussergew\u00f6hnlich grosses Potenzial im Kosovo. Er hat \u00fcber 10.600 junge Menschen besch\u00e4ftigt und bringt einen Umsatz von 300 Millionen Euro in den kosovarischen Haushalt. Von 2019 bis 2022 hat er laut den neuesten Statistiken einen Umsatz von 1,3 Milliarden Euro in den Staatshaushalt gebracht&#8221;, sagte Disha unter anderem.<\/p>\n<p><a href=\"https:\/\/www.albinfo.ch\/wp-content\/uploads\/2023\/12\/403620018_385786807125059_3101020262179235497_n.jpg\"><img loading=\"lazy\" decoding=\"async\" class=\"alignnone wp-image-695384\" src=\"https:\/\/www.albinfo.ch\/wp-content\/uploads\/2023\/12\/403620018_385786807125059_3101020262179235497_n.jpg\" alt=\"\" width=\"585\" height=\"390\" srcset=\"https:\/\/www.albinfo.at\/wp-content\/uploads\/2023\/12\/403620018_385786807125059_3101020262179235497_n.jpg 1170w, https:\/\/www.albinfo.at\/wp-content\/uploads\/2023\/12\/403620018_385786807125059_3101020262179235497_n-300x200.jpg 300w, https:\/\/www.albinfo.at\/wp-content\/uploads\/2023\/12\/403620018_385786807125059_3101020262179235497_n-1024x683.jpg 1024w, https:\/\/www.albinfo.at\/wp-content\/uploads\/2023\/12\/403620018_385786807125059_3101020262179235497_n-768x512.jpg 768w, https:\/\/www.albinfo.at\/wp-content\/uploads\/2023\/12\/403620018_385786807125059_3101020262179235497_n-210x141.jpg 210w, https:\/\/www.albinfo.at\/wp-content\/uploads\/2023\/12\/403620018_385786807125059_3101020262179235497_n-587x391.jpg 587w, https:\/\/www.albinfo.at\/wp-content\/uploads\/2023\/12\/403620018_385786807125059_3101020262179235497_n-150x100.jpg 150w, https:\/\/www.albinfo.at\/wp-content\/uploads\/2023\/12\/403620018_385786807125059_3101020262179235497_n-263x175.jpg 263w\" sizes=\"auto, (max-width: 585px) 100vw, 585px\" \/><\/a><\/p>\n<p>Der Grund, warum SPEEEX bisher erfolgreich war, laut Disha, liegt darin, dass das Unternehmen klare Ziele hat, nach den vier Hauptpfeilern der Technologie arbeitet und sich auf die Jugend konzentriert.<\/p>\n<p>&#8220;Wir haben unser WARUM gefunden, wir haben vier Grundpfeiler des Unternehmens, die uns von der Konkurrenz unterscheiden. Wir sind an f\u00fcnf Standorten t\u00e4tig und bedienen 17 globale M\u00e4rkte. Wir st\u00e4rken die lokalen Wirtschaften, reduzieren die Arbeitslosigkeit und bringen als Ergebnis den wirtschaftlichen Vorteil zur\u00fcck, den unsere Jugend hat&#8221;, f\u00fcgte Disha hinzu.<\/p>\n<p><a href=\"https:\/\/www.albinfo.ch\/wp-content\/uploads\/2023\/12\/371487184_897970475021016_4163246713322418232_n.jpg\"><img loading=\"lazy\" decoding=\"async\" class=\"alignnone wp-image-695381\" src=\"https:\/\/www.albinfo.ch\/wp-content\/uploads\/2023\/12\/371487184_897970475021016_4163246713322418232_n.jpg\" alt=\"\" width=\"585\" height=\"390\" srcset=\"https:\/\/www.albinfo.at\/wp-content\/uploads\/2023\/12\/371487184_897970475021016_4163246713322418232_n.jpg 1170w, https:\/\/www.albinfo.at\/wp-content\/uploads\/2023\/12\/371487184_897970475021016_4163246713322418232_n-300x200.jpg 300w, https:\/\/www.albinfo.at\/wp-content\/uploads\/2023\/12\/371487184_897970475021016_4163246713322418232_n-1024x683.jpg 1024w, https:\/\/www.albinfo.at\/wp-content\/uploads\/2023\/12\/371487184_897970475021016_4163246713322418232_n-768x512.jpg 768w, https:\/\/www.albinfo.at\/wp-content\/uploads\/2023\/12\/371487184_897970475021016_4163246713322418232_n-210x141.jpg 210w, https:\/\/www.albinfo.at\/wp-content\/uploads\/2023\/12\/371487184_897970475021016_4163246713322418232_n-587x391.jpg 587w, https:\/\/www.albinfo.at\/wp-content\/uploads\/2023\/12\/371487184_897970475021016_4163246713322418232_n-150x100.jpg 150w, https:\/\/www.albinfo.at\/wp-content\/uploads\/2023\/12\/371487184_897970475021016_4163246713322418232_n-263x175.jpg 263w\" sizes=\"auto, (max-width: 585px) 100vw, 585px\" \/><\/a><\/p>\n<p>Die F\u00fchrung von SPEEEX fordert, dass die F\u00fchrungskr\u00e4fte des Landes sich diesem Weg anschliessen, damit die jungen Menschen sich nicht gedr\u00e4ngt sehen, Kosovo zu verlassen.<\/p>\n<p>&#8220;Wenn die F\u00fchrung dieses Sektors als strategisches Potenzial in die Agenda aufnimmt, werden wir ihnen folgen, und die Zahl der Besch\u00e4ftigten wird auf \u00fcber 25.000 steigen. Dann machen wir einen Unterschied in der Welt&#8221;, schloss Disha.<\/p>\n<p>Der stellvertretende Schweizer Botschafter, Christopher Furs, auf der anderen Seite, berichtete \u00fcber die Zusammenarbeit zwischen der Schweiz und dem Kosovo sowie die Erfolge, die dieses Unternehmen erzielt, wobei betont wurde, dass die Diaspora einen wichtigen Platz in der wirtschaftlichen Entwicklung unseres Landes hat.<\/p>\n<p>&#8220;In einer sehr kurzen Zeit hat es SPEEEX geschafft, der Marktf\u00fchrer im Bereich Business Process Outsourcing (BPO) im Kosovo zu werden. Es gibt nur wenige Unternehmen, die so viele Menschen in diesem Land besch\u00e4ftigt haben. Die Schweiz und der Kosovo haben, wie Sie wissen, starke Verbindungen durch die Diaspora. Dies liegt nicht nur an den L\u00e4ndern, sondern auch an den Menschen, die mit einer gemeinsamen Gesellschaft und Interessen verbunden sind. SPEEEX ist ein Beweis daf\u00fcr, wie die Diaspora erfolgreich zum Kosovo beitragen kann. SPEEEX ist nicht nur in Prishtina, sondern auch in anderen St\u00e4dten wie Vushtrri, Ferizaj und Prizren t\u00e4tig.&#8221;<\/p>\n<p><a href=\"https:\/\/www.albinfo.ch\/wp-content\/uploads\/2023\/12\/387472729_265256596177097_2548538567141896744_n.jpg\"><img loading=\"lazy\" decoding=\"async\" class=\"alignnone wp-image-695378\" src=\"https:\/\/www.albinfo.ch\/wp-content\/uploads\/2023\/12\/387472729_265256596177097_2548538567141896744_n.jpg\" alt=\"\" width=\"585\" height=\"390\" srcset=\"https:\/\/www.albinfo.at\/wp-content\/uploads\/2023\/12\/387472729_265256596177097_2548538567141896744_n.jpg 1170w, https:\/\/www.albinfo.at\/wp-content\/uploads\/2023\/12\/387472729_265256596177097_2548538567141896744_n-300x200.jpg 300w, https:\/\/www.albinfo.at\/wp-content\/uploads\/2023\/12\/387472729_265256596177097_2548538567141896744_n-1024x683.jpg 1024w, https:\/\/www.albinfo.at\/wp-content\/uploads\/2023\/12\/387472729_265256596177097_2548538567141896744_n-768x512.jpg 768w, https:\/\/www.albinfo.at\/wp-content\/uploads\/2023\/12\/387472729_265256596177097_2548538567141896744_n-210x141.jpg 210w, https:\/\/www.albinfo.at\/wp-content\/uploads\/2023\/12\/387472729_265256596177097_2548538567141896744_n-587x391.jpg 587w, https:\/\/www.albinfo.at\/wp-content\/uploads\/2023\/12\/387472729_265256596177097_2548538567141896744_n-150x100.jpg 150w, https:\/\/www.albinfo.at\/wp-content\/uploads\/2023\/12\/387472729_265256596177097_2548538567141896744_n-263x175.jpg 263w\" sizes=\"auto, (max-width: 585px) 100vw, 585px\" \/><\/a><\/p>\n<p>VIDEO: <a href=\"https:\/\/fb.watch\/oK56yuzonn\/\">https:\/\/fb.watch\/oK56yuzonn\/<\/a><\/p>\n","protected":false},"excerpt":{"rendered":"<p>SPEEEX bietet eine goldene Gelegenheit f\u00fcr die jungen Generationen, die Fremdsprachen wie Deutsch, Franz\u00f6sisch und Italienisch sprechen und mit ihrer Arbeit einen Beitrag f\u00fcr ihre Gemeinschaft und ihr Land, Kosovo, leisten m\u00f6chten.<\/p>\n","protected":false},"author":6,"featured_media":695377,"comment_status":"closed","ping_status":"closed","sticky":false,"template":"","format":"standard","meta":{"footnotes":""},"categories":[33056,3982,23263,3952,3981,23262,24621,1129],"tags":[],"vendi":[],"content_country":[29888,31836,31837],"class_list":["post-697600","post","type-post","status-publish","format-standard","has-post-thumbnail","hentry","category-de-balkani-de","category-unternehmen-de","category-kosova-de-2","category-kosova-de","category-unternehmen-cat","category-at-balkani-de","category-kosova-de-3","category-ch-balkan","content_country-zvicer","content_country-austria-de","content_country-germany-de"],"acf":[],"_links":{"self":[{"href":"https:\/\/www.albinfo.at\/de\/wp-json\/wp\/v2\/posts\/697600","targetHints":{"allow":["GET"]}}],"collection":[{"href":"https:\/\/www.albinfo.at\/de\/wp-json\/wp\/v2\/posts"}],"about":[{"href":"https:\/\/www.albinfo.at\/de\/wp-json\/wp\/v2\/types\/post"}],"author":[{"embeddable":true,"href":"https:\/\/www.albinfo.at\/de\/wp-json\/wp\/v2\/users\/6"}],"replies":[{"embeddable":true,"href":"https:\/\/www.albinfo.at\/de\/wp-json\/wp\/v2\/comments?post=697600"}],"version-history":[{"count":0,"href":"https:\/\/www.albinfo.at\/de\/wp-json\/wp\/v2\/posts\/697600\/revisions"}],"wp:featuredmedia":[{"embeddable":true,"href":"https:\/\/www.albinfo.at\/de\/wp-json\/wp\/v2\/media\/695377"}],"wp:attachment":[{"href":"https:\/\/www.albinfo.at\/de\/wp-json\/wp\/v2\/media?parent=697600"}],"wp:term":[{"taxonomy":"category","embeddable":true,"href":"https:\/\/www.albinfo.at\/de\/wp-json\/wp\/v2\/categories?post=697600"},{"taxonomy":"post_tag","embeddable":true,"href":"https:\/\/www.albinfo.at\/de\/wp-json\/wp\/v2\/tags?post=697600"},{"taxonomy":"vendi","embeddable":true,"href":"https:\/\/www.albinfo.at\/de\/wp-json\/wp\/v2\/vendi?post=697600"},{"taxonomy":"content_country","embeddable":true,"href":"https:\/\/www.albinfo.at\/de\/wp-json\/wp\/v2\/content_country?post=697600"}],"curies":[{"name":"wp","href":"https:\/\/api.w.org\/{rel}","templated":true}]}}