{"id":655326,"date":"2023-06-18T10:23:11","date_gmt":"2023-06-18T08:23:11","guid":{"rendered":"https:\/\/www.albinfo.ch\/?p=655326"},"modified":"2023-10-17T14:34:59","modified_gmt":"2023-10-17T12:34:59","slug":"wer-gesetzen-unterworfen-ist-soll-ueber-diese-mitbestimmen-koennen","status":"publish","type":"post","link":"https:\/\/www.albinfo.at\/de\/wer-gesetzen-unterworfen-ist-soll-ueber-diese-mitbestimmen-koennen\/","title":{"rendered":"Wer Gesetzen unterworfen ist, soll \u00fcber diese mitbestimmen k\u00f6nnen"},"content":{"rendered":"<p>Der parlamentarische Weg ist gescheitert. Exponentinnen und Exponenten verschiedener Parteien haben in den letzten Monaten und Jahren versucht, das Schweizer B\u00fcrger:innenrecht fairer zu gestalten. Alle mit einem Resultat: Sie waren im Parlament chancenlos. Kein Wunder, denn das Parlament entspricht auch nicht der aktuellen Bev\u00f6lkerung in diesem Land. Nur die wenigsten mussten selbst eine Einb\u00fcrgerung durchlaufen. Deshalb haben wir den Verein Aktion Vierviertel ins Leben gerufen.<\/p>\n<p>Dass das Parlament dermassen an einer inklusiven Demokratie vorbei politisiert, ist tragisch, feiern wir doch heuer das 175-j\u00e4hrige Jubil\u00e4um des modernen Bundesstaates. Damals war die Schweiz das einzige Land in Europa, in dem die demokratische Revolution erfolgreich war. Die Schweiz wurde so nach den USA zur zweit\u00e4ltesten Demokratie der Welt \u2013 zumindest f\u00fcr die Schweizer M\u00e4nner. Nach dem Motto Stillstand ist R\u00fcckschritt geriet die Schweiz jedoch mit den Jahren ins Hintertreffen. So f\u00fchrte die Schweiz das Frauenstimmrecht als eines der letzten L\u00e4nder in Europa ein. \u00c4hnlich sieht es nun mit der Erlangung des Schweizer B\u00fcrger:innenrechts aus. Obwohl die Schweiz eines der vielf\u00e4ltigsten L\u00e4nder \u00fcberhaupt ist, hat sie eines der strengsten Einb\u00fcrgerungsgesetze in Europa. Das ist ein krasser Widerspruch zum demokratischen Selbstverst\u00e4ndnis, mit verheerenden Konsequenzen.<\/p>\n<p>Ohne diese Menschen w\u00fcrde unser Land schlicht nicht funktionieren.<\/p>\n<p>Mehr als zwei Millionen Menschen \u2013 ein Viertel der Bev\u00f6lkerung \u2013 haben insbesondere wegen dieses restriktiven Einb\u00fcrgerungsgesetzes keinen Schweizer Pass. Sie sind hier geboren, als Kinder in die Schweiz gekommen oder als Erwachsene eingewandert. Sie sind in der Schweiz zu Hause und haben hier ihren Lebensmittelpunkt. Sie arbeiten hier, zahlen Steuern und sind ein wichtiger Bestandteil dieses Landes und unserer Gesellschaft.<\/p>\n<p>Ohne diese Menschen w\u00fcrde unser Land schlicht nicht funktionieren. Weder in der Pflegebranche (das wurde uns sp\u00e4testens w\u00e4hrend der Pandemie deutlich) noch in der Baubranche oder vielen anderen Bereichen. Trotzdem lassen wir diese Menschen nicht mitbestimmen, zum Beispiel dar\u00fcber, was mit ihren Steuergeldern geschieht. Sie k\u00f6nnen weder die \u00abVolksvertreter:innen\u00bb am 22. Oktober w\u00e4hlen (weil sie offenbar nicht zum Volk gez\u00e4hlt werden), noch k\u00f6nnen sie sich selbst in die wichtigen Gremien w\u00e4hlen lassen. Wenn sie vollwertige Mitglieder der Schweiz werden wollen und das Einb\u00fcrgerungsgesuch stellen, so werden ihnen Bedingungen gestellt, welche selbst viele geb\u00fcrtige Schweizer:innen nicht erf\u00fcllen.<\/p>\n<p>Die Schweiz ist bunt, vielf\u00e4ltig und nicht zuletzt auch deshalb erfolgreich.<\/p>\n<p>Das zeigt vor allem etwas: Unser B\u00fcrger:innenrecht braucht dringend ein Update. Politische Partizipation z\u00e4hlt zu den Grundpfeilern der Demokratie: Wer Gesetzen unterworfen ist, soll \u00fcber diese mitbestimmen k\u00f6nnen. Ein vereinfachter und rascher Zugang zur Staatsb\u00fcrgerschaft erm\u00f6glicht Teilhabe f\u00fcr alle und schafft so die Voraussetzung f\u00fcr eine lebendige und moderne Demokratie. Und wenn dieses Demokratie-Update nicht aus dem Parlament kommen kann, so muss es von der Strasse kommen.<\/p>\n<p>Aus diesem Grund hat die zivilgesellschaftliche Bewegung Aktion Vierviertel eine \u00abDemokratie-Initiative\u00bb lanciert. Die Schweiz ist bunt, vielf\u00e4ltig und nicht zuletzt auch deshalb erfolgreich. Nun ist es an uns, dass auch unser B\u00fcrger:innenrecht mitzieht. Denn wie sagte schon Mani Matter: Machets, anders wirds nid anders!<\/p>\n<p>Arb\u00ebr Bullakaj ist Pr\u00e4sident der Aktion Vierviertel und Mitinitiator der Demokratie-Initiative<\/p>\n<p>Erschienen am 15.06.2023 im <a href=\"https:\/\/www.tagesanzeiger.ch\/wer-gesetzen-unterworfen-ist-soll-ueber-diese-mitbestimmen-koennen-782520887094\">Tagesanzeiger <\/a><\/p>\n","protected":false},"excerpt":{"rendered":"<p>Mit dem Nein zu jeglicher Lockerung der strengen Einb\u00fcrgerungsregeln politisiert das Parlament an einer inklusiven Demokratie vorbei. Nun m\u00fcssen wir B\u00fcrgerinnen und B\u00fcrger das \u00e4ndern<\/p>\n","protected":false},"author":4,"featured_media":655510,"comment_status":"closed","ping_status":"closed","sticky":false,"template":"","format":"standard","meta":{"footnotes":""},"categories":[1134,1141,3908,1133,1140],"tags":[1633,2637,2752],"vendi":[],"content_country":[29888,31836,31837],"class_list":["post-655326","post","type-post","status-publish","format-standard","has-post-thumbnail","hentry","category-integration","category-themen","category-meinungen","category-e-diaspora-de","category-leben-in-der-schweiz","tag-zvicer-de","tag-arber-bullakaj-de","tag-natyralizimi-de","content_country-zvicer","content_country-austria-de","content_country-germany-de"],"acf":[],"_links":{"self":[{"href":"https:\/\/www.albinfo.at\/de\/wp-json\/wp\/v2\/posts\/655326","targetHints":{"allow":["GET"]}}],"collection":[{"href":"https:\/\/www.albinfo.at\/de\/wp-json\/wp\/v2\/posts"}],"about":[{"href":"https:\/\/www.albinfo.at\/de\/wp-json\/wp\/v2\/types\/post"}],"author":[{"embeddable":true,"href":"https:\/\/www.albinfo.at\/de\/wp-json\/wp\/v2\/users\/4"}],"replies":[{"embeddable":true,"href":"https:\/\/www.albinfo.at\/de\/wp-json\/wp\/v2\/comments?post=655326"}],"version-history":[{"count":0,"href":"https:\/\/www.albinfo.at\/de\/wp-json\/wp\/v2\/posts\/655326\/revisions"}],"wp:featuredmedia":[{"embeddable":true,"href":"https:\/\/www.albinfo.at\/de\/wp-json\/wp\/v2\/media\/655510"}],"wp:attachment":[{"href":"https:\/\/www.albinfo.at\/de\/wp-json\/wp\/v2\/media?parent=655326"}],"wp:term":[{"taxonomy":"category","embeddable":true,"href":"https:\/\/www.albinfo.at\/de\/wp-json\/wp\/v2\/categories?post=655326"},{"taxonomy":"post_tag","embeddable":true,"href":"https:\/\/www.albinfo.at\/de\/wp-json\/wp\/v2\/tags?post=655326"},{"taxonomy":"vendi","embeddable":true,"href":"https:\/\/www.albinfo.at\/de\/wp-json\/wp\/v2\/vendi?post=655326"},{"taxonomy":"content_country","embeddable":true,"href":"https:\/\/www.albinfo.at\/de\/wp-json\/wp\/v2\/content_country?post=655326"}],"curies":[{"name":"wp","href":"https:\/\/api.w.org\/{rel}","templated":true}]}}