{"id":650605,"date":"2023-05-27T13:31:21","date_gmt":"2023-05-27T11:31:21","guid":{"rendered":"https:\/\/www.albinfo.ch\/?p=650605"},"modified":"2023-05-30T23:49:14","modified_gmt":"2023-05-30T21:49:14","slug":"die-aufstiegsgeschichte-von-zidan-im-schweizer-fussball","status":"publish","type":"post","link":"https:\/\/www.albinfo.at\/de\/die-aufstiegsgeschichte-von-zidan-im-schweizer-fussball\/","title":{"rendered":"Die Aufstiegsgeschichte von Zidan im Schweizer Fussball"},"content":{"rendered":"<p>Gemeinsam mit Albinfo werfen wir einen Blick auf die aussergew\u00f6hnliche Sportkarriere von Zidan Tairi und wie seine Leidenschaft f\u00fcr Fussball sein Leben ver\u00e4nderte. Erfahren Sie, wie seine Familie und der FCZ seine Entscheidung beeinflusste, den Weg zum Fussballprofi einzuschlagen.<\/p>\n<p><strong>Albinfo.ch: Welche drei Erfahrungen haben Sie auf Ihrem Weg zu einer erfolgreichen Fussballkarriere am meisten gepr\u00e4gt?<\/strong><\/p>\n<p><strong>\u00a0<\/strong><strong>Tairi:<\/strong> Es gibt drei entscheidende Erfahrungen, die mich auf meinem Weg zu einer erfolgreichen Fussballkarriere am meisten gepr\u00e4gt haben. Die erste war ein internationaler Turniermoment, der mich als besten Spieler von insgesamt 40 verschiedenen Mannschaften auszeichnete. Diese Anerkennung war ein wichtiger Meilenstein f\u00fcr mich und best\u00e4rkte mich in meinem Talent und meiner Leidenschaft f\u00fcr den Fussball. Die zweite pr\u00e4gende Erfahrung ereignete sich, als ich im zarten Alter von 12 Jahren einen Vertrag von Adidas erhielt. Dieses Ereignis war nicht nur eine grosse Ehre, sondern auch ein Beweis daf\u00fcr, dass meine F\u00e4higkeiten und mein Potenzial erkannt wurden. Schliesslich war die Aufnahme in die Schweizer Nationalmannschaft U15 eine unvergessliche Erfahrung. Es war ein stolzer Moment, f\u00fcr mein Land auf dem Spielfeld zu stehen und mich mit den besten Nachwuchsspielern zu messen. Diese drei Erfahrungen haben meinen Weg zu einer erfolgreichen Fussballkarriere massgeblich gepr\u00e4gt und mir gezeigt, dass harte Arbeit, Leidenschaft und Talent in Kombination zu aussergew\u00f6hnlichen Ergebnissen f\u00fchren k\u00f6nnen.<\/p>\n<p><strong><a href=\"https:\/\/www.albinfo.ch\/wp-content\/uploads\/2023\/05\/zidan-tairi-1.jpg\"><img loading=\"lazy\" decoding=\"async\" class=\"alignnone wp-image-650590\" src=\"https:\/\/www.albinfo.ch\/wp-content\/uploads\/2023\/05\/zidan-tairi-1.jpg\" alt=\"\" width=\"566\" height=\"700\" srcset=\"https:\/\/www.albinfo.at\/wp-content\/uploads\/2023\/05\/zidan-tairi-1.jpg 435w, https:\/\/www.albinfo.at\/wp-content\/uploads\/2023\/05\/zidan-tairi-1-243x300.jpg 243w, https:\/\/www.albinfo.at\/wp-content\/uploads\/2023\/05\/zidan-tairi-1-320x396.jpg 320w, https:\/\/www.albinfo.at\/wp-content\/uploads\/2023\/05\/zidan-tairi-1-81x100.jpg 81w, https:\/\/www.albinfo.at\/wp-content\/uploads\/2023\/05\/zidan-tairi-1-141x175.jpg 141w\" sizes=\"auto, (max-width: 566px) 100vw, 566px\" \/><\/a><\/strong><\/p>\n<p><strong>Albinfo.ch: Wann wussten Sie, dass Sie Ihre Leidenschaft f\u00fcr den Fussball zum Beruf machen wollten?<\/strong><\/p>\n<p><strong>\u00a0<\/strong><strong>Tairi:<\/strong> Seit meinen ersten Tagen beim FC Z\u00fcrich wusste ich, dass ich meine Leidenschaft f\u00fcr den Fussball zum Beruf machen wollte. Der Verein bot mir nicht nur eine professionelle Umgebung, um meine F\u00e4higkeiten zu entwickeln, sondern auch die M\u00f6glichkeit, mich mit talentierten Spielern zu messen und mich stetig zu verbessern. Jeder Moment auf dem Spielfeld und jede Trainingseinheit verst\u00e4rkte meinen Wunsch, Fussballprofi zu werden. Die Atmosph\u00e4re, die Begeisterung der Fans und die unvergesslichen Siege gaben mir das Gef\u00fchl, dass dies der richtige Weg f\u00fcr mich war. Seitdem habe ich hart daran gearbeitet, meine F\u00e4higkeiten zu verfeinern und meine Karriere voranzutreiben.<\/p>\n<p><strong>Albinfo.ch: H\u00e4ngt der Name &#8220;Zidane&#8221; mit dem Wunsch Ihrer Eltern zusammen, dass Sie ein Fussballstar werden? Wie steht Ihre Familie zu Ihren sportlichen Erfolgen?<\/strong><\/p>\n<p><strong>\u00a0<\/strong><strong>Tairi:<\/strong> Der Name &#8220;Zidan&#8221; wurde von meinem Vater gew\u00e4hlt, der selbst ein grosser Fan des legend\u00e4ren Fussballers Zin\u00e9dine Zidane ist. Es ist sicherlich kein Zufall, dass mein Vater meinen Namen in Verbindung mit seiner Bewunderung f\u00fcr diesen herausragenden Spieler ausgew\u00e4hlt hat. Doch w\u00e4hrend mein Name eine gewisse symbolische Bedeutung hat, steht meine Familie vor allem f\u00fcr bedingungslose Unterst\u00fctzung zu mir und meinen sportlichen Erfolgen. Sie haben mich immer zu 100 Prozent unterst\u00fctzt und ermutigt, sowohl in guten als auch in schwierigen Zeiten. Ohne ihre st\u00e4ndige Unterst\u00fctzung und Motivation w\u00e4re ich nicht da, wo ich heute bin. Ich bin zutiefst dankbar f\u00fcr meine Familie und ihre bedeutsame Rolle in meiner Fussballkarriere.<\/p>\n<p><strong><a href=\"https:\/\/www.albinfo.ch\/wp-content\/uploads\/2023\/05\/zidan-tairi-3.jpg\"><img loading=\"lazy\" decoding=\"async\" class=\"alignnone wp-image-650593\" src=\"https:\/\/www.albinfo.ch\/wp-content\/uploads\/2023\/05\/zidan-tairi-3.jpg\" alt=\"\" width=\"566\" height=\"850\" srcset=\"https:\/\/www.albinfo.at\/wp-content\/uploads\/2023\/05\/zidan-tairi-3.jpg 666w, https:\/\/www.albinfo.at\/wp-content\/uploads\/2023\/05\/zidan-tairi-3-200x300.jpg 200w, https:\/\/www.albinfo.at\/wp-content\/uploads\/2023\/05\/zidan-tairi-3-264x396.jpg 264w, https:\/\/www.albinfo.at\/wp-content\/uploads\/2023\/05\/zidan-tairi-3-67x100.jpg 67w, https:\/\/www.albinfo.at\/wp-content\/uploads\/2023\/05\/zidan-tairi-3-117x175.jpg 117w\" sizes=\"auto, (max-width: 566px) 100vw, 566px\" \/><\/a><\/strong><\/p>\n<p><strong>Albinfo.ch: Gab es w\u00e4hrend Ihrer Karriere schwierige Momente, die Sie \u00fcberwinden mussten? Wie sind Sie damit umgegangen?<\/strong><\/p>\n<p><strong>Tairi<\/strong>: In meiner Fussballkarriere gab es definitiv schwierige Momente, die ich \u00fcberwinden musste. Eines dieser Momente ereignete sich w\u00e4hrend meiner Zeit in der U15 beim FC Z\u00fcrich, als ich mit Wachstumsst\u00f6rungen zu k\u00e4mpfen hatte. Diese Herausforderung dauerte etwa 2 bis 3 Monate und war eine mentale und physische Belastung. Es war nicht einfach, mit den k\u00f6rperlichen Ver\u00e4nderungen und den damit verbundenen Einschr\u00e4nkungen umzugehen. Doch ich wusste, dass ich nicht aufgeben durfte, wenn ich meine Ziele erreichen wollte. Es erforderte viel Geduld, Durchhalteverm\u00f6gen und mentale St\u00e4rke, um diese Phase zu \u00fcberwinden. Ich musste Pausen machen und mich auf meine Genesung konzentrieren. Gl\u00fccklicherweise dauerten die Wachstumsst\u00f6rungen nicht lange, und ich konnte gest\u00e4rkt aus dieser Herausforderung hervorgehen. Diese Erfahrung hat mich gelehrt, dass man niemals aufgeben darf, auch wenn der Weg steinig ist, und dass mentale St\u00e4rke genauso wichtig ist wie k\u00f6rperliche Fitness.<\/p>\n<p><strong><a href=\"https:\/\/www.albinfo.ch\/wp-content\/uploads\/2023\/05\/zidan-tairi-4.jpg\"><img loading=\"lazy\" decoding=\"async\" class=\"alignnone wp-image-650596\" src=\"https:\/\/www.albinfo.ch\/wp-content\/uploads\/2023\/05\/zidan-tairi-4.jpg\" alt=\"\" width=\"567\" height=\"500\" srcset=\"https:\/\/www.albinfo.at\/wp-content\/uploads\/2023\/05\/zidan-tairi-4.jpg 460w, https:\/\/www.albinfo.at\/wp-content\/uploads\/2023\/05\/zidan-tairi-4-300x265.jpg 300w, https:\/\/www.albinfo.at\/wp-content\/uploads\/2023\/05\/zidan-tairi-4-449x396.jpg 449w, https:\/\/www.albinfo.at\/wp-content\/uploads\/2023\/05\/zidan-tairi-4-113x100.jpg 113w, https:\/\/www.albinfo.at\/wp-content\/uploads\/2023\/05\/zidan-tairi-4-198x175.jpg 198w\" sizes=\"auto, (max-width: 567px) 100vw, 567px\" \/><\/a><\/strong><\/p>\n<p><strong>Albinfo.ch: Wie sehr spielte Ihre Herkunft aus Gostivar w\u00e4hrend Ihrer Schul- und Sportzeit eine Rolle und wie hat sie Ihre Karriere beeinflusst?<\/strong><\/p>\n<p><strong>\u00a0<\/strong><strong>Tairi:<\/strong> Meine Herkunft aus Gostivar spielte w\u00e4hrend meiner Schul- und Sportzeit keine direkte Rolle und hat meine Karriere nicht unmittelbar beeinflusst. Obwohl Gostivar eine Stadt mit einer lebendigen Fussballkultur ist, wurde meine Leidenschaft f\u00fcr den Sport nicht ausschliesslich durch meine Herkunft gepr\u00e4gt. Es waren vor allem meine eigenen Ambitionen, meine Leidenschaft zum Sport und die Unterst\u00fctzung meiner Familie und Trainer, die meine Karriere vorangetrieben haben. Dennoch bin ich stolz auf meine Herkunft und trage sie in meinem Herzen. Die Kultur und die Menschen in Gostivar haben mir Werte wie Hingabe, Ehrgeiz und Respekt vermittelt, die mir auf meinem Weg geholfen haben. Es ist wichtig, meine Wurzeln zu sch\u00e4tzen und die Vielfalt des Fussballs zu feiern.<\/p>\n<p><a href=\"https:\/\/www.albinfo.ch\/wp-content\/uploads\/2023\/05\/zidan-tairi.jpg\"><img loading=\"lazy\" decoding=\"async\" class=\"alignnone wp-image-650599\" src=\"https:\/\/www.albinfo.ch\/wp-content\/uploads\/2023\/05\/zidan-tairi.jpg\" alt=\"\" width=\"585\" height=\"650\" srcset=\"https:\/\/www.albinfo.at\/wp-content\/uploads\/2023\/05\/zidan-tairi.jpg 664w, https:\/\/www.albinfo.at\/wp-content\/uploads\/2023\/05\/zidan-tairi-270x300.jpg 270w, https:\/\/www.albinfo.at\/wp-content\/uploads\/2023\/05\/zidan-tairi-356x396.jpg 356w, https:\/\/www.albinfo.at\/wp-content\/uploads\/2023\/05\/zidan-tairi-110x123.jpg 110w, https:\/\/www.albinfo.at\/wp-content\/uploads\/2023\/05\/zidan-tairi-90x100.jpg 90w, https:\/\/www.albinfo.at\/wp-content\/uploads\/2023\/05\/zidan-tairi-157x175.jpg 157w\" sizes=\"auto, (max-width: 585px) 100vw, 585px\" \/><\/a><\/p>\n<p><strong>Driter Gjukaj<\/strong><\/p>\n","protected":false},"excerpt":{"rendered":"<p>\u00abDer Name `Zidan`wurde von meinem Vater gew\u00e4hlt, der selbst ein grosser Fan des legend\u00e4ren Fussballers Zin\u00e9dine Zidane ist\u00bb<\/p>\n","protected":false},"author":6,"featured_media":650589,"comment_status":"closed","ping_status":"closed","sticky":false,"template":"","format":"standard","meta":{"footnotes":""},"categories":[1134,1141,4023,1133,1140,1139],"tags":[],"vendi":[],"content_country":[29888,31836,31837],"class_list":["post-650605","post","type-post","status-publish","format-standard","has-post-thumbnail","hentry","category-integration","category-themen","category-futboll-de","category-e-diaspora-de","category-leben-in-der-schweiz","category-sport","wiwcategory-sport","wiwcategory-futboll","content_country-zvicer","content_country-austria-de","content_country-germany-de"],"acf":[],"_links":{"self":[{"href":"https:\/\/www.albinfo.at\/de\/wp-json\/wp\/v2\/posts\/650605","targetHints":{"allow":["GET"]}}],"collection":[{"href":"https:\/\/www.albinfo.at\/de\/wp-json\/wp\/v2\/posts"}],"about":[{"href":"https:\/\/www.albinfo.at\/de\/wp-json\/wp\/v2\/types\/post"}],"author":[{"embeddable":true,"href":"https:\/\/www.albinfo.at\/de\/wp-json\/wp\/v2\/users\/6"}],"replies":[{"embeddable":true,"href":"https:\/\/www.albinfo.at\/de\/wp-json\/wp\/v2\/comments?post=650605"}],"version-history":[{"count":0,"href":"https:\/\/www.albinfo.at\/de\/wp-json\/wp\/v2\/posts\/650605\/revisions"}],"wp:featuredmedia":[{"embeddable":true,"href":"https:\/\/www.albinfo.at\/de\/wp-json\/wp\/v2\/media\/650589"}],"wp:attachment":[{"href":"https:\/\/www.albinfo.at\/de\/wp-json\/wp\/v2\/media?parent=650605"}],"wp:term":[{"taxonomy":"category","embeddable":true,"href":"https:\/\/www.albinfo.at\/de\/wp-json\/wp\/v2\/categories?post=650605"},{"taxonomy":"post_tag","embeddable":true,"href":"https:\/\/www.albinfo.at\/de\/wp-json\/wp\/v2\/tags?post=650605"},{"taxonomy":"vendi","embeddable":true,"href":"https:\/\/www.albinfo.at\/de\/wp-json\/wp\/v2\/vendi?post=650605"},{"taxonomy":"content_country","embeddable":true,"href":"https:\/\/www.albinfo.at\/de\/wp-json\/wp\/v2\/content_country?post=650605"}],"curies":[{"name":"wp","href":"https:\/\/api.w.org\/{rel}","templated":true}]}}