{"id":627816,"date":"2023-02-23T18:13:52","date_gmt":"2023-02-23T17:13:52","guid":{"rendered":"https:\/\/www.albinfo.ch\/?p=627816"},"modified":"2023-02-23T18:13:52","modified_gmt":"2023-02-23T17:13:52","slug":"asylstatistik-januar-2023","status":"publish","type":"post","link":"https:\/\/www.albinfo.at\/de\/asylstatistik-januar-2023\/","title":{"rendered":"Asylstatistik Januar 2023"},"content":{"rendered":"<div class=\"contentHead\"><\/div>\n<div class=\"mod mod-nsbnewsdetails\">\n<p>Im Januar 2023 wurden in der Schweiz 2523 Asylgesuche registriert, 169 weniger als im Vormonat (-6,3%). Gegen\u00fcber Januar 2022 ist die Zahl der Asylgesuche um 1077 gestiegen.<\/p>\n<p>Die wichtigsten Herkunftsl\u00e4nder der Personen, die im Januar ein Asylgesuch in der Schweiz eingereicht haben, sind Afghanistan mit 794 Gesuchen (9 mehr als im Dezember), die T\u00fcrkei (507 Gesuche; -36), Algerien (198 Gesuche; +77), Marokko (152 Gesuche; +56) und Eritrea (135 Gesuche; +12).<\/p>\n<p>Von den 2523 im Januar gestellten Gesuchen waren 2170 Prim\u00e4rgesuche (Dezember 2022: 2348 Prim\u00e4rgesuche). Personen, die ein Prim\u00e4rgesuch stellen, tun dies unabh\u00e4ngig von anderen Personen, die bereits um Schutz ersucht haben. Die wichtigsten Herkunftsl\u00e4nder bei den Prim\u00e4rgesuchen im Januar 2023 waren: Afghanistan (754, -12), die T\u00fcrkei (437, -18), Algerien (192, +72) sowie Marokko (151,\u00a0+57), Iran (62, +11) und Tunesien (62, +19). Im Gegensatz dazu ist ein Sekund\u00e4rgesuch die Folge eines bereits registrierten Asylgesuchs (beispielsweise Geburt, Familiennachzug oder Mehrfachgesuch).<\/p>\n<h3>Erstinstanzlich erledigte Asylgesuche<\/h3>\n<p>Das Staatssekretariat f\u00fcr Migration SEM erledigte im Januar 2023 insgesamt 2027 Asylgesuche: Es wurden 694 Nichteintretensentscheide gef\u00e4llt (davon 587 auf Grundlage des Dublin-Abkommens), 399 Personen erhielten Asyl und 571 wurden im Rahmen der erstinstanzlichen Erledigungen vorl\u00e4ufig aufgenommen. Die Zahl der erstinstanzlich h\u00e4ngigen F\u00e4lle nahm im Vergleich zum Vormonat um 529 auf 12 768 zu.<\/p>\n<h3>Ausreisen<\/h3>\n<p>Im Januar haben 1025 Personen die Schweiz kontrolliert verlassen oder wurden in ihr Herkunftsland oder einen Drittstaat r\u00fcckgef\u00fchrt. Die Schweiz hat bei 1060 Personen einen anderen Dublin-Staat um \u00dcbernahme angefragt, 173 Personen konnten im selben Zeitraum in den zust\u00e4ndigen Dublin-Staat \u00fcberf\u00fchrt werden. Gleichzeitig wurde die Schweiz von anderen Dublin-Staaten um \u00dcbernahme von 400 Personen ersucht und 41 Personen wurden in die Schweiz \u00fcberstellt.<\/p>\n<h3>Ukraine: Schutzstatus S (Sonderverfahren)<\/h3>\n<p>F\u00fcr die Aufnahme schutzbed\u00fcrftiger Menschen aus der Ukraine hatte der Bundesrat am 12. M\u00e4rz 2022 erstmals den Schutzstatus S aktiviert.<\/p>\n<p>Im Januar stellten 2181 Personen ein Gesuch um Schutzstatus S in den Bundesasylzentren. Im gleichen Zeitraum wurde 2146 Personen der Schutzstatus S gew\u00e4hrt. Bei 67 schutzsuchenden Personen wurde er abgelehnt, weil die Kriterien nicht erf\u00fcllt waren.<\/p>\n<p>In 8967 F\u00e4llen wurde der Schutzstatus S seit seiner Aktivierung beendet, in 1205 F\u00e4llen ist die Beendigung in Pr\u00fcfung. Per Ende Januar hatten insgesamt 63 964 Personen den Schutzstatus S.<\/p>\n<\/div>\n","protected":false},"excerpt":{"rendered":"<p>Die wichtigsten Herkunftsl\u00e4nder der Personen, die im Januar ein Asylgesuch in der Schweiz eingereicht haben, sind Afghanistan mit 794 Gesuchen (9 mehr als im Dezember), die T\u00fcrkei (507 Gesuche; -36)&#8230;<\/p>\n","protected":false},"author":4,"featured_media":547107,"comment_status":"closed","ping_status":"closed","sticky":false,"template":"","format":"standard","meta":{"footnotes":""},"categories":[24006,1140],"tags":[1633,1918],"vendi":[],"content_country":[29888,31836,31837],"class_list":["post-627816","post","type-post","status-publish","format-standard","has-post-thumbnail","hentry","category-lajme-jeta-ne-zvicer-de","category-leben-in-der-schweiz","tag-zvicer-de","tag-azil-fr-de","content_country-zvicer","content_country-austria-de","content_country-germany-de"],"acf":[],"_links":{"self":[{"href":"https:\/\/www.albinfo.at\/de\/wp-json\/wp\/v2\/posts\/627816","targetHints":{"allow":["GET"]}}],"collection":[{"href":"https:\/\/www.albinfo.at\/de\/wp-json\/wp\/v2\/posts"}],"about":[{"href":"https:\/\/www.albinfo.at\/de\/wp-json\/wp\/v2\/types\/post"}],"author":[{"embeddable":true,"href":"https:\/\/www.albinfo.at\/de\/wp-json\/wp\/v2\/users\/4"}],"replies":[{"embeddable":true,"href":"https:\/\/www.albinfo.at\/de\/wp-json\/wp\/v2\/comments?post=627816"}],"version-history":[{"count":0,"href":"https:\/\/www.albinfo.at\/de\/wp-json\/wp\/v2\/posts\/627816\/revisions"}],"wp:featuredmedia":[{"embeddable":true,"href":"https:\/\/www.albinfo.at\/de\/wp-json\/wp\/v2\/media\/547107"}],"wp:attachment":[{"href":"https:\/\/www.albinfo.at\/de\/wp-json\/wp\/v2\/media?parent=627816"}],"wp:term":[{"taxonomy":"category","embeddable":true,"href":"https:\/\/www.albinfo.at\/de\/wp-json\/wp\/v2\/categories?post=627816"},{"taxonomy":"post_tag","embeddable":true,"href":"https:\/\/www.albinfo.at\/de\/wp-json\/wp\/v2\/tags?post=627816"},{"taxonomy":"vendi","embeddable":true,"href":"https:\/\/www.albinfo.at\/de\/wp-json\/wp\/v2\/vendi?post=627816"},{"taxonomy":"content_country","embeddable":true,"href":"https:\/\/www.albinfo.at\/de\/wp-json\/wp\/v2\/content_country?post=627816"}],"curies":[{"name":"wp","href":"https:\/\/api.w.org\/{rel}","templated":true}]}}