{"id":621057,"date":"2023-01-24T17:29:07","date_gmt":"2023-01-24T16:29:07","guid":{"rendered":"https:\/\/www.albinfo.ch\/?p=621057"},"modified":"2023-01-24T18:42:33","modified_gmt":"2023-01-24T17:42:33","slug":"xhaka-wurde-zum-spieler-des-jahres-in-der-schweiz-gewaehlt","status":"publish","type":"post","link":"https:\/\/www.albinfo.at\/de\/xhaka-wurde-zum-spieler-des-jahres-in-der-schweiz-gewaehlt\/","title":{"rendered":"Xhaka wurde zum Spieler des Jahres in der Schweiz gew\u00e4hlt"},"content":{"rendered":"<p>Xhaka setzte sich gegen den letztj\u00e4hrigen Gewinner Yann Sommer (Bayern M\u00fcnchen) und Manuel Akanji (Manchester City) durch.<\/p>\n<p>Im Rahmen des Schweizer Fussballnachts, welche von der Schweizerischen Fussballvereinigung un der Schweizerischen Fussball Liga organisiert wird, wurden in Bern die besten Spieler des Jahres 2022 geehrt, berichtet albinfo.ch.<\/p>\n<p>Die Troph\u00e4e \u00abIconic\u00bb wurde in sechs Kategorien verliehen.<\/p>\n<p>Die Veranstaltung findet zurzeit statt und wird live von den Schweizer Medien \u00fcbertragen.<\/p>\n<p>\u00abDer Spieler des Jahres in der Schweiz: Granit Xhaka\u00bb<\/p>\n<p>Der 30-j\u00e4hrige Albaner ist Kapit\u00e4n und einer der wichtigsten Spieler im Schweizer Nationalteam. Ende M\u00e4rz, im Spiel gegen Kosovo, war er der sechste Schweizer, der die Marke von 100 L\u00e4nderspielen erreichte, berichtet srf.ch<\/p>\n<p>Xhaka ist auch einer der unbestrittenen besten Spieler bei Arsenal London. Er ist derzeit an der Spitze der Premier League Tabelle mit den Londonern, berichtet albinfo.ch. Xhaka hat die Wahl gegen den letztj\u00e4hrigen Gewinner Yann Sommer (Bayern M\u00fcnchen) und Manuel Akanji (Manchester City) gewonnen.<\/p>\n<p>Er hat sich in diesem Zusammenhang bei \u00aballen\u00bb bedankt, die ihn unterst\u00fctzt haben und bei all denen \u00abdie an mich geglaubt haben\u00bb. Sein Dank geht an den Trainer des Nationalteams, an seine Mitspieler, an seine Familie ect. Er hat auch gesagt, dass er sich auch bei denen bedankt, die \u00abnicht an mich geglaubt haben\u00bb, weil sie ihn dazu gebracht haben, noch besser zu werden, berichtet albinfo.ch.<\/p>\n<p>Die Schweizer Spielerin des Jahres: Ramona Bachmann, die 32-j\u00e4hrige St\u00fcrmerin hat bereits f\u00fcr Klubs wie Rosenborg, Wolfsburg und Chelsea gespielt und grosse Erfolge mit allen Klubs gefeiert. Die Spielerin aus Luzern war seit 2020 beim Paris St-Germain unter Vertrag, berichtet albinfo.ch.<\/p>\n<p>Mit den Franzosen wurde sie 2021 Meisterin und ein Jahr sp\u00e4ter Gewinnerin des Pokals. Bachmann ist seit 2007 ein fester Bestandteil des Nationalteams.<\/p>\n<p>Bisher hat sie 129 L\u00e4nderspiele bestritten und 57 Tore erzielt.<\/p>\n<p>Andere Gewinner des Abends:<\/p>\n<p>Spieler des Jahres in der Super League: Fabian Rieder (YB)<\/p>\n<p>Junger Spieler des Jahres: Fabian Rieder (YB)<\/p>\n<p>Spieler des Jahres in der Challenge League: Brighton Labeau (Lausanne-Sport)<\/p>\n<p>Beste Spielerin des Jahres in der Frauen-Super League: Fabienne Humm (FCZ).<\/p>\n<p>&nbsp;<\/p>\n","protected":false},"excerpt":{"rendered":"<p>Xhaka setzte sich gegen den letztj\u00e4hrigen Gewinner Yann Sommer (Bayern M\u00fcnchen) und Manuel Akanji (Manchester City) durch. Im Rahmen des Schweizer Fussballnachts, welche von der Schweizerischen Fussballvereinigung un der Schweizerischen Fussball Liga organisiert wird, wurden in Bern die besten Spieler des Jahres 2022 geehrt, berichtet albinfo.ch. Die Troph\u00e4e \u00abIconic\u00bb wurde in sechs Kategorien verliehen. Die [&hellip;]<\/p>\n","protected":false},"author":6,"featured_media":620891,"comment_status":"open","ping_status":"open","sticky":false,"template":"","format":"standard","meta":{"footnotes":""},"categories":[4023,1139],"tags":[],"vendi":[],"content_country":[29888,31836,31837],"class_list":["post-621057","post","type-post","status-publish","format-standard","has-post-thumbnail","hentry","category-futboll-de","category-sport","content_country-zvicer","content_country-austria-de","content_country-germany-de"],"acf":[],"_links":{"self":[{"href":"https:\/\/www.albinfo.at\/de\/wp-json\/wp\/v2\/posts\/621057","targetHints":{"allow":["GET"]}}],"collection":[{"href":"https:\/\/www.albinfo.at\/de\/wp-json\/wp\/v2\/posts"}],"about":[{"href":"https:\/\/www.albinfo.at\/de\/wp-json\/wp\/v2\/types\/post"}],"author":[{"embeddable":true,"href":"https:\/\/www.albinfo.at\/de\/wp-json\/wp\/v2\/users\/6"}],"replies":[{"embeddable":true,"href":"https:\/\/www.albinfo.at\/de\/wp-json\/wp\/v2\/comments?post=621057"}],"version-history":[{"count":0,"href":"https:\/\/www.albinfo.at\/de\/wp-json\/wp\/v2\/posts\/621057\/revisions"}],"wp:featuredmedia":[{"embeddable":true,"href":"https:\/\/www.albinfo.at\/de\/wp-json\/wp\/v2\/media\/620891"}],"wp:attachment":[{"href":"https:\/\/www.albinfo.at\/de\/wp-json\/wp\/v2\/media?parent=621057"}],"wp:term":[{"taxonomy":"category","embeddable":true,"href":"https:\/\/www.albinfo.at\/de\/wp-json\/wp\/v2\/categories?post=621057"},{"taxonomy":"post_tag","embeddable":true,"href":"https:\/\/www.albinfo.at\/de\/wp-json\/wp\/v2\/tags?post=621057"},{"taxonomy":"vendi","embeddable":true,"href":"https:\/\/www.albinfo.at\/de\/wp-json\/wp\/v2\/vendi?post=621057"},{"taxonomy":"content_country","embeddable":true,"href":"https:\/\/www.albinfo.at\/de\/wp-json\/wp\/v2\/content_country?post=621057"}],"curies":[{"name":"wp","href":"https:\/\/api.w.org\/{rel}","templated":true}]}}