{"id":612412,"date":"2022-12-16T14:39:57","date_gmt":"2022-12-16T13:39:57","guid":{"rendered":"https:\/\/www.albinfo.ch\/?p=612412"},"modified":"2023-01-06T00:41:10","modified_gmt":"2023-01-05T23:41:10","slug":"schnelleres-internet-in-der-grundversorgung","status":"publish","type":"post","link":"https:\/\/www.albinfo.at\/de\/schnelleres-internet-in-der-grundversorgung\/","title":{"rendered":"Schnelleres Internet in der Grundversorgung"},"content":{"rendered":"<div class=\"contentHead\"><strong>Der Bundesrat baut die Internet-Geschwindigkeit in der Grundversorgung aus. Ab 2024 wird die Grundversorgung neu eine \u00dcbertragungsrate von 80 Mbit\/s umfassen. Der Bundesrat hat am 16. Dezember 2022 die entsprechende Revision der Verordnung \u00fcber Fernmeldedienste gutgeheissen. Das kommt jenen zugute, die in Gebieten wohnen, in denen keine entsprechenden Angebote auf dem Markt erh\u00e4ltlich sind. Die Eidgen\u00f6ssische Kommunikationskommission ComCom kann nun das Verfahren f\u00fcr die Vergabe der n\u00e4chsten Grundversorgungskonzession lancieren.<\/strong><\/div>\n<div class=\"mod mod-nsbnewsdetails\">\n<p>Der Zugang zu zuverl\u00e4ssigen und leistungsf\u00e4higen Breitbanddiensten ist f\u00fcr alle Bev\u00f6lkerungskreise in allen Landesteilen unerl\u00e4sslich, wie gerade auch die Covid-19-Pandemie verdeutlicht hat. Das bisherige Grundversorgungsangebot wird deshalb in der neuen Konzession ab 2024 weiter ausgebaut. Mit der Revision der Verordnung \u00fcber Fernmeldedienste FDV hat der Bundesrat das Angebot den gesellschaftlichen und wirtschaftlichen Bed\u00fcrfnissen sowie dem Stand der Technik angepasst. K\u00fcnftig werden die Kundinnen und Kunden der Grundversorgung zwischen dem bisherigen Internetzugang mit einer Down- und Upload-Geschwindigkeit von 10 Mbit bzw. 1 Mbit pro Sekunde und dem neuen Internetzugang von 80\/8 Mbit\/s w\u00e4hlen k\u00f6nnen.<\/p>\n<p>Die Verordnungsanpassung sieht neu explizit das Prinzip der Subsidiarit\u00e4t vor. Stellt der Markt bereits eine Alternative bereit, ist kein Grundversorgungsangebot vorgesehen. Die Grundversorgung wird technologieneutral umgesetzt. So k\u00f6nnen Randregionen auch \u00fcber Mobilfunk- oder Satellitenl\u00f6sungen erschlossen werden. Das dient der raschen Umsetzbarkeit. Ebenso wird eine Preisobergrenze festgelegt. Ein Internetzugangsdienst mit 80\/8 Mbit\/s kostet 60 Franken im Monat (ohne Mehrwertsteuer).<\/p>\n<p>Im Rahmen der Vernehmlassung sind rund 70 Stellungnahmen eingegangen. Grossmehrheitlich begr\u00fcssten die Vernehmlassungsteilnehmenden den Vorschlag, ein Angebot f\u00fcr eine h\u00f6here Internet-Geschwindigkeit mit 80\/8 Mbit\/s in die Grundversorgung aufzunehmen.<\/p>\n<p><b>Vorbereitung und Erteilung der k\u00fcnftigen Konzession<\/b><\/p>\n<p>Swisscom ist aktuell Inhaberin der Grundversorgungskonzession, welche Ende 2023 ausl\u00e4uft. Die ComCom, die f\u00fcr die Zuteilung der Grundversorgungskonzession zust\u00e4ndig ist, kann nun die Vergabe der k\u00fcnftigen Konzession ab 2024 lancieren.<\/p>\n<p class=\"nsbtextkasten\"><b>Weitere Anpassung der Grundversorgung ab 2024<\/b><\/p>\n<p>Der Umfang der Grundversorgung wird weitgehend beibehalten. Einzig der Telefondienst mit drei Telefonnummern wird aus der Grundversorgung entfernt. Mit diesem Dienst k\u00f6nnen gleichzeitig mehrere Rufnummern bedient werden, was das parallele F\u00fchren von mehreren Gespr\u00e4chen m\u00f6glich macht. Grund f\u00fcr die Streichung dieses Angebots ist zum einen die gesunkene Nachfrage. Zum anderen h\u00e4lt der Markt ausreichend Alternativen f\u00fcr das Telefonieren mit mehreren Rufnummern bereit, zum Beispiel webbasierte Applikationen.<\/p>\n<\/div>\n","protected":false},"excerpt":{"rendered":"<p>Ebenso wird eine Preisobergrenze festgelegt. Ein Internetzugangsdienst mit 80\/8 Mbit\/s kostet 60 Franken im Monat (ohne Mehrwertsteuer)<\/p>\n","protected":false},"author":4,"featured_media":612492,"comment_status":"open","ping_status":"open","sticky":false,"template":"","format":"standard","meta":{"footnotes":""},"categories":[24006,24695,1140],"tags":[1633],"vendi":[],"content_country":[29888,31836,31837],"class_list":["post-612412","post","type-post","status-publish","format-standard","has-post-thumbnail","hentry","category-lajme-jeta-ne-zvicer-de","category-autotech-de","category-leben-in-der-schweiz","tag-zvicer-de","content_country-zvicer","content_country-austria-de","content_country-germany-de"],"acf":[],"_links":{"self":[{"href":"https:\/\/www.albinfo.at\/de\/wp-json\/wp\/v2\/posts\/612412","targetHints":{"allow":["GET"]}}],"collection":[{"href":"https:\/\/www.albinfo.at\/de\/wp-json\/wp\/v2\/posts"}],"about":[{"href":"https:\/\/www.albinfo.at\/de\/wp-json\/wp\/v2\/types\/post"}],"author":[{"embeddable":true,"href":"https:\/\/www.albinfo.at\/de\/wp-json\/wp\/v2\/users\/4"}],"replies":[{"embeddable":true,"href":"https:\/\/www.albinfo.at\/de\/wp-json\/wp\/v2\/comments?post=612412"}],"version-history":[{"count":0,"href":"https:\/\/www.albinfo.at\/de\/wp-json\/wp\/v2\/posts\/612412\/revisions"}],"wp:featuredmedia":[{"embeddable":true,"href":"https:\/\/www.albinfo.at\/de\/wp-json\/wp\/v2\/media\/612492"}],"wp:attachment":[{"href":"https:\/\/www.albinfo.at\/de\/wp-json\/wp\/v2\/media?parent=612412"}],"wp:term":[{"taxonomy":"category","embeddable":true,"href":"https:\/\/www.albinfo.at\/de\/wp-json\/wp\/v2\/categories?post=612412"},{"taxonomy":"post_tag","embeddable":true,"href":"https:\/\/www.albinfo.at\/de\/wp-json\/wp\/v2\/tags?post=612412"},{"taxonomy":"vendi","embeddable":true,"href":"https:\/\/www.albinfo.at\/de\/wp-json\/wp\/v2\/vendi?post=612412"},{"taxonomy":"content_country","embeddable":true,"href":"https:\/\/www.albinfo.at\/de\/wp-json\/wp\/v2\/content_country?post=612412"}],"curies":[{"name":"wp","href":"https:\/\/api.w.org\/{rel}","templated":true}]}}