{"id":611166,"date":"2022-12-11T18:29:37","date_gmt":"2022-12-11T17:29:37","guid":{"rendered":"https:\/\/www.albinfo.ch\/?p=611166"},"modified":"2022-12-11T18:35:06","modified_gmt":"2022-12-11T17:35:06","slug":"katar-wm-2022-hand-in-hand-mit-der-mutter-richtung-halbfinale","status":"publish","type":"post","link":"https:\/\/www.albinfo.at\/de\/katar-wm-2022-hand-in-hand-mit-der-mutter-richtung-halbfinale\/","title":{"rendered":"Katar, WM 2022: Hand in Hand mit der Mutter Richtung Halbfinale"},"content":{"rendered":"<p>\u201eWenn ich gross bin Mama, dann will ich ein Fussballstar werden!\u201c, welche Mutter kennt diesen Satz nicht? Kaum h\u00e4lt ihr Sohn zum ersten Mal einen Fussball in der Hand, blicken seine gl\u00e4nzenden Augen bereits Richtung Fussballweltmeisterschaft. Sofiane Boufal lebt diesen Traum und feiert zusammen mit seiner Mutter den 1:0 Siegeszug von Marokkos Nationalmannschaft im Fussballstadion von Katar.<\/p>\n<p>Das sensationelle 1:0 gegen Portugal verhalf der Nationalmannschaft von Marokko zu einem historischen Erfolg in der Geschichte der Fussball-Weltmeisterschaft. Die \u00fcberw\u00e4ltigende Begeisterung \u00fcberkommt das gesamte Stadion, weltweit kamen live-geschaltete Fussballmoderatoren nicht mehr aus dem Staunen raus und w\u00e4hrend das Team ausser sich war vor Freude, l\u00e4dt Sofiane Boufal seine Mutter mit aufs Spielfeld ein, nur um mit einem Freudetanz, vor den Augen der Welt\u00f6ffentlichkeit, seinen Sieg zu feiern! Es d\u00fcrfte einer dieser Momente sein, welcher uns Zuschauern auch nach der WM 2022 f\u00fcr immer in Erinnerung bleiben wird.<\/p>\n<p>Mit Bezug auf watson.ch erfahren wir, dass Boufal (29) in Paris auf die Welt zur Welt kam und zusammen mit seiner Mutter und seinen beiden Geschwistern aufgewachsen ist. Sein Vater verliess den heutigen Nationalspieler als er drei Jahre alt war, doch auf seinem langen Weg zum Fussballstar begleitete Boufals Mutter ihren Sohn Schritt f\u00fcr Schritt bis zum legend\u00e4ren Freudetanz an der WM 2022.<\/p>\n<p>https:\/\/cdn.jwplayer.com\/previews\/ROb78S3e<\/p>\n","protected":false},"excerpt":{"rendered":"<p>Sofiane Boufal lebt diesen Traum und feiert zusammen mit seiner Mutter den 1:0 Siegeszug von Marokkos Nationalmannschaft im Fussballstadion von Katar<\/p>\n","protected":false},"author":4,"featured_media":611159,"comment_status":"open","ping_status":"open","sticky":false,"template":"","format":"standard","meta":{"footnotes":""},"categories":[4023,1139],"tags":[],"vendi":[],"content_country":[29888,31836,31837],"class_list":["post-611166","post","type-post","status-publish","format-standard","has-post-thumbnail","hentry","category-futboll-de","category-sport","content_country-zvicer","content_country-austria-de","content_country-germany-de"],"acf":[],"_links":{"self":[{"href":"https:\/\/www.albinfo.at\/de\/wp-json\/wp\/v2\/posts\/611166","targetHints":{"allow":["GET"]}}],"collection":[{"href":"https:\/\/www.albinfo.at\/de\/wp-json\/wp\/v2\/posts"}],"about":[{"href":"https:\/\/www.albinfo.at\/de\/wp-json\/wp\/v2\/types\/post"}],"author":[{"embeddable":true,"href":"https:\/\/www.albinfo.at\/de\/wp-json\/wp\/v2\/users\/4"}],"replies":[{"embeddable":true,"href":"https:\/\/www.albinfo.at\/de\/wp-json\/wp\/v2\/comments?post=611166"}],"version-history":[{"count":0,"href":"https:\/\/www.albinfo.at\/de\/wp-json\/wp\/v2\/posts\/611166\/revisions"}],"wp:featuredmedia":[{"embeddable":true,"href":"https:\/\/www.albinfo.at\/de\/wp-json\/wp\/v2\/media\/611159"}],"wp:attachment":[{"href":"https:\/\/www.albinfo.at\/de\/wp-json\/wp\/v2\/media?parent=611166"}],"wp:term":[{"taxonomy":"category","embeddable":true,"href":"https:\/\/www.albinfo.at\/de\/wp-json\/wp\/v2\/categories?post=611166"},{"taxonomy":"post_tag","embeddable":true,"href":"https:\/\/www.albinfo.at\/de\/wp-json\/wp\/v2\/tags?post=611166"},{"taxonomy":"vendi","embeddable":true,"href":"https:\/\/www.albinfo.at\/de\/wp-json\/wp\/v2\/vendi?post=611166"},{"taxonomy":"content_country","embeddable":true,"href":"https:\/\/www.albinfo.at\/de\/wp-json\/wp\/v2\/content_country?post=611166"}],"curies":[{"name":"wp","href":"https:\/\/api.w.org\/{rel}","templated":true}]}}