{"id":606337,"date":"2022-11-25T19:32:49","date_gmt":"2022-11-25T18:32:49","guid":{"rendered":"https:\/\/www.albinfo.ch\/?p=606337"},"modified":"2022-11-26T12:43:18","modified_gmt":"2022-11-26T11:43:18","slug":"roland-brack-die-schweizer-wirtschaft-wird-weiterhin-dynamisch-bleiben","status":"publish","type":"post","link":"https:\/\/www.albinfo.at\/de\/roland-brack-die-schweizer-wirtschaft-wird-weiterhin-dynamisch-bleiben\/","title":{"rendered":"Roland Brack: Die Schweizer Wirtschaft wird weiterhin dynamisch bleiben\u00a0"},"content":{"rendered":"<p><span data-contrast=\"none\">Roland Brack ist Gr\u00fcnder des Onlineh\u00e4ndlers brack.ch sowie Gr\u00fcnder und Inhaber der Firmengruppe Competec, zu der neben brack.ch weitere Unternehmen aus Online- und Grosshandel geh\u00f6ren. National bekannt wurde Brack als Investor in der Schweizer Adaption der TV-Sendung DIE H\u00d6HLE DER L\u00d6WEN auf TV24.\u00a0<\/span><span data-ccp-props=\"{&quot;134233117&quot;:false,&quot;134233118&quot;:false,&quot;335559738&quot;:0,&quot;335559739&quot;:0}\">\u00a0<\/span><\/p>\n<p><strong><i>Ukraine-Krise, hohe Energiepreise, hohe Inflation &#8211; viele Unternehmer*innen leiden. Sie auch?<\/i>\u00a0<\/strong><\/p>\n<p><span data-contrast=\"none\"><strong>RB:<\/strong> Ich glaube, es gibt kaum Firmen, welche die Auswirkungen nicht sp\u00fcren. Aber im Vergleich zu den Menschen vor Ort sind die Auswirkungen f\u00fcr uns weit weniger dramatisch.<\/span><span data-ccp-props=\"{&quot;134233117&quot;:false,&quot;134233118&quot;:false,&quot;335559738&quot;:0,&quot;335559739&quot;:0}\">\u00a0<\/span><\/p>\n<p><span data-contrast=\"none\">\u202f<\/span><i><span data-contrast=\"none\">F\u00fchren Sie ihr Unternehmen in der Krise anders? Vielleicht mehr opportunit\u00e4tsgetrieben, weniger strategisch?<\/span><\/i><span data-ccp-props=\"{&quot;134233117&quot;:false,&quot;134233118&quot;:false,&quot;335559738&quot;:0,&quot;335559739&quot;:0}\">\u00a0<\/span><\/p>\n<p><span data-contrast=\"none\"><strong>RB: <\/strong>Vor 4 Jahren habe ich die F\u00fchrung vertrauensvoll in die H\u00e4nde von Martin Lorenz, dem CEO \u00fcbergeben. In Krisen gibt es aber tats\u00e4chlich erfahrungsgem\u00e4ss deutlich mehr Opportunit\u00e4ten.<\/span><span data-ccp-props=\"{&quot;134233117&quot;:false,&quot;134233118&quot;:false,&quot;335559738&quot;:0,&quot;335559739&quot;:0}\">\u00a0<\/span><\/p>\n<p><span data-contrast=\"none\">\u202f<\/span><i><span data-contrast=\"none\">Viele sagen, die Covid 19-Krise h\u00e4tte viel zur schnelleren Digitalisierung der Gesellschaft beigetragen. Teilen Sie diese Meinung?\u202f<\/span><\/i><span data-ccp-props=\"{&quot;134233117&quot;:false,&quot;134233118&quot;:false,&quot;335559738&quot;:0,&quot;335559739&quot;:0}\">\u00a0<\/span><\/p>\n<p><span data-contrast=\"none\"><strong>RB: <\/strong>Auf jeden Fall. Jetzt geht es darum, dass wir die Geschwindigkeit aufrecht erhalten k\u00f6nnen!<\/span><span data-ccp-props=\"{&quot;134233117&quot;:false,&quot;134233118&quot;:false,&quot;335559738&quot;:0,&quot;335559739&quot;:0}\">\u00a0<\/span><\/p>\n<p><i><span data-contrast=\"none\">Der Online-Handel hat stark von Covid 19 profitiert. Kein schlechtes Gewissen?<\/span><\/i><span data-ccp-props=\"{&quot;134233117&quot;:false,&quot;134233118&quot;:false,&quot;335559738&quot;:0,&quot;335559739&quot;:0}\">\u00a0<\/span><\/p>\n<p><span data-contrast=\"none\"><strong>RB: <\/strong>Wir haben versucht, unseren Teil zur sicheren Versorgung des Landes beizutragen. Ein schlechtes Gewissen habe ich deshalb nicht, bin aber auch nicht besonders stolz auf die positive Umsatzentwicklung.<\/span><span data-ccp-props=\"{&quot;134233117&quot;:false,&quot;134233118&quot;:false,&quot;335559738&quot;:0,&quot;335559739&quot;:0}\">\u00a0<\/span><\/p>\n<p><span data-contrast=\"none\">\u202f<\/span><i><span data-contrast=\"none\">Welche Ratschl\u00e4ge geben Sie einer jungen Unternehmerin und einem jungen Unternehmer, die in schwierigen Zeiten wie diesen ein Unternehmen aufbauen wollen?<\/span><\/i><span data-ccp-props=\"{&quot;134233117&quot;:false,&quot;134233118&quot;:false,&quot;335559738&quot;:0,&quot;335559739&quot;:0}\">\u00a0<\/span><\/p>\n<p><span data-contrast=\"none\"><strong>RB: <\/strong>Krisenzeiten sind auch Chancenzeiten und gr\u00f6ssere Ver\u00e4nderungen passieren oft nur unter Druck.<\/span><span data-ccp-props=\"{&quot;134233117&quot;:false,&quot;134233118&quot;:false,&quot;335559738&quot;:0,&quot;335559739&quot;:0}\">\u00a0<\/span><\/p>\n<p><span data-contrast=\"none\">\u202f<\/span><i><span data-contrast=\"none\">FDP-Nationalrat Andri Silberschmidt bem\u00e4ngelt die Innovationskraft der Schweizer Wirtschaft. Sie sei in den internationalen Rankings ins Mittelmass abgerutscht. Was kann die Politik dagegen tun? was k\u00f6nnen Sie als erfolgreicher Unternehmer dagegen tun?\u202f<\/span><\/i><span data-ccp-props=\"{&quot;134233117&quot;:false,&quot;134233118&quot;:false,&quot;335559738&quot;:0,&quot;335559739&quot;:0}\">\u00a0<\/span><\/p>\n<p><span data-contrast=\"none\"><strong>RB: <\/strong>Satte L\u00f6wen jagen nicht, da gebe ich Andri Silberschmidt recht. Aus diesem Grund setze ich mich f\u00fcr ein gut funktionierendes Startup-\u00d6kosystem ein. Wir m\u00fcssen wieder lernen, Risiken einzugehen. Ein positiver Umgang mit dem &#8220;Scheitern&#8221; w\u00e4re ebenfalls hilfreich.<\/span><span data-ccp-props=\"{&quot;134233117&quot;:false,&quot;134233118&quot;:false,&quot;335559738&quot;:0,&quot;335559739&quot;:0}\">\u00a0<\/span><\/p>\n<p><span data-contrast=\"none\">\u202f<\/span><i><span data-contrast=\"none\">Sie sind einer der L\u00f6wen in der TV-Sendung\u202fH\u00f6hle der L\u00f6wen? Bringt es einem Unternehmer etwas, in dieser Sendung auszutreten? Und welches war ihr erfolgreichstes Investment?<\/span><\/i><span data-ccp-props=\"{&quot;134233117&quot;:false,&quot;134233118&quot;:false,&quot;335559738&quot;:0,&quot;335559739&quot;:0}\">\u00a0<\/span><\/p>\n<p><span data-contrast=\"none\"><strong>RB: <\/strong>Eine Teilnahme bringt auf jeden Fall schweizweite Bekanntheit und im besten Fall sogar ein Investment. Der Dreh dauert rund 45 bis 90 Minuten, und ich h\u00f6re immer wieder von Teilnehmern, das die Fragen der L\u00f6wen wertvoll waren und sie weitergebracht haben, auch wenn es kein Investment gab. Das gef\u00e4llt mir an der Sendung, es gibt praktisch nur Gewinner. Es gibt zum Gl\u00fcck viele Startups, die auf einem sehr guten Weg sind. Aus der ersten Staffel vor 4 Jahren beispielsweise Neon, die ihr Gesch\u00e4ft von wenigen tausend auf weit \u00fcber 100&#8217;000 Kunden ausbauen konnten.<\/span><span data-ccp-props=\"{&quot;134233117&quot;:false,&quot;134233118&quot;:false,&quot;335559738&quot;:0,&quot;335559739&quot;:0}\">\u00a0<\/span><\/p>\n<p><span data-contrast=\"none\">\u202f<\/span><i><span data-contrast=\"none\">Die schweiz-albanische Community ist stark unternehmerisch gepr\u00e4gt. Welche Qualit\u00e4ten kann sie in die Schweizer Wirtschaft einbringen?\u202f<\/span><\/i><span data-ccp-props=\"{&quot;134233117&quot;:false,&quot;134233118&quot;:false,&quot;335559738&quot;:0,&quot;335559739&quot;:0}\">\u00a0<\/span><\/p>\n<p><span data-contrast=\"none\"><strong>RB: <\/strong>Genau dies: Unternehmertum ist ein wichtiges Fundament f\u00fcr ein prosperierendes Land.<\/span><span data-ccp-props=\"{&quot;134233117&quot;:false,&quot;134233118&quot;:false,&quot;335559738&quot;:0,&quot;335559739&quot;:0}\">\u00a0<\/span><\/p>\n<p><i><span data-contrast=\"none\">Wie sehen Sie die Zukunftsaussichten der Schweizer Wirtschaft?\u00a0<\/span><\/i><span data-ccp-props=\"{&quot;134233117&quot;:false,&quot;134233118&quot;:false,&quot;335559738&quot;:0,&quot;335559739&quot;:0}\">\u00a0<\/span><\/p>\n<p><span data-contrast=\"none\"><strong>RB:<\/strong>Wenn wir unsere Hausaufgaben machen, dann sehe ich auch in Zukunft grossartige Chancen.<\/span><span data-ccp-props=\"{&quot;134233117&quot;:false,&quot;134233118&quot;:false,&quot;335559738&quot;:0,&quot;335559739&quot;:0}\">\u00a0<\/span><\/p>\n<p><i><span data-contrast=\"none\">Wie die des Unternehmertums?\u00a0<\/span><\/i><span data-ccp-props=\"{&quot;134233117&quot;:false,&quot;134233118&quot;:false,&quot;335559738&quot;:0,&quot;335559739&quot;:0}\">\u00a0<\/span><\/p>\n<p><span data-contrast=\"none\"><strong>RB: <\/strong>In der Schweiz haben wir meiner Meinung nach weiterhin gute Rahmenbedingungen. Als UnternehmerIn ist eine positive optimistische Grundhaltung entscheidend, dann kommt auch der Erfolg.<\/span><span data-ccp-props=\"{&quot;134233117&quot;:false,&quot;134233118&quot;:false,&quot;335559738&quot;:0,&quot;335559739&quot;:0}\">\u00a0<\/span><\/p>\n<p><i><span data-contrast=\"none\">Und wie die des Online-Handels?<\/span><\/i><span data-ccp-props=\"{&quot;134233117&quot;:false,&quot;134233118&quot;:false,&quot;335559738&quot;:0,&quot;335559739&quot;:0}\">\u00a0<\/span><\/p>\n<p><span data-contrast=\"none\"><strong>RB: <\/strong>Da hat die Schweiz noch Potential nach oben und deshalb glaube ich, die n\u00e4chsten Jahre bleiben dynamisch.<\/span><span data-ccp-props=\"{&quot;134233117&quot;:false,&quot;134233118&quot;:false,&quot;335559738&quot;:0,&quot;335559739&quot;:0}\">\u00a0<\/span><\/p>\n<p><span data-contrast=\"none\">\u202f<\/span><i><span data-contrast=\"none\">Was sind Ihre pers\u00f6nlichen unternehmerischen Ziele?<\/span><\/i><span data-ccp-props=\"{&quot;134233117&quot;:false,&quot;134233118&quot;:false,&quot;335559738&quot;:0,&quot;335559739&quot;:0}\">\u00a0<\/span><\/p>\n<p><span data-contrast=\"none\"><strong>RB: <\/strong>Mir liegt die Lehrlingsausbildung (insbesondere auch im ICT Bereich) und die F\u00f6rderung von Unternehmertum (insbesondere durch Investments in Startups) weiterhin sehr am Herzen.<\/span><span data-ccp-props=\"{&quot;134233117&quot;:false,&quot;134233118&quot;:false,&quot;335559738&quot;:0,&quot;335559739&quot;:0}\">\u00a0<\/span><\/p>\n<p><em><strong>swissalbs 2022<\/strong><\/em><\/p>\n<p><strong>Am 26. November 2022 vergibt #swissalbs, die Dachorganisation f\u00fcr die schweizerisch-albanische Community, zum zweiten Mal in Z\u00fcrich den swissalbs Unternehmerpreis. In der Jury sind FDP-Nationalrat Andri Silberschmidt, Vllaznim Xhiha, Nadine J\u00fcrgensen, Roland Brack und Jeton Tola.\u00a0\u00a0<\/strong><\/p>\n<p><em><strong>albinfo.ch ist Mediensponsor der Veranstaltung.<\/strong><\/em><\/p>\n<p><strong>Michel Pernet hat namens von #swissalbs mit den Jury-Mitgliedern je ein Interview gegenw\u00e4rtigen wirtschaftlichen Situation und zu ihrer unternehmerischen Vita gef\u00fchrt.\u00a0<\/strong><\/p>\n","protected":false},"excerpt":{"rendered":"<p>Als UnternehmerIn ist eine positive optimistische Grundhaltung entscheidend, dann kommt auch der Erfolg<\/p>\n","protected":false},"author":4,"featured_media":606335,"comment_status":"open","ping_status":"open","sticky":false,"template":"","format":"standard","meta":{"footnotes":""},"categories":[1134,1141,1133,1140],"tags":[1633],"vendi":[],"content_country":[29888,31836,31837],"class_list":["post-606337","post","type-post","status-publish","format-standard","has-post-thumbnail","hentry","category-integration","category-themen","category-e-diaspora-de","category-leben-in-der-schweiz","tag-zvicer-de","content_country-zvicer","content_country-austria-de","content_country-germany-de"],"acf":[],"_links":{"self":[{"href":"https:\/\/www.albinfo.at\/de\/wp-json\/wp\/v2\/posts\/606337","targetHints":{"allow":["GET"]}}],"collection":[{"href":"https:\/\/www.albinfo.at\/de\/wp-json\/wp\/v2\/posts"}],"about":[{"href":"https:\/\/www.albinfo.at\/de\/wp-json\/wp\/v2\/types\/post"}],"author":[{"embeddable":true,"href":"https:\/\/www.albinfo.at\/de\/wp-json\/wp\/v2\/users\/4"}],"replies":[{"embeddable":true,"href":"https:\/\/www.albinfo.at\/de\/wp-json\/wp\/v2\/comments?post=606337"}],"version-history":[{"count":0,"href":"https:\/\/www.albinfo.at\/de\/wp-json\/wp\/v2\/posts\/606337\/revisions"}],"wp:featuredmedia":[{"embeddable":true,"href":"https:\/\/www.albinfo.at\/de\/wp-json\/wp\/v2\/media\/606335"}],"wp:attachment":[{"href":"https:\/\/www.albinfo.at\/de\/wp-json\/wp\/v2\/media?parent=606337"}],"wp:term":[{"taxonomy":"category","embeddable":true,"href":"https:\/\/www.albinfo.at\/de\/wp-json\/wp\/v2\/categories?post=606337"},{"taxonomy":"post_tag","embeddable":true,"href":"https:\/\/www.albinfo.at\/de\/wp-json\/wp\/v2\/tags?post=606337"},{"taxonomy":"vendi","embeddable":true,"href":"https:\/\/www.albinfo.at\/de\/wp-json\/wp\/v2\/vendi?post=606337"},{"taxonomy":"content_country","embeddable":true,"href":"https:\/\/www.albinfo.at\/de\/wp-json\/wp\/v2\/content_country?post=606337"}],"curies":[{"name":"wp","href":"https:\/\/api.w.org\/{rel}","templated":true}]}}