{"id":603181,"date":"2022-11-12T15:10:40","date_gmt":"2022-11-12T14:10:40","guid":{"rendered":"https:\/\/www.albinfo.ch\/?p=603181"},"modified":"2022-11-12T15:10:40","modified_gmt":"2022-11-12T14:10:40","slug":"nach-einer-ordentlichen-kontrolle-soll-die-polizei-kuenftig-eine-rechnung-ausstellen","status":"publish","type":"post","link":"https:\/\/www.albinfo.at\/de\/nach-einer-ordentlichen-kontrolle-soll-die-polizei-kuenftig-eine-rechnung-ausstellen\/","title":{"rendered":"Nach einer ordentlichen Kontrolle soll die Polizei k\u00fcnftig eine Rechnung ausstellen"},"content":{"rendered":"<p>Der Politiker Reis Luzhnica wurde in seiner Kindheit Zeuge von Racial Profiling. Dieses Problem will er nun mit einer Initiative in der Z\u00fcrcher Gemeinderat angehen.<\/p>\n<p>Zwei Gemeinder\u00e4te der SP fordern, dass die Polizei der Stadt Z\u00fcrich k\u00fcnftig Rechnungen f\u00fcr Personenkontrollen ausstellt, berichtet albinfo.ch. Die Rechnung muss Angaben zur gesuchten Person, Dienststelle und Nummer des Polizeibeamten, allgemeine Angaben wie Zeit und Ort sowie den Grund der Durchsuchung enthalten.<\/p>\n<p>Das Ziel: willk\u00fcrliche Kontrollen von Menschen aufgrund ihres Aussehens oder ihrer Herkunft zu vermindern.<\/p>\n<p>Einer der Politiker, Tr\u00e4ger der Initiative, ist Reis Luzhinca. Seit letztem Jahr ist er Stadtrat von Z\u00fcrich und als Gemeinderat der SP unterwegs.<\/p>\n<p>Wie in einer Stadtrat Sitzung angegeben, wurde der 32-J\u00e4hrige albanischer Abstammung w\u00e4hrend seiner Kindheit st\u00e4ndig von der Polizei kontrolliert. Er sei regelm\u00e4sig mit seinen Freunden in Polizei-Kontrollen geraten, wobei die Polizisten ausschliesslich ihn einer Kontrolle unterzogen, berichtet der &#8220;Tagesanzeiger&#8221;.<\/p>\n<p>Trotz einiger Gegenstimmen \u2013 der Antrag wurde angenommen.<\/p>\n<p>Das Postulat wurde neben dem SP auch von den Vertretern von GLP und AL in der Versammlung gebilligt. Allerdings war die Sicherheitschefin Karin Rykart (von den Gr\u00fcnen) von dem Vorhaben nicht sofort zu begeistern.<\/p>\n<p>Die Stadt habe bereits ausreichend Massnahmen gegen Racial Profiling ergriffen, sagt sie dem Tagesanzeiger. \u201eDie Rechnung mit Vor- und Nachnamen stellt keinen Mehrwert dar\u201c.<\/p>\n<p>Auch bei FDP und SVP kam die Initiative nicht gut an. Diese Parteien bef\u00fcrchten, dass die Gesetzesvorlagen ein &#8220;b\u00fcrokratisches Monster&#8221; schaffen, berichtet albinfo.ch. Die Initiative wurde jedoch vom Stadtrat mit 72 Ja-Stimmen und 41 Nein-Stimmen angenommen.<\/p>\n","protected":false},"excerpt":{"rendered":"<p>F\u00fcr die Initiative des politikers Reis Luzhnica wurde der erste Meilenstein gesetzt: Nach einer ordentlichen Kontrolle soll die Polizei k\u00fcnftig eine Rechnung ausstellen<\/p>\n","protected":false},"author":4,"featured_media":495341,"comment_status":"open","ping_status":"open","sticky":false,"template":"","format":"standard","meta":{"footnotes":""},"categories":[24636,1134,1141,24006,1133,1140,1412,2015],"tags":[],"vendi":[],"content_country":[29888,31836,31837],"class_list":["post-603181","post","type-post","status-publish","format-standard","has-post-thumbnail","hentry","category-nachrichten-de-4","category-integration","category-themen","category-lajme-jeta-ne-zvicer-de","category-e-diaspora-de","category-leben-in-der-schweiz","category-newsletter-de","category-newsletter-media-de","content_country-zvicer","content_country-austria-de","content_country-germany-de"],"acf":[],"_links":{"self":[{"href":"https:\/\/www.albinfo.at\/de\/wp-json\/wp\/v2\/posts\/603181","targetHints":{"allow":["GET"]}}],"collection":[{"href":"https:\/\/www.albinfo.at\/de\/wp-json\/wp\/v2\/posts"}],"about":[{"href":"https:\/\/www.albinfo.at\/de\/wp-json\/wp\/v2\/types\/post"}],"author":[{"embeddable":true,"href":"https:\/\/www.albinfo.at\/de\/wp-json\/wp\/v2\/users\/4"}],"replies":[{"embeddable":true,"href":"https:\/\/www.albinfo.at\/de\/wp-json\/wp\/v2\/comments?post=603181"}],"version-history":[{"count":0,"href":"https:\/\/www.albinfo.at\/de\/wp-json\/wp\/v2\/posts\/603181\/revisions"}],"wp:featuredmedia":[{"embeddable":true,"href":"https:\/\/www.albinfo.at\/de\/wp-json\/wp\/v2\/media\/495341"}],"wp:attachment":[{"href":"https:\/\/www.albinfo.at\/de\/wp-json\/wp\/v2\/media?parent=603181"}],"wp:term":[{"taxonomy":"category","embeddable":true,"href":"https:\/\/www.albinfo.at\/de\/wp-json\/wp\/v2\/categories?post=603181"},{"taxonomy":"post_tag","embeddable":true,"href":"https:\/\/www.albinfo.at\/de\/wp-json\/wp\/v2\/tags?post=603181"},{"taxonomy":"vendi","embeddable":true,"href":"https:\/\/www.albinfo.at\/de\/wp-json\/wp\/v2\/vendi?post=603181"},{"taxonomy":"content_country","embeddable":true,"href":"https:\/\/www.albinfo.at\/de\/wp-json\/wp\/v2\/content_country?post=603181"}],"curies":[{"name":"wp","href":"https:\/\/api.w.org\/{rel}","templated":true}]}}