{"id":599160,"date":"2022-10-27T16:35:27","date_gmt":"2022-10-27T14:35:27","guid":{"rendered":"https:\/\/www.albinfo.ch\/?p=599160"},"modified":"2022-10-27T16:36:17","modified_gmt":"2022-10-27T14:36:17","slug":"bundesasylzentren-an-kapazitaetsgrenze-fruehere-austritte-in-kantone-noetig","status":"publish","type":"post","link":"https:\/\/www.albinfo.at\/de\/bundesasylzentren-an-kapazitaetsgrenze-fruehere-austritte-in-kantone-noetig\/","title":{"rendered":"Bundesasylzentren an Kapazit\u00e4tsgrenze \u2013 fr\u00fchere Austritte in Kantone n\u00f6tig"},"content":{"rendered":"<div class=\"contentHead\"><strong>Die Zahl der Asylsuchenden, die ein Asylgesuch in der Schweiz einreichen, bleibt unvermindert hoch. Die Unterk\u00fcnfte des Bundes sind ausgelastet und verf\u00fcgen kaum noch \u00fcber freie Betten. Damit auch weiterhin alle Asylsuchenden aufgenommen, untergebracht und versorgt werden k\u00f6nnen, nimmt das SEM laufend neue Unterk\u00fcnfte in Betrieb. Dies reicht aber nicht aus. Um jedem Asylsuchenden einen Unterbringungsplatz in den Bundesasylzentren (BAZ) garantieren zu k\u00f6nnen, wird ein Teil der Asylsuchenden den Kantonen vor\u00fcbergehend fr\u00fcher zugewiesen als bisher.<\/strong><\/div>\n<div class=\"mod mod-nsbnewsdetails\">\n<p>Aktuell stellen rund 800 Menschen pro Woche in der Schweiz ein Asylgesuch. Insbesondere in den Asylregionen West- und Nordwestschweiz f\u00fchrt dieser stete Zustrom neuer Asylsuchender zu Kapazit\u00e4tsengp\u00e4ssen bei der Unterbringung und Betreuung. Auch in den restlichen Asylregionen Bern, Tessin-Zentralschweiz, Z\u00fcrich und Ostschweiz ist die Kapazit\u00e4tsgrenze ann\u00e4hernd erreicht. Obwohl in allen Regionen weitere Betten und Unterk\u00fcnfte bereitgestellt und zus\u00e4tzliche Mitarbeitende rekrutiert wurden, bleibt die Situation sehr angespannt. In enger Zusammenarbeit mit der Schweizer Armee wurden schweizweit gegen 20 Objekte in Betrieb genommen oder daf\u00fcr vorbereitet. So wurden in den letzten Wochen unter anderem Mehrzweckhallen in Bure, Thun und Chamblon f\u00fcr die Aufnahme gefl\u00fcchteter Menschen aktiviert, weiter ist die Inbetriebnahme von Mehrzweckhallen in Sch\u00f6nb\u00fchl und Emmen geplant.<\/p>\n<p>Im Normalfall weilen die Asylsuchenden w\u00e4hrend des beschleunigten Asylverfahrens bis zu 140 Tage in den BAZ. Auf Basis der \u00abEckwerte der gemeinsamen Notfallplanung von Bund und Kantonen im Bereich Asyl\u00bb und des Asylgesetzes wurde angesichts der kritischen Unterbringungssituation entschieden, Personen mit einer Wegweisungsverf\u00fcgung bereits vor Ablauf der 140 Tage den Kantonen zu \u00fcberstellen. Diese Massnahme wird ab Donnerstag, 27. Oktober 2022, umgesetzt. In einem zweiten Schritt werden eine Woche sp\u00e4ter auch Personen, deren Asylverfahren noch nicht abgeschlossen ist, fr\u00fchzeitig in die Kantone austreten. Ausgeschlossen von der zweiten Massnahme bleiben Personen in einem Dublin-Verfahren, solche aus Afghanistan, unbegleitete minderj\u00e4hrige Asylsuchende (UMA) oder solche aus einem Herkunftsland mit einer sehr tiefen Schutzquote. Bei diesen kommt ein zus\u00e4tzlich beschleunigtes Asylverfahren in den BAZ zur Anwendung.<\/p>\n<p>Die Kantone m\u00fcssen sich darauf einstellen, dass sie vor\u00fcbergehend bis zu 1000 Asylsuchende pro Woche aufnehmen m\u00fcssen statt wie bisher 500. Diese Personen werden bev\u00f6lkerungsproportional auf die Kantone verteilt. Dank dieser Massnahme bleiben die BAZ f\u00fcr die Aufnahme und Unterbringung neu ankommender Asylsuchender aufnahmef\u00e4hig und k\u00f6nnen die n\u00f6tigen Verfahrensschritte unmittelbar in die Wege leiten.<\/p>\n<p>Das SEM dankt den Kantonen, St\u00e4dten und Gemeinden f\u00fcr deren Unterst\u00fctzung zur Bew\u00e4ltigung dieser grossen Verbundaufgabe.<\/p>\n<\/div>\n","protected":false},"excerpt":{"rendered":"<p>Um jedem Asylsuchenden einen Unterbringungsplatz in den Bundesasylzentren (BAZ) garantieren zu k\u00f6nnen, wird ein Teil der Asylsuchenden den Kantonen vor\u00fcbergehend fr\u00fcher zugewiesen als bisher<\/p>\n","protected":false},"author":4,"featured_media":547107,"comment_status":"open","ping_status":"open","sticky":false,"template":"","format":"standard","meta":{"footnotes":""},"categories":[24006,1140],"tags":[1633,1918],"vendi":[],"content_country":[29888,31836,31837],"class_list":["post-599160","post","type-post","status-publish","format-standard","has-post-thumbnail","hentry","category-lajme-jeta-ne-zvicer-de","category-leben-in-der-schweiz","tag-zvicer-de","tag-azil-fr-de","content_country-zvicer","content_country-austria-de","content_country-germany-de"],"acf":[],"_links":{"self":[{"href":"https:\/\/www.albinfo.at\/de\/wp-json\/wp\/v2\/posts\/599160","targetHints":{"allow":["GET"]}}],"collection":[{"href":"https:\/\/www.albinfo.at\/de\/wp-json\/wp\/v2\/posts"}],"about":[{"href":"https:\/\/www.albinfo.at\/de\/wp-json\/wp\/v2\/types\/post"}],"author":[{"embeddable":true,"href":"https:\/\/www.albinfo.at\/de\/wp-json\/wp\/v2\/users\/4"}],"replies":[{"embeddable":true,"href":"https:\/\/www.albinfo.at\/de\/wp-json\/wp\/v2\/comments?post=599160"}],"version-history":[{"count":0,"href":"https:\/\/www.albinfo.at\/de\/wp-json\/wp\/v2\/posts\/599160\/revisions"}],"wp:featuredmedia":[{"embeddable":true,"href":"https:\/\/www.albinfo.at\/de\/wp-json\/wp\/v2\/media\/547107"}],"wp:attachment":[{"href":"https:\/\/www.albinfo.at\/de\/wp-json\/wp\/v2\/media?parent=599160"}],"wp:term":[{"taxonomy":"category","embeddable":true,"href":"https:\/\/www.albinfo.at\/de\/wp-json\/wp\/v2\/categories?post=599160"},{"taxonomy":"post_tag","embeddable":true,"href":"https:\/\/www.albinfo.at\/de\/wp-json\/wp\/v2\/tags?post=599160"},{"taxonomy":"vendi","embeddable":true,"href":"https:\/\/www.albinfo.at\/de\/wp-json\/wp\/v2\/vendi?post=599160"},{"taxonomy":"content_country","embeddable":true,"href":"https:\/\/www.albinfo.at\/de\/wp-json\/wp\/v2\/content_country?post=599160"}],"curies":[{"name":"wp","href":"https:\/\/api.w.org\/{rel}","templated":true}]}}