{"id":592909,"date":"2022-10-01T14:22:09","date_gmt":"2022-10-01T12:22:09","guid":{"rendered":"https:\/\/www.albinfo.ch\/?p=592909"},"modified":"2022-10-04T01:57:55","modified_gmt":"2022-10-03T23:57:55","slug":"swas-kommentiert-die-putzfrau-den-tod-von-shqiponja-isufi","status":"publish","type":"post","link":"https:\/\/www.albinfo.at\/de\/swas-kommentiert-die-putzfrau-den-tod-von-shqiponja-isufi\/","title":{"rendered":"Wie   kommentiert die Putzfrau den Tod von Shqiponja Isufi?"},"content":{"rendered":"<p>Die Schweizer Medien berichten fortlaufend \u00fcber den Tod der kosovarischen \u00d6konomin Shqiponja Isufi, welche tot in Ihrer Wohnung in der Schweiz aufgefunden wurde, verweist Albinfo.<\/p>\n<p>Wie albinfo.ch zuvor berichtete, wurde sie am Sonntagmorgen tot im Badezimmer ihrer Wohnung aufgefunden. Die Staatsanwaltschaft vermutet einen Mord.<\/p>\n<p>Unterdessen wurde am Montag dieser Woche ein Verd\u00e4chtiger festgenommen.\u00a0Shqiponja wurde laut Kantonspolizei Aargau am Sonntagmorgen in einer Wohnung in Bergdietikon AG aufgefunden. Die Frau soll sich im Badezimmer ihres Hauses eingeschlossen und nicht auf Anrufe von Familienmitgliedern reagiert haben.<\/p>\n<p>Als die Putzfrau zum Haus des Paares fuhr, um wie gewohnt die Innenr\u00e4ume zu reinigen, traute sie ihren Augen nicht. Sie sah den Polizeistempel an der T\u00fcr und erfuhr dann vom Mord. \u201eMein Gott, das ist unm\u00f6glich. Beide (das Paar) hatten schon immer eine sehr gute Beziehung zueinander&#8221;, sagt sie.<\/p>\n<p>Sie sei noch immer fassungslos \u00fcber den Fall: &#8220;Es ist sehr traurig, dass so etwas passiert.&#8221;Rettungskr\u00e4fte, die schnell eintrafen, konnten die T\u00fcr zwar aufbrechen, fanden die Frau jedoch leblos vor.<\/p>\n<p>Die daraufhin eingeleiteten Ermittlungen ergaben Unklarheiten \u00fcber den vorgefundenen Sachverhalt. Aus diesem Grund wurde eine Obduktion der Leiche angeordnet. Spuren und Ergebnisse forensischer Untersuchungen weisen auf Fremdeinwirkung hin.<\/p>\n<p>Als Ergebnis der Ermittlungen wurde ein Schweizer (47) Angeh\u00f6riger des Verstorbenen festgenommen. Im Zusammenhang mit dem Gewaltdelikt hat die Staatsanwaltschaft Baden ein Strafverfahren wegen vors\u00e4tzlicher T\u00f6tung er\u00f6ffnet und beim Gericht Zwangsmassnahmen zur Festnahme des Verd\u00e4chtigen beantragt.<\/p>\n<p>Wie der \u00abTages-Anzeiger\u00bb berichtet, handelt es sich bei der Toten um die \u00d6konomin Shqiponja Isufi.<\/p>\n<p>Bei dem Festgenommenen handelt es sich bekanntermassen um den Ehemann der Albanerin aus dem Kosovo. Sie arbeitete f\u00fcr eine internationale Wirtschaftspr\u00fcfungs- und Beratungsorganisation und hatte einen Lehrauftrag an einer Schweizer Universit\u00e4t inne.<\/p>\n<p>Die genauen Umst\u00e4nde und Hintergr\u00fcnde der Tat sind noch unklar und Gegenstand laufender Ermittlungen der Staatsanwaltschaft Baden und der Kantonspolizei Aargau.<\/p>\n<p>&nbsp;<\/p>\n<p>&nbsp;<\/p>\n<p>&nbsp;<\/p>\n","protected":false},"excerpt":{"rendered":"<p>In der Schweizer Medienlandschaft schl\u00e4gt der Fall Shqiponja Isufit erneut hohe Wellen. <\/p>\n","protected":false},"author":6,"featured_media":592711,"comment_status":"open","ping_status":"open","sticky":false,"template":"","format":"standard","meta":{"footnotes":""},"categories":[24636,24006,24631,1133,1140],"tags":[],"vendi":[],"content_country":[29888,31836,31837],"class_list":["post-592909","post","type-post","status-publish","format-standard","has-post-thumbnail","hentry","category-nachrichten-de-4","category-lajme-jeta-ne-zvicer-de","category-nachrichten-de-2","category-e-diaspora-de","category-leben-in-der-schweiz","content_country-zvicer","content_country-austria-de","content_country-germany-de"],"acf":[],"_links":{"self":[{"href":"https:\/\/www.albinfo.at\/de\/wp-json\/wp\/v2\/posts\/592909","targetHints":{"allow":["GET"]}}],"collection":[{"href":"https:\/\/www.albinfo.at\/de\/wp-json\/wp\/v2\/posts"}],"about":[{"href":"https:\/\/www.albinfo.at\/de\/wp-json\/wp\/v2\/types\/post"}],"author":[{"embeddable":true,"href":"https:\/\/www.albinfo.at\/de\/wp-json\/wp\/v2\/users\/6"}],"replies":[{"embeddable":true,"href":"https:\/\/www.albinfo.at\/de\/wp-json\/wp\/v2\/comments?post=592909"}],"version-history":[{"count":0,"href":"https:\/\/www.albinfo.at\/de\/wp-json\/wp\/v2\/posts\/592909\/revisions"}],"wp:featuredmedia":[{"embeddable":true,"href":"https:\/\/www.albinfo.at\/de\/wp-json\/wp\/v2\/media\/592711"}],"wp:attachment":[{"href":"https:\/\/www.albinfo.at\/de\/wp-json\/wp\/v2\/media?parent=592909"}],"wp:term":[{"taxonomy":"category","embeddable":true,"href":"https:\/\/www.albinfo.at\/de\/wp-json\/wp\/v2\/categories?post=592909"},{"taxonomy":"post_tag","embeddable":true,"href":"https:\/\/www.albinfo.at\/de\/wp-json\/wp\/v2\/tags?post=592909"},{"taxonomy":"vendi","embeddable":true,"href":"https:\/\/www.albinfo.at\/de\/wp-json\/wp\/v2\/vendi?post=592909"},{"taxonomy":"content_country","embeddable":true,"href":"https:\/\/www.albinfo.at\/de\/wp-json\/wp\/v2\/content_country?post=592909"}],"curies":[{"name":"wp","href":"https:\/\/api.w.org\/{rel}","templated":true}]}}