{"id":568596,"date":"2022-06-13T13:50:05","date_gmt":"2022-06-13T11:50:05","guid":{"rendered":"https:\/\/www.albinfo.ch\/?p=568596"},"modified":"2022-06-13T13:39:57","modified_gmt":"2022-06-13T11:39:57","slug":"wahl-der-schweiz-in-den-uno-sicherheitsrat","status":"publish","type":"post","link":"https:\/\/www.albinfo.at\/de\/wahl-der-schweiz-in-den-uno-sicherheitsrat\/","title":{"rendered":"Wahl der Schweiz in den UNO-Sicherheitsrat"},"content":{"rendered":"<div class=\"contentHead\"><strong>Die UNO-Generalversammlung hat am 9. Juni 2022 die Schweiz als nichtst\u00e4ndiges Mitglied in den UNO-Sicherheitsrat gew\u00e4hlt. Das zweij\u00e4hrige Mandat dauert vom 1. Januar 2023 bis zum 31. Dezember 2024. Die Schweiz wird nun ihre St\u00e4rken zugunsten von Frieden und Sicherheit einbringen k\u00f6nnen, sich als neutrales Land positionieren, um Br\u00fccken zu bauen und \u00fcber den direkten Zugang zu den wichtigsten Akteuren des Weltgeschehens ihre Interessenwahrung st\u00e4rken. Der Sitz im Sicherheitsrat wird ein Hebel sein, damit die Schweiz die eigenen Positionen st\u00e4rker einbringen kann, um so als glaubw\u00fcrdige Partnerin Einfluss auf internationale Entwicklungen zu nehmen.<\/strong><\/div>\n<div class=\"mod mod-nsbnewsdetails\">\n<p>Heute wurde die Schweiz von der UNO-Generalversammlung in New York mit 187 von 190 Stimmen in den UNO-Sicherheitsrat gew\u00e4hlt. Seit dem UNO-Beitritt der Schweiz 2002 wurde noch kein Land der regionalen Gruppe \u00abwesteurop\u00e4ische und andere L\u00e4nder\u00bb mit einem besseren Ergebnis gew\u00e4hlt. Dies ist ein starkes Zeichen f\u00fcr die Unterst\u00fctzung und das Vertrauen, welches die Weltgemeinschaft der Schweiz entgegenbringt. \u00abWir freuen uns \u00fcber die Wahl. Wir begegnen dieser Aufgabe mit Respekt und sind bereit, uns im Sicherheitsrat konstruktiv einzubringen und Verantwortung zu \u00fcbernehmen\u00bb, sagte Bundespr\u00e4sident Ignazio Cassis, der vor Ort an der Wahl teilgenommen hat.<\/p>\n<p><b>Der UNO-Sicherheitsrat und die Schweiz verfolgen gleiche Ziele<br \/>\n<\/b><br \/>\nDas Mandat des Sicherheitsrats, sich f\u00fcr die Wahrung des Weltfriedens und der internationalen Sicherheit einzusetzen, deckt sich mit dem aussenpolitischen Kernauftrag der Schweiz. Gem\u00e4ss Bundesverfassung leistet die Schweiz einen Beitrag f\u00fcr ein friedliches Zusammenleben der V\u00f6lker und die Erhaltung der nat\u00fcrlichen Lebensgrundlagen. Mit dem erstmaligen Einsitz im Sicherheitsrat kann die Schweiz diesen Auftrag noch besser erf\u00fcllen. Gleichzeitig setzt sie damit ein priorit\u00e4res Ziel der Aussenpolitischen Strategie 2020-2023 im Bereich Frieden und Sicherheit um. \u00abWir m\u00f6chten die Schweizer Expertise f\u00fcr Frieden in der Welt einbringen, unsere Werte vertreten und als neutrales Land zu kompromissf\u00e4higen L\u00f6sungen beitragen\u00bb, erkl\u00e4rt der Bundespr\u00e4sident die Rolle der Schweiz im Sicherheitsrat.<\/p>\n<p>F\u00fcr ihren Einsitz im Sicherheitsrat will sich die Schweiz vier Priorit\u00e4ten setzen: Nachhaltigen Frieden f\u00f6rdern, die Zivilbev\u00f6lkerung sch\u00fctzen, Klimasicherheit angehen und die Effizienz des Sicherheitsrats st\u00e4rken. Im Laufe des Sommers werden die Aussenpolitischen Kommissionen des National- und St\u00e4nderates (APK) zu den Priorit\u00e4ten konsultiert. Im Anschluss verabschiedet der Bundesrat die Priorit\u00e4ten definitiv.<\/p>\n<p><b>Mehr als zehn Jahre Vorbereitung auf die Wahl und den Einsitz<br \/>\n<\/b><br \/>\nVor 20 Jahren stimmte die Schweizer Bev\u00f6lkerung dem Beitritt der Schweiz zur UNO zu. Nach umfangreichen Konsultationen mit dem Parlament reichte der Bundesrat 2011 die Schweizer Kandidatur f\u00fcr den Sicherheitsrat ein. Ein Bericht des Bundesrates best\u00e4tigte 2015 die Vereinbarkeit des Einsitzes mit der Schweizer Neutralit\u00e4t. Die Schweiz hat die Kandidatur und ihr Profil mit dem Slogan \u00abUn Plus Pour La Paix \/ A Plus For Peace\u00bb bekannt gemacht. Nun sind die Vorbereitungsarbeiten im Hinblick auf den Einsitz im Gang. Unter anderem hat der Bundesrat in den vergangenen Monaten die verwaltungsinternen Koordinations- und Entscheidprozesse definiert sowie im Austausch mit den APK die Modalit\u00e4ten des Einbezugs des Parlaments festgelegt.<\/p>\n<p><b>St\u00e4ndige und nichtst\u00e4ndige Mitglieder des Sicherheitsrats<br \/>\n<\/b><br \/>\nDer Sicherheitsrat ist ein Hauptorgan der UNO und besteht seit 1946. Er setzt sich aus f\u00fcnf st\u00e4ndigen Mitgliedern (Frankreich, Russland, USA, China und das Vereinigte K\u00f6nigreich \u2013P5) und zehn nichtst\u00e4ndigen Mitgliedern zusammen (E10). Letztere werden von der UNO-Generalversammlung f\u00fcr jeweils zwei Jahre gew\u00e4hlt. Zusammen mit der Schweiz wurden heute auch Malta, Japan, Ecuador und Mosambik in den Rat gew\u00e4hlt. Zus\u00e4tzlich werden 2023 auch Albanien, Brasilien, die Vereinigten Arabischen Emirate, Ghana und Gabun im Rat vertreten sein. Die st\u00e4ndigen Mitglieder haben bei der Verabschiedung von Resolutionen ein Vetorecht. Dennoch sind sie auf die nichtst\u00e4ndigen Mitglieder angewiesen: F\u00fcr einen Beschluss im Sicherheitsrat braucht es mindestens neun Stimmen. Zudem gehen von den nichtst\u00e4ndigen Mitgliedern regelm\u00e4ssig wichtige inhaltliche Impulse f\u00fcr die Arbeit des Sicherheitsrats aus.<\/p>\n<\/div>\n","protected":false},"excerpt":{"rendered":"<p>Seit dem UNO-Beitritt der Schweiz 2002 wurde noch kein Land der regionalen Gruppe \u00abwesteurop\u00e4ische und andere L\u00e4nder\u00bb mit einem besseren Ergebnis gew\u00e4hlt<\/p>\n","protected":false},"author":4,"featured_media":568597,"comment_status":"open","ping_status":"open","sticky":false,"template":"","format":"standard","meta":{"footnotes":""},"categories":[24006,1140],"tags":[],"vendi":[],"content_country":[29888,31836,31837],"class_list":["post-568596","post","type-post","status-publish","format-standard","has-post-thumbnail","hentry","category-lajme-jeta-ne-zvicer-de","category-leben-in-der-schweiz","content_country-zvicer","content_country-austria-de","content_country-germany-de"],"acf":[],"_links":{"self":[{"href":"https:\/\/www.albinfo.at\/de\/wp-json\/wp\/v2\/posts\/568596","targetHints":{"allow":["GET"]}}],"collection":[{"href":"https:\/\/www.albinfo.at\/de\/wp-json\/wp\/v2\/posts"}],"about":[{"href":"https:\/\/www.albinfo.at\/de\/wp-json\/wp\/v2\/types\/post"}],"author":[{"embeddable":true,"href":"https:\/\/www.albinfo.at\/de\/wp-json\/wp\/v2\/users\/4"}],"replies":[{"embeddable":true,"href":"https:\/\/www.albinfo.at\/de\/wp-json\/wp\/v2\/comments?post=568596"}],"version-history":[{"count":0,"href":"https:\/\/www.albinfo.at\/de\/wp-json\/wp\/v2\/posts\/568596\/revisions"}],"wp:featuredmedia":[{"embeddable":true,"href":"https:\/\/www.albinfo.at\/de\/wp-json\/wp\/v2\/media\/568597"}],"wp:attachment":[{"href":"https:\/\/www.albinfo.at\/de\/wp-json\/wp\/v2\/media?parent=568596"}],"wp:term":[{"taxonomy":"category","embeddable":true,"href":"https:\/\/www.albinfo.at\/de\/wp-json\/wp\/v2\/categories?post=568596"},{"taxonomy":"post_tag","embeddable":true,"href":"https:\/\/www.albinfo.at\/de\/wp-json\/wp\/v2\/tags?post=568596"},{"taxonomy":"vendi","embeddable":true,"href":"https:\/\/www.albinfo.at\/de\/wp-json\/wp\/v2\/vendi?post=568596"},{"taxonomy":"content_country","embeddable":true,"href":"https:\/\/www.albinfo.at\/de\/wp-json\/wp\/v2\/content_country?post=568596"}],"curies":[{"name":"wp","href":"https:\/\/api.w.org\/{rel}","templated":true}]}}