{"id":560863,"date":"2022-05-10T11:04:18","date_gmt":"2022-05-10T09:04:18","guid":{"rendered":"https:\/\/www.albinfo.ch\/?p=560863"},"modified":"2022-05-10T11:06:22","modified_gmt":"2022-05-10T09:06:22","slug":"nouvelle-piece-speciale-en-or-100-ans-derniere-frappe-du-vreneli-de-10-francs","status":"publish","type":"post","link":"https:\/\/www.albinfo.at\/de\/nouvelle-piece-speciale-en-or-100-ans-derniere-frappe-du-vreneli-de-10-francs\/","title":{"rendered":"Neue Schweizer Sonderm\u00fcnze in Gold \u00ab100 Jahre letzte Pr\u00e4gung 10-Franken-Vreneli\u00bb"},"content":{"rendered":"<p style=\"background: white; margin: 0cm 0cm 16.3pt 0cm;\"><strong><span style=\"font-size: 13.0pt; font-family: 'Helvetica',sans-serif; color: #454545;\">Mit der am 11. Mai 2022 herausgegebenen Goldm\u00fcnze \u00ab100 Jahre letzte Pr\u00e4gung 10-Franken-Vreneli erinnert Swissmint an die letzte Pr\u00e4gung dieser Goldvreneli mit Nominalwert 10 Franken im Jahre 1922.<\/span><\/strong><\/p>\n<p style=\"background: white; box-sizing: border-box; font-variant-ligatures: normal; font-variant-caps: normal; orphans: 2; text-align: start; widows: 2; -webkit-text-stroke-width: 0px; text-decoration-thickness: initial; text-decoration-style: initial; text-decoration-color: initial; word-spacing: 0px; margin: 0cm 0cm 16.3pt 0cm;\"><b style=\"box-sizing: border-box;\"><span style=\"font-size: 13.0pt; font-family: 'Helvetica',sans-serif; color: #454545;\">\u00ab100 Jahre letzte Pr\u00e4gung 10-Franken-Vreneli\u00bb als 50-Franken-Goldm\u00fcnze<\/span><\/b><\/p>\n<p style=\"background: white; box-sizing: border-box; font-variant-ligatures: normal; font-variant-caps: normal; orphans: 2; text-align: start; widows: 2; -webkit-text-stroke-width: 0px; text-decoration-thickness: initial; text-decoration-style: initial; text-decoration-color: initial; word-spacing: 0px; margin: 0cm 0cm 16.3pt 0cm;\"><span style=\"font-size: 13.0pt; font-family: 'Helvetica',sans-serif; color: #454545;\">Das 10-Franken-Goldvreneli mit einer nach links schauenden Frauenb\u00fcste, das volle Haar zu einem Zopf geflochten sowie um die Schultern einen Kranz von Edelweiss, wurde letztmals 1922 gepr\u00e4gt. Es ist die kleine Schwester des legend\u00e4ren 20-Franken-Goldvreneli und wurde zwischen 1911 und 1922 in der M\u00fcnzst\u00e4tte der Schweiz in Bern hergestellt. Aufgrund der geringen Dicke der verwendeten Rondelle und der Beschaffenheit des Reliefs der Bildseite musste die Wertseite des 10-Franken-Vreneli allerdings neu gestaltet werden. So zeigt sie im oberen Bereich das Schweizer Kreuz inmitten eines Strahlenkranzes, in der Mitte den Nennwert und die Jahreszahl. Im unteren Bereich sind Zweige mit Bl\u00fcten von Alpenrose und Enzian abgebildet. Ganz unten ist das M\u00fcnzzeichen \u00abB\u00bb f\u00fcr Bern angebracht. Das Gewicht der M\u00fcnze liegt bei 3,226 Gramm mit einem Gold-Feingehalt von 900\/1000. Der Durchmesser betr\u00e4gt 19\u00a0Millimeter. Gesamthaft wurden in den Jahren 1911 bis 1922 2,65 Mio. M\u00fcnzen gepr\u00e4gt.<\/span><\/p>\n<p style=\"background: white; box-sizing: border-box; font-variant-ligatures: normal; font-variant-caps: normal; orphans: 2; text-align: start; widows: 2; -webkit-text-stroke-width: 0px; text-decoration-thickness: initial; text-decoration-style: initial; text-decoration-color: initial; word-spacing: 0px; margin: 0cm 0cm 16.3pt 0cm;\"><span style=\"font-size: 13.0pt; font-family: 'Helvetica',sans-serif; color: #454545;\">Mit der Ausgabe der 50-Franken-Goldm\u00fcnze erinnert Swissmint 100 Jahre sp\u00e4ter an die letzte Pr\u00e4gung des 10-Franken-Goldvreneli im Jahre 1922. Die Bildseite zeigt in Anlehnung an die letzte ausgef\u00fchrte Pr\u00e4gung die Zahl 100, wobei beide Nullen \u00fcbereinandergelegt dargestellt sind. Im Inneren der zweiten Null ist ein vergr\u00f6sserter Ausschnitt der nach links schauenden Frauenb\u00fcste des Originalvreneli ersichtlich. Am unteren M\u00fcnzrand stehen, getrennt durch einen senkrechten Strich, die Jahreszahlen 1911 und 1922 f\u00fcr die Zeitspanne, w\u00e4hrend der die 10-Franken-Goldvreneli herausgegeben wurden. Die Wertseite der urspr\u00fcnglichen Pr\u00e4gung wurde mit zwei kleinen Anpassungen \u00fcbernommen. Neu betr\u00e4gt der Nominalwert 50\u00a0Franken und das Pr\u00e4gejahr ist 2022.<\/span><\/p>\n<p style=\"background: white; box-sizing: border-box; font-variant-ligatures: normal; font-variant-caps: normal; orphans: 2; text-align: start; widows: 2; -webkit-text-stroke-width: 0px; text-decoration-thickness: initial; text-decoration-style: initial; text-decoration-color: initial; word-spacing: 0px; margin: 0cm 0cm 16.3pt 0cm;\"><span style=\"font-size: 13.0pt; font-family: 'Helvetica',sans-serif; color: #454545;\">Die neue Sonderpr\u00e4gung von Swissmint ist ab 11. Mai 2022 in limitierter Auflage unter www.swissmintshop.ch sowie bei einzelnen M\u00fcnzh\u00e4ndlern und Banken erh\u00e4ltlich.<\/span><\/p>\n<p><a href=\"https:\/\/www.admin.ch\/gov\/de\/start\/dokumentation\/medienmitteilungen.msg-id-88663.html\">admin.ch<\/a><\/p>\n<p>&nbsp;<\/p>\n","protected":false},"excerpt":{"rendered":"<p>Mit der am 11. Mai 2022 herausgegebenen Goldm\u00fcnze \u00ab100 Jahre letzte Pr\u00e4gung 10-Franken-Vreneli erinnert Swissmint an die letzte Pr\u00e4gung dieser Goldvreneli mit Nominalwert 10 Franken im Jahre 1922. \u00ab100 Jahre letzte Pr\u00e4gung 10-Franken-Vreneli\u00bb als 50-Franken-Goldm\u00fcnze Das 10-Franken-Goldvreneli mit einer nach links schauenden Frauenb\u00fcste, das volle Haar zu einem Zopf geflochten sowie um die Schultern einen [&hellip;]<\/p>\n","protected":false},"author":6,"featured_media":560864,"comment_status":"open","ping_status":"open","sticky":false,"template":"","format":"standard","meta":{"footnotes":""},"categories":[1188,8182,11228,1140],"tags":[],"vendi":[],"content_country":[],"class_list":["post-560863","post","type-post","status-publish","format-standard","has-post-thumbnail","hentry","category-shkurt-ch-de","category-finances","category-ekonomi-de","category-leben-in-der-schweiz"],"acf":[],"_links":{"self":[{"href":"https:\/\/www.albinfo.at\/de\/wp-json\/wp\/v2\/posts\/560863","targetHints":{"allow":["GET"]}}],"collection":[{"href":"https:\/\/www.albinfo.at\/de\/wp-json\/wp\/v2\/posts"}],"about":[{"href":"https:\/\/www.albinfo.at\/de\/wp-json\/wp\/v2\/types\/post"}],"author":[{"embeddable":true,"href":"https:\/\/www.albinfo.at\/de\/wp-json\/wp\/v2\/users\/6"}],"replies":[{"embeddable":true,"href":"https:\/\/www.albinfo.at\/de\/wp-json\/wp\/v2\/comments?post=560863"}],"version-history":[{"count":0,"href":"https:\/\/www.albinfo.at\/de\/wp-json\/wp\/v2\/posts\/560863\/revisions"}],"wp:featuredmedia":[{"embeddable":true,"href":"https:\/\/www.albinfo.at\/de\/wp-json\/wp\/v2\/media\/560864"}],"wp:attachment":[{"href":"https:\/\/www.albinfo.at\/de\/wp-json\/wp\/v2\/media?parent=560863"}],"wp:term":[{"taxonomy":"category","embeddable":true,"href":"https:\/\/www.albinfo.at\/de\/wp-json\/wp\/v2\/categories?post=560863"},{"taxonomy":"post_tag","embeddable":true,"href":"https:\/\/www.albinfo.at\/de\/wp-json\/wp\/v2\/tags?post=560863"},{"taxonomy":"vendi","embeddable":true,"href":"https:\/\/www.albinfo.at\/de\/wp-json\/wp\/v2\/vendi?post=560863"},{"taxonomy":"content_country","embeddable":true,"href":"https:\/\/www.albinfo.at\/de\/wp-json\/wp\/v2\/content_country?post=560863"}],"curies":[{"name":"wp","href":"https:\/\/api.w.org\/{rel}","templated":true}]}}