{"id":556410,"date":"2022-04-24T00:34:00","date_gmt":"2022-04-23T22:34:00","guid":{"rendered":"https:\/\/www.albinfo.ch\/?p=556410"},"modified":"2022-04-24T00:34:27","modified_gmt":"2022-04-23T22:34:27","slug":"bundesraetin-simonetta-sommaruga-positiv-auf-das-coronavirus-getestet","status":"publish","type":"post","link":"https:\/\/www.albinfo.at\/de\/bundesraetin-simonetta-sommaruga-positiv-auf-das-coronavirus-getestet\/","title":{"rendered":"Bundesr\u00e4tin Simonetta Sommaruga positiv auf das Coronavirus getestet"},"content":{"rendered":"<div class=\"contentHead\">Bundesr\u00e4tin Simonetta Sommaruga wurde im Verlauf der Woche positiv auf das Coronavirus getestet. In dieser Woche fand keine Sitzung des Bundesrats statt. Die Vorsteherin des Eidgen\u00f6ssischen Departements f\u00fcr Umwelt, Verkehr, Energie und Kommunikation hat leichte Symptome und arbeitet gegenw\u00e4rtig von zuhause aus.<\/div>\n<div class=\"mod mod-nsbnewsdetails\">\n<p>.<\/p>\n<\/div>\n","protected":false},"excerpt":{"rendered":"<p>Bundesr\u00e4tin Simonetta Sommaruga wurde im Verlauf der Woche positiv auf das Coronavirus getestet. In dieser Woche fand keine Sitzung des Bundesrats statt. Die Vorsteherin des Eidgen\u00f6ssischen Departements f\u00fcr Umwelt, Verkehr, Energie und Kommunikation hat leichte Symptome und arbeitet gegenw\u00e4rtig von zuhause aus. .<\/p>\n","protected":false},"author":4,"featured_media":364595,"comment_status":"open","ping_status":"open","sticky":false,"template":"","format":"standard","meta":{"footnotes":""},"categories":[22520,24006,24631,1140],"tags":[],"vendi":[],"content_country":[29888,31836,31837],"class_list":["post-556410","post","type-post","status-publish","format-standard","has-post-thumbnail","hentry","category-coronavirus-minute-fuer-minute","category-lajme-jeta-ne-zvicer-de","category-nachrichten-de-2","category-leben-in-der-schweiz","content_country-zvicer","content_country-austria-de","content_country-germany-de"],"acf":[],"_links":{"self":[{"href":"https:\/\/www.albinfo.at\/de\/wp-json\/wp\/v2\/posts\/556410","targetHints":{"allow":["GET"]}}],"collection":[{"href":"https:\/\/www.albinfo.at\/de\/wp-json\/wp\/v2\/posts"}],"about":[{"href":"https:\/\/www.albinfo.at\/de\/wp-json\/wp\/v2\/types\/post"}],"author":[{"embeddable":true,"href":"https:\/\/www.albinfo.at\/de\/wp-json\/wp\/v2\/users\/4"}],"replies":[{"embeddable":true,"href":"https:\/\/www.albinfo.at\/de\/wp-json\/wp\/v2\/comments?post=556410"}],"version-history":[{"count":0,"href":"https:\/\/www.albinfo.at\/de\/wp-json\/wp\/v2\/posts\/556410\/revisions"}],"wp:featuredmedia":[{"embeddable":true,"href":"https:\/\/www.albinfo.at\/de\/wp-json\/wp\/v2\/media\/364595"}],"wp:attachment":[{"href":"https:\/\/www.albinfo.at\/de\/wp-json\/wp\/v2\/media?parent=556410"}],"wp:term":[{"taxonomy":"category","embeddable":true,"href":"https:\/\/www.albinfo.at\/de\/wp-json\/wp\/v2\/categories?post=556410"},{"taxonomy":"post_tag","embeddable":true,"href":"https:\/\/www.albinfo.at\/de\/wp-json\/wp\/v2\/tags?post=556410"},{"taxonomy":"vendi","embeddable":true,"href":"https:\/\/www.albinfo.at\/de\/wp-json\/wp\/v2\/vendi?post=556410"},{"taxonomy":"content_country","embeddable":true,"href":"https:\/\/www.albinfo.at\/de\/wp-json\/wp\/v2\/content_country?post=556410"}],"curies":[{"name":"wp","href":"https:\/\/api.w.org\/{rel}","templated":true}]}}