{"id":537914,"date":"2022-02-05T20:49:49","date_gmt":"2022-02-05T19:49:49","guid":{"rendered":"https:\/\/www.albinfo.ch\/?p=537914"},"modified":"2022-02-05T20:50:54","modified_gmt":"2022-02-05T19:50:54","slug":"bundesrat-praezisiert-kostenuebernahme-von-pcr-tests-von-kontaktpersonen","status":"publish","type":"post","link":"https:\/\/www.albinfo.at\/de\/bundesrat-praezisiert-kostenuebernahme-von-pcr-tests-von-kontaktpersonen\/","title":{"rendered":"Bundesrat pr\u00e4zisiert Kosten\u00fcbernahme von PCR-Tests von Kontaktpersonen"},"content":{"rendered":"<div class=\"contentHead\"><strong>Der Bund \u00fcbernimmt weiterhin die Kosten f\u00fcr PCR-Tests von Personen, die Kontakt hatten mit einer positiv getesteten Person, etwa in Alters- und Pflegeheimen. Dies hat der Bundesrat heute Freitag, 4. Februar 2022 im Zirkularverfahren beschlossen. Er pr\u00e4zisiert damit seinen Beschluss vom 2. Februar 2022, zur Aufhebung der Kontaktquarant\u00e4ne.<\/strong><\/div>\n<div class=\"mod mod-nsbnewsdetails\">\n<p>Mit der Aufhebung der Kontaktquarant\u00e4ne hat der Bundesrat auch die Kosten\u00fcbernahme f\u00fcr PCR-Tests von Personen gestrichen, die engen Kontakt hatten mit einer infizierten Person. F\u00fcr gewisse Personen ist indes auch nach Aufhebung der Kontaktquarant\u00e4ne ein solcher Test wichtig. So sieht die Teststrategie des Bundesamts f\u00fcr Gesundheit zum Beispiel vor, dass f\u00fcr besonders gef\u00e4hrdete Personen, etwa solche, die sich in einer Chemotherapie befinden, die fr\u00fche Diagnostik sehr wichtig ist. Ebenso sind viele Alters- und Pflegeheime sowie Spit\u00e4ler darauf angewiesen, dass Kontaktpersonen von best\u00e4tigten F\u00e4llen weiterarbeiten k\u00f6nnen, sich aber individuell testen lassen k\u00f6nnen.<\/p>\n<p>Der Bundesrat hat die Covid-19-Verordnung-3 entsprechend angepasst. Sie tritt r\u00fcckwirkend auf den 3. Februar in Kraft. Damit ist die l\u00fcckenlose Kosten\u00fcbernahme von Tests nach engem Kontakt mit einer infizierten Person sichergestellt.<\/p>\n<\/div>\n","protected":false},"excerpt":{"rendered":"<p>Dies hat der Bundesrat heute Freitag, 4. Februar 2022 im Zirkularverfahren beschlossen. Er pr\u00e4zisiert damit seinen Beschluss vom 2. Februar 2022, zur Aufhebung der Kontaktquarant\u00e4ne<\/p>\n","protected":false},"author":4,"featured_media":536784,"comment_status":"open","ping_status":"open","sticky":false,"template":"","format":"standard","meta":{"footnotes":""},"categories":[22520,24006,24631,1140],"tags":[],"vendi":[],"content_country":[29888,31836,31837],"class_list":["post-537914","post","type-post","status-publish","format-standard","has-post-thumbnail","hentry","category-coronavirus-minute-fuer-minute","category-lajme-jeta-ne-zvicer-de","category-nachrichten-de-2","category-leben-in-der-schweiz","content_country-zvicer","content_country-austria-de","content_country-germany-de"],"acf":[],"_links":{"self":[{"href":"https:\/\/www.albinfo.at\/de\/wp-json\/wp\/v2\/posts\/537914","targetHints":{"allow":["GET"]}}],"collection":[{"href":"https:\/\/www.albinfo.at\/de\/wp-json\/wp\/v2\/posts"}],"about":[{"href":"https:\/\/www.albinfo.at\/de\/wp-json\/wp\/v2\/types\/post"}],"author":[{"embeddable":true,"href":"https:\/\/www.albinfo.at\/de\/wp-json\/wp\/v2\/users\/4"}],"replies":[{"embeddable":true,"href":"https:\/\/www.albinfo.at\/de\/wp-json\/wp\/v2\/comments?post=537914"}],"version-history":[{"count":0,"href":"https:\/\/www.albinfo.at\/de\/wp-json\/wp\/v2\/posts\/537914\/revisions"}],"wp:featuredmedia":[{"embeddable":true,"href":"https:\/\/www.albinfo.at\/de\/wp-json\/wp\/v2\/media\/536784"}],"wp:attachment":[{"href":"https:\/\/www.albinfo.at\/de\/wp-json\/wp\/v2\/media?parent=537914"}],"wp:term":[{"taxonomy":"category","embeddable":true,"href":"https:\/\/www.albinfo.at\/de\/wp-json\/wp\/v2\/categories?post=537914"},{"taxonomy":"post_tag","embeddable":true,"href":"https:\/\/www.albinfo.at\/de\/wp-json\/wp\/v2\/tags?post=537914"},{"taxonomy":"vendi","embeddable":true,"href":"https:\/\/www.albinfo.at\/de\/wp-json\/wp\/v2\/vendi?post=537914"},{"taxonomy":"content_country","embeddable":true,"href":"https:\/\/www.albinfo.at\/de\/wp-json\/wp\/v2\/content_country?post=537914"}],"curies":[{"name":"wp","href":"https:\/\/api.w.org\/{rel}","templated":true}]}}