{"id":510991,"date":"2021-10-20T12:24:12","date_gmt":"2021-10-20T10:24:12","guid":{"rendered":"https:\/\/www.albinfo.ch\/?p=510991"},"modified":"2021-10-20T21:57:47","modified_gmt":"2021-10-20T19:57:47","slug":"eine-andere-erfahrung-im-touristischen-peja","status":"publish","type":"post","link":"https:\/\/www.albinfo.at\/de\/eine-andere-erfahrung-im-touristischen-peja\/","title":{"rendered":"Eine andere Erfahrung im touristischen Peja"},"content":{"rendered":"<p>Lernen Sie \u00abWander Adventures\u00bb kennen, einen Reiseveranstalter im Kosovo, der das ganze Jahr \u00fcber Erlebnisse und Outdoor-Aktivit\u00e4ten bietet. Die touristischen Pakete dieses Veranstalters sind vielf\u00e4ltig und voller Adrenalin. Sie bieten alles von Spazierg\u00e4ngen durch die \u00abverfluchten\u00bb Berge, t\u00e4gliche Fahrten durch den Kosovo im Gel\u00e4ndewagen, bis hin zu Wintertouren im Kosovo und Nordmazedonien durch die Skigebiete oder Abenteuern in der N\u00e4he der albanischen Riviera.<\/p>\n<p>\u00abWander Adventures\u00bb ist seit 2017 Teil auf dem kosovarischen Markt. Eine Gruppe von Outdoor-Liebhaber*innen, die alle aus Peja stammen, haben sich organisiert, um Touren f\u00fcr internationale Touristengruppen und logistische Unterst\u00fctzung f\u00fcr zivilgesellschaftliche Organisationen zu bieten.<\/p>\n<p>Seitdem haben sie sich zu den aktivsten Reiseveranstaltern des Landes entwickelt, die sich auf neue Wege zur Entwicklung der lokalen Wirtschaft durch nachhaltige und umweltbewusste Aktivit\u00e4ten konzentrieren.<\/p>\n<figure id=\"attachment_510973\" aria-describedby=\"caption-attachment-510973\" style=\"width: 533px\" class=\"wp-caption alignnone\"><a href=\"https:\/\/www.albinfo.ch\/wp-content\/uploads\/2021\/10\/20190210_120902.jpg\"><img loading=\"lazy\" decoding=\"async\" class=\"wp-image-510973\" src=\"https:\/\/www.albinfo.ch\/wp-content\/uploads\/2021\/10\/20190210_120902.jpg\" alt=\"\" width=\"533\" height=\"400\" \/><\/a><figcaption id=\"caption-attachment-510973\" class=\"wp-caption-text\">Wander Adventures<\/figcaption><\/figure>\n<p>Neben organisierten Touren hat \u00abWander Adventures\u00bb seine Aktivit\u00e4ten so weit ausgeweitet, dass sie Ausr\u00fcstung f\u00fcr Winteraktivit\u00e4ten verkaufen und vermieten und Skitouren (Schneewandern), sowie Paragliding-Kurse und Skifahren anbieten.<\/p>\n<p>Alle Touren und Aktivit\u00e4ten werden von professionellen und zertifizierten Guides geleitet. \u201eAufgrund unserer Aktivit\u00e4ten sind wir streng bei den notwendigen Sicherheitsmassnahmen und Eingriffen\u201c, sagt Bardhosh Morina von \u00abWander Adventures\u00bb.<\/p>\n<p>\u201eEine unserer beliebtesten Routen sind Skitouren in freier Wildbahn, bei denen wir das beste Potenzial unserer Region entdecken, hohe Berge mit offenen Hochebenen, perfekte Schneebedingungen und Gasth\u00e4user mit traditioneller Architektur\u201c, sagt Bardhoshi. &#8220;Dieses Abenteuererlebnis umfasst die Reiseroute &#8220;Balkangipfel&#8221; und den Weg zwischen Kosovo und Montenegro, wo wir das Sharr-Gebirge im s\u00fcdlichen Teil des Kosovo kombinieren.&#8221;<\/p>\n<p>Laut Bardhosh m\u00f6gen Tourist*innen die Besonderheiten unserer Berge und die Kultur des Landes sehr.<\/p>\n<figure id=\"attachment_510976\" aria-describedby=\"caption-attachment-510976\" style=\"width: 533px\" class=\"wp-caption alignnone\"><a href=\"https:\/\/www.albinfo.ch\/wp-content\/uploads\/2021\/10\/20210125_112943.jpg\"><img loading=\"lazy\" decoding=\"async\" class=\"wp-image-510976\" src=\"https:\/\/www.albinfo.ch\/wp-content\/uploads\/2021\/10\/20210125_112943.jpg\" alt=\"\" width=\"533\" height=\"400\" \/><\/a><figcaption id=\"caption-attachment-510976\" class=\"wp-caption-text\">Wander Adventures<\/figcaption><\/figure>\n<p>\u00abWander Adventures\u00bb hat auch mit der Gemeinde Peja und der Schweizer Direktion f\u00fcr Entwicklung und Zusammenarbeit im Rahmen des Projekts Besch\u00e4ftigungsf\u00f6rderung in der Privatwirtschaft zusammengearbeitet. Im Rahmen dieser Kooperation war das Unternehmen damit besch\u00e4ftigt, die Unterkunftskapazit\u00e4ten in Peja zu erh\u00f6hen und Camping anzubieten. So bauten sie im Rahmen der Kooperation ein Hostel mit einer Kapazit\u00e4t von 37 Betten in 16 Campingzelten.<\/p>\n<p>&#8220;Dies ist ein neues kommerzielles Tourismusprodukt, das wir f\u00fcr lokale Besucher*innen, aus der Diaspora und f\u00fcr internationale Tourist*innen anbieten&#8221;, sagt Bardhoshi. Neben diesem Projekt engagiert sich das Unternehmen intensiv f\u00fcr die Vermarktung der touristischen Aktivit\u00e4ten und der Region \u00fcber Online-Tools.<\/p>\n<figure id=\"attachment_510961\" aria-describedby=\"caption-attachment-510961\" style=\"width: 533px\" class=\"wp-caption alignnone\"><a href=\"https:\/\/www.albinfo.ch\/wp-content\/uploads\/2021\/10\/2fb2d786-6a1e-4966-99fb-15480c50222a-1.jpg\"><img loading=\"lazy\" decoding=\"async\" class=\"wp-image-510961\" src=\"https:\/\/www.albinfo.ch\/wp-content\/uploads\/2021\/10\/2fb2d786-6a1e-4966-99fb-15480c50222a-1.jpg\" alt=\"\" width=\"533\" height=\"400\" \/><\/a><figcaption id=\"caption-attachment-510961\" class=\"wp-caption-text\">Wander Adventures<\/figcaption><\/figure>\n<figure id=\"attachment_510970\" aria-describedby=\"caption-attachment-510970\" style=\"width: 533px\" class=\"wp-caption alignnone\"><a href=\"https:\/\/www.albinfo.ch\/wp-content\/uploads\/2021\/10\/20190205_200026.jpg\"><img loading=\"lazy\" decoding=\"async\" class=\"wp-image-510970\" src=\"https:\/\/www.albinfo.ch\/wp-content\/uploads\/2021\/10\/20190205_200026.jpg\" alt=\"\" width=\"533\" height=\"400\" \/><\/a><figcaption id=\"caption-attachment-510970\" class=\"wp-caption-text\">Wander Adventures<\/figcaption><\/figure>\n<figure id=\"attachment_510964\" aria-describedby=\"caption-attachment-510964\" style=\"width: 534px\" class=\"wp-caption alignnone\"><a href=\"https:\/\/www.albinfo.ch\/wp-content\/uploads\/2021\/10\/20180217_130742.jpg\"><img loading=\"lazy\" decoding=\"async\" class=\"wp-image-510964\" src=\"https:\/\/www.albinfo.ch\/wp-content\/uploads\/2021\/10\/20180217_130742.jpg\" alt=\"\" width=\"534\" height=\"300\" \/><\/a><figcaption id=\"caption-attachment-510964\" class=\"wp-caption-text\">Wander Adventures<\/figcaption><\/figure>\n<figure id=\"attachment_510958\" aria-describedby=\"caption-attachment-510958\" style=\"width: 533px\" class=\"wp-caption alignnone\"><a href=\"https:\/\/www.albinfo.ch\/wp-content\/uploads\/2021\/10\/1b4eae21-5f45-4b08-ae70-8cc09eaf8844-1.jpg\"><img loading=\"lazy\" decoding=\"async\" class=\"wp-image-510958\" src=\"https:\/\/www.albinfo.ch\/wp-content\/uploads\/2021\/10\/1b4eae21-5f45-4b08-ae70-8cc09eaf8844-1.jpg\" alt=\"\" width=\"533\" height=\"400\" \/><\/a><figcaption id=\"caption-attachment-510958\" class=\"wp-caption-text\">Wander Adventures<\/figcaption><\/figure>\n<p>Aktivit\u00e4ten, die Sie mit \u00abWander Adventures\u00bb erleben k\u00f6nnen<\/p>\n<p>-Wandern in der Natur<\/p>\n<p>-Ski und Skikurse<\/p>\n<p>-Mountainbiken<\/p>\n<p>&nbsp;<\/p>\n","protected":false},"excerpt":{"rendered":"<p>Lernen Sie \u00abWander Adventures\u00bb kennen, einen Reiseveranstalter im Kosovo, der das ganze Jahr \u00fcber Erlebnisse und Outdoor-Aktivit\u00e4ten bietet. Die touristischen Pakete dieses Veranstalters sind vielf\u00e4ltig und voller Adrenalin. Sie bieten alles von Spazierg\u00e4ngen durch die \u00abverfluchten\u00bb Berge, t\u00e4gliche Fahrten durch den Kosovo im Gel\u00e4ndewagen, bis hin zu Wintertouren im Kosovo und Nordmazedonien durch die Skigebiete [&hellip;]<\/p>\n","protected":false},"author":6,"featured_media":510966,"comment_status":"open","ping_status":"open","sticky":false,"template":"","format":"standard","meta":{"footnotes":""},"categories":[33056,23263,3952,23262,24621,24656,1129],"tags":[],"vendi":[],"content_country":[29888,31836,31837],"class_list":["post-510991","post","type-post","status-publish","format-standard","has-post-thumbnail","hentry","category-de-balkani-de","category-kosova-de-2","category-kosova-de","category-at-balkani-de","category-kosova-de-3","category-tourismus","category-ch-balkan","content_country-zvicer","content_country-austria-de","content_country-germany-de"],"acf":[],"_links":{"self":[{"href":"https:\/\/www.albinfo.at\/de\/wp-json\/wp\/v2\/posts\/510991","targetHints":{"allow":["GET"]}}],"collection":[{"href":"https:\/\/www.albinfo.at\/de\/wp-json\/wp\/v2\/posts"}],"about":[{"href":"https:\/\/www.albinfo.at\/de\/wp-json\/wp\/v2\/types\/post"}],"author":[{"embeddable":true,"href":"https:\/\/www.albinfo.at\/de\/wp-json\/wp\/v2\/users\/6"}],"replies":[{"embeddable":true,"href":"https:\/\/www.albinfo.at\/de\/wp-json\/wp\/v2\/comments?post=510991"}],"version-history":[{"count":0,"href":"https:\/\/www.albinfo.at\/de\/wp-json\/wp\/v2\/posts\/510991\/revisions"}],"wp:featuredmedia":[{"embeddable":true,"href":"https:\/\/www.albinfo.at\/de\/wp-json\/wp\/v2\/media\/510966"}],"wp:attachment":[{"href":"https:\/\/www.albinfo.at\/de\/wp-json\/wp\/v2\/media?parent=510991"}],"wp:term":[{"taxonomy":"category","embeddable":true,"href":"https:\/\/www.albinfo.at\/de\/wp-json\/wp\/v2\/categories?post=510991"},{"taxonomy":"post_tag","embeddable":true,"href":"https:\/\/www.albinfo.at\/de\/wp-json\/wp\/v2\/tags?post=510991"},{"taxonomy":"vendi","embeddable":true,"href":"https:\/\/www.albinfo.at\/de\/wp-json\/wp\/v2\/vendi?post=510991"},{"taxonomy":"content_country","embeddable":true,"href":"https:\/\/www.albinfo.at\/de\/wp-json\/wp\/v2\/content_country?post=510991"}],"curies":[{"name":"wp","href":"https:\/\/api.w.org\/{rel}","templated":true}]}}