{"id":501105,"date":"2021-09-11T00:37:18","date_gmt":"2021-09-10T22:37:18","guid":{"rendered":"https:\/\/www.albinfo.ch\/?p=501105"},"modified":"2021-09-26T22:07:21","modified_gmt":"2021-09-26T20:07:21","slug":"rassistische-diskriminierung-in-der-schweiz-wird-sichtbarer","status":"publish","type":"post","link":"https:\/\/www.albinfo.at\/de\/rassistische-diskriminierung-in-der-schweiz-wird-sichtbarer\/","title":{"rendered":"Rassistische Diskriminierung in der Schweiz wird sichtbarer"},"content":{"rendered":"<div class=\"contentHead\"><\/div>\n<div class=\"mod mod-nsbnewsdetails\">\n<p><strong>Rassistische Diskriminierung betrifft alle Lebensbereiche und wird immer mehr als ernstes gesellschaftliches Problem wahrgenommen. Das zeigt der neueste Monitoringbericht der Fachstelle f\u00fcr Rassismusbek\u00e4mpfung (FRB) f\u00fcr die Periode 2019\/2020. Gemeldete Diskriminierung nahm in der Berichtsperiode weiter zu, besonders auch im Internet.<\/strong><\/p>\n<p>Die Zahl der gemeldeten Diskriminierungserfahrungen ist in den letzten Jahren gestiegen, besonders bei j\u00fcngeren Menschen: 40% aller 15- bis 24-J\u00e4hrigen (+2%) und 39 Prozent der 25- bis 39-J\u00e4hrigen (+4%) haben in den letzten f\u00fcnf Jahren Diskriminierung erlebt. Betroffen sind alle Lebensbereiche, besonders h\u00e4ufig steht Diskriminierungserfahrung im Zusammenhang mit der Arbeit. Diese Zunahme zeugt von einem gr\u00f6sseren Problembewusstsein. Sensibilisierungs- und \u00d6ffentlichkeitsarbeit staatlicher und zivilgesellschaftlicher Akteure haben zu verbesserten Meldem\u00f6glichkeiten und erh\u00f6hter Meldebereitschaft gef\u00fchrt.<\/p>\n<p><b>Rassistische Hassrede und Verschw\u00f6rungstheorien im virtuellen Raum nehmen zu<\/b><\/p>\n<p>Rassismus und Hassrede verbreiten sich heute besonders \u00fcber das Internet und die sozialen Medien. Befeuert durch die Covid-19-Pandemie, hat die Verbreitung insbesondere von antisemitischen Verschw\u00f6rungstheorien zugenommen. Systematische Gegenmassnahmen stehen derzeit noch am Anfang. Staatliche und zivilgesellschaftliche Akteure, Internetnutzende und Plattformbetreiber m\u00fcssen gemeinsam Wege finden, eine sichere, diskriminierungs- und rassismusfreie Umgebung zu schaffen. Die FRB hat deshalb ihre Finanzhilfen f\u00fcr die kommenden Jahre schwerpunktm\u00e4ssig auf Projekte ausgerichtet, welche sich mit Rassismus im Netz auseinandersetzen.<\/p>\n<p><b>Wahrnehmung von Rassismus als ernstes gesellschaftliches Problem<\/b><\/p>\n<p>Rassismus wird von der Mehrheit der Bev\u00f6lkerung (58%) als ernstes gesellschaftliches Problem wahrgenommen und knapp ein Drittel ist der Ansicht, dass mehr dagegen unternommen werden muss. Aktuelle Ereignisse tragen zur gesellschaftlichen Auseinandersetzung mit Rassismus und Diskriminierung bei, wie Bundesrat Alain Berset in seinem Vorwort schreibt: \u00abDie Covid-19-Pandemie sowie die \u2018<i>Black Lives Matter<\/i>\u2019-Bewegung haben auch bei uns Ungleichheiten und gesellschaftliche Bruchlinien sichtbar gemacht. Sie r\u00fccken Chancengerechtigkeit sowie soziale, wirtschaftliche und kulturelle Teilhabe ins Zentrum der Aufmerksamkeit; und damit auch strukturelle Ursachen von Rassismus und Diskriminierung.\u00bb<\/p>\n<p><b>Monitoring gesellschaftlichen Zusammenlebens<\/b><\/p>\n<p>Der alle zwei Jahre von der Fachstelle f\u00fcr Rassismusbek\u00e4mpfung (FRB) publizierte Bericht zeigt anhand aktueller Daten wie sich strukturelle Diskriminierung auf das gesellschaftliche Leben und den gesellschaftlichen Zusammenhalt auswirkt. Als Monitoringinstrument leisten die Berichte einen wichtigen Beitrag zur Rassismusbek\u00e4mpfung. Sie dienen Fachpersonen und Interessierten als Nachschlagewerk und bieten als Instrument zur Langzeitbeobachtung rassistischer Diskriminierung eine Grundlage f\u00fcr die sachliche Diskussion und die Entwicklung nachhaltiger L\u00f6sungen.<\/p>\n<p>Die Datenanalyse der Periode 2019-2020 umfasst die Ergebnisse der Umfrage \u00abZusammenleben in der Schweiz\u00bb des Bundesamtes f\u00fcr Statistik (BFS), statistische Daten zu zentralen Lebensbereichen und spezifischen Bev\u00f6lkerungsgruppen (u.a. Integrationsindikatoren), sowie Angaben zu Rechtsurteilen und aus der Beratungspraxis.<\/p>\n<\/div>\n","protected":false},"excerpt":{"rendered":"<p>Gemeldete Diskriminierung nahm in der Berichtsperiode weiter zu, besonders auch im Internet<\/p>\n","protected":false},"author":4,"featured_media":385426,"comment_status":"open","ping_status":"open","sticky":false,"template":"","format":"standard","meta":{"footnotes":""},"categories":[24006,24631,1140],"tags":[1633],"vendi":[],"content_country":[29888,31836,31837],"class_list":["post-501105","post","type-post","status-publish","format-standard","has-post-thumbnail","hentry","category-lajme-jeta-ne-zvicer-de","category-nachrichten-de-2","category-leben-in-der-schweiz","tag-zvicer-de","content_country-zvicer","content_country-austria-de","content_country-germany-de"],"acf":[],"_links":{"self":[{"href":"https:\/\/www.albinfo.at\/de\/wp-json\/wp\/v2\/posts\/501105","targetHints":{"allow":["GET"]}}],"collection":[{"href":"https:\/\/www.albinfo.at\/de\/wp-json\/wp\/v2\/posts"}],"about":[{"href":"https:\/\/www.albinfo.at\/de\/wp-json\/wp\/v2\/types\/post"}],"author":[{"embeddable":true,"href":"https:\/\/www.albinfo.at\/de\/wp-json\/wp\/v2\/users\/4"}],"replies":[{"embeddable":true,"href":"https:\/\/www.albinfo.at\/de\/wp-json\/wp\/v2\/comments?post=501105"}],"version-history":[{"count":0,"href":"https:\/\/www.albinfo.at\/de\/wp-json\/wp\/v2\/posts\/501105\/revisions"}],"wp:featuredmedia":[{"embeddable":true,"href":"https:\/\/www.albinfo.at\/de\/wp-json\/wp\/v2\/media\/385426"}],"wp:attachment":[{"href":"https:\/\/www.albinfo.at\/de\/wp-json\/wp\/v2\/media?parent=501105"}],"wp:term":[{"taxonomy":"category","embeddable":true,"href":"https:\/\/www.albinfo.at\/de\/wp-json\/wp\/v2\/categories?post=501105"},{"taxonomy":"post_tag","embeddable":true,"href":"https:\/\/www.albinfo.at\/de\/wp-json\/wp\/v2\/tags?post=501105"},{"taxonomy":"vendi","embeddable":true,"href":"https:\/\/www.albinfo.at\/de\/wp-json\/wp\/v2\/vendi?post=501105"},{"taxonomy":"content_country","embeddable":true,"href":"https:\/\/www.albinfo.at\/de\/wp-json\/wp\/v2\/content_country?post=501105"}],"curies":[{"name":"wp","href":"https:\/\/api.w.org\/{rel}","templated":true}]}}