{"id":500782,"date":"2021-09-09T16:42:31","date_gmt":"2021-09-09T14:42:31","guid":{"rendered":"https:\/\/www.albinfo.ch\/?p=500782"},"modified":"2021-09-09T16:43:10","modified_gmt":"2021-09-09T14:43:10","slug":"jahresversammlung-der-mitglieder-des-vereins-se-bashku-in-bern","status":"publish","type":"post","link":"https:\/\/www.albinfo.at\/de\/jahresversammlung-der-mitglieder-des-vereins-se-bashku-in-bern\/","title":{"rendered":"Jahresversammlung der Mitglieder des Vereins &#8220;s\u00eb bashku&#8221; in Bern"},"content":{"rendered":"<p class=\"x_-1483861565gmail-MsoNoSpacing\"><span class=\"x_-1483861565gmail-jlqj4b\"><span lang=\"DE\">Am 18. September 2021, ab 16:00 Uhr, im Kirchgemeindehaus Bethlehem, Eymattstrasse 2b, 3027 Bern, wird die Jahresversammlung von den Mitgliedern und F\u00f6rderern des von der verstorbenen Humanistin Fatime Mahmuti initierten Vereins &#8220;<\/span><\/span><span lang=\"DE\">\u00a0<\/span><span lang=\"SQ\">s\u00eb bashku<\/span><span class=\"x_-1483861565gmail-jlqj4b\"><span lang=\"SQ\">\u00a0<\/span><\/span><span class=\"x_-1483861565gmail-jlqj4b\"><span lang=\"DE\">&#8221; organisiert, in dessen der Vorstand \u00fcber die arbeit f\u00fcr Menschen mit besonderen Bed\u00fcrfnissen in Mitrovica berichtet wird zus\u00e4tzlich werden Expertenberichte und Ziele f\u00fcr die Zukunft ermittelt.<\/span><\/span><\/p>\n<p class=\"x_-1483861565gmail-MsoNoSpacing\"><span class=\"x_-1483861565gmail-jlqj4b\"><span lang=\"DE\">Neben dem formellen Versammlung haben Sie die M\u00f6glichkeit, das laufende Projekt &#8220;<\/span><\/span><span lang=\"SQ\">s\u00eb bashku<\/span><span class=\"x_-1483861565gmail-jlqj4b\"><span lang=\"DE\">&#8221; f\u00fcr Menschen mit Behinderung in Mitrovica sich zu informieren und zu unterst\u00fctzen.<\/span><\/span><\/p>\n<p class=\"x_-1483861565gmail-MsoNoSpacing\"><span class=\"x_-1483861565gmail-jlqj4b\"><span lang=\"DE\">Am Ende wird ein Buffet mit traditionellen kosovarischen Speisen angeboten.<\/span><\/span><\/p>\n<p class=\"x_-1483861565gmail-MsoNoSpacing\"><span class=\"x_-1483861565gmail-jlqj4b\"><span lang=\"DE\">Ihre Anwesenheit wird uns Kraft geben, mit Fatimas Abwesenheit und ihrem st\u00e4ndigen L\u00e4cheln mit der unerm\u00fcdlichen Hilfe im Dienst der Menschheit fertig zu werden. Auch Ihre finanzielle Unterst\u00fctzung wird unsere Arbeit beim Aufbau des Zentrums f\u00fcr Menschen mit besonderen Bed\u00fcrfnissen in Mitrovica erleichtern.<\/span><\/span><\/p>\n","protected":false},"excerpt":{"rendered":"<p>Neben dem formellen Versammlung haben Sie die M\u00f6glichkeit, das laufende Projekt &#8220;s\u00eb bashku&#8221; f\u00fcr Menschen mit Behinderung in Mitrovica sich zu informieren und zu unterst\u00fctzen<\/p>\n","protected":false},"author":4,"featured_media":500778,"comment_status":"open","ping_status":"open","sticky":false,"template":"","format":"standard","meta":{"footnotes":""},"categories":[24636,24631,1133,1140,1154],"tags":[],"vendi":[],"content_country":[29888,31836,31837],"class_list":["post-500782","post","type-post","status-publish","format-standard","has-post-thumbnail","hentry","category-nachrichten-de-4","category-nachrichten-de-2","category-e-diaspora-de","category-leben-in-der-schweiz","category-tagebuch","content_country-zvicer","content_country-austria-de","content_country-germany-de"],"acf":[],"_links":{"self":[{"href":"https:\/\/www.albinfo.at\/de\/wp-json\/wp\/v2\/posts\/500782","targetHints":{"allow":["GET"]}}],"collection":[{"href":"https:\/\/www.albinfo.at\/de\/wp-json\/wp\/v2\/posts"}],"about":[{"href":"https:\/\/www.albinfo.at\/de\/wp-json\/wp\/v2\/types\/post"}],"author":[{"embeddable":true,"href":"https:\/\/www.albinfo.at\/de\/wp-json\/wp\/v2\/users\/4"}],"replies":[{"embeddable":true,"href":"https:\/\/www.albinfo.at\/de\/wp-json\/wp\/v2\/comments?post=500782"}],"version-history":[{"count":0,"href":"https:\/\/www.albinfo.at\/de\/wp-json\/wp\/v2\/posts\/500782\/revisions"}],"wp:featuredmedia":[{"embeddable":true,"href":"https:\/\/www.albinfo.at\/de\/wp-json\/wp\/v2\/media\/500778"}],"wp:attachment":[{"href":"https:\/\/www.albinfo.at\/de\/wp-json\/wp\/v2\/media?parent=500782"}],"wp:term":[{"taxonomy":"category","embeddable":true,"href":"https:\/\/www.albinfo.at\/de\/wp-json\/wp\/v2\/categories?post=500782"},{"taxonomy":"post_tag","embeddable":true,"href":"https:\/\/www.albinfo.at\/de\/wp-json\/wp\/v2\/tags?post=500782"},{"taxonomy":"vendi","embeddable":true,"href":"https:\/\/www.albinfo.at\/de\/wp-json\/wp\/v2\/vendi?post=500782"},{"taxonomy":"content_country","embeddable":true,"href":"https:\/\/www.albinfo.at\/de\/wp-json\/wp\/v2\/content_country?post=500782"}],"curies":[{"name":"wp","href":"https:\/\/api.w.org\/{rel}","templated":true}]}}