{"id":459697,"date":"2021-04-06T21:46:53","date_gmt":"2021-04-06T19:46:53","guid":{"rendered":"https:\/\/www.albinfo.ch\/?p=459697"},"modified":"2021-04-06T21:46:53","modified_gmt":"2021-04-06T19:46:53","slug":"siebter-periodischer-besuch-des-anti-folter-ausschusses-in-der-schweiz-abgeschlossen","status":"publish","type":"post","link":"https:\/\/www.albinfo.at\/de\/siebter-periodischer-besuch-des-anti-folter-ausschusses-in-der-schweiz-abgeschlossen\/","title":{"rendered":"Siebter periodischer Besuch des Anti-Folter-Ausschusses in der Schweiz abgeschlossen"},"content":{"rendered":"<div class=\"contentHead\"><\/div>\n<div class=\"mod mod-nsbnewsdetails\">\n<p>Der Europ\u00e4ische Anti-Folter-Ausschuss besuchte in der Zeit vom 22. M\u00e4rz bis zum 1. April 2021 in seinem siebten periodischen Besuch in der Schweiz verschiedene Einrichtungen des Freiheitsentzugs. Die Delegation inspizierte unter anderen das Gef\u00e4ngnis Champ-Dollon und die geschlossene Anstalt Curabilis in Genf, verschiedene Einrichtungen der Kantonspolizei Genf, das Gef\u00e4ngnis Bois-Mermet in Lausanne, die Klinik f\u00fcr Forensische Psychiatrie in K\u00f6nigsfelden AG, die Justizvollzugsanstalt Solothurn, die Justizvollzugsanstalt Thorberg BE und das Massnahmenzentrum Uitikon ZH. Die von Experten und Dolmetschern begleitete Delegation besuchte Personen, denen auf Grund einer beh\u00f6rdlichen Verf\u00fcgung die Freiheit entzogen ist. Darunter fallen Freiheitsentz\u00fcge aus strafrechtlichen, strafprozessrechtlichen, zivil- und verwaltungsrechtlichen sowie milit\u00e4rstrafrechtlichen Gr\u00fcnden.<\/p>\n<p>Der Europ\u00e4ische Anti-Folter-Ausschuss verfasst nun zuhanden des Bundesrates einen Bericht \u00fcber die Verh\u00e4ltnisse, die er in den besichtigten Einrichtungen und Orten angetroffen hat. Darin werden auch Empfehlungen zur Verbesserung der Bedingungen des Freiheitsentzuges enthalten sein. Er st\u00fctzt sich dabei auf das &#8220;Europ\u00e4ische \u00dcbereinkommen zur Verh\u00fctung von Folter und unmenschlicher oder erniedrigender Behandlung oder Strafe&#8221;.<\/p>\n<p>Der Europ\u00e4ische Anti-Folter-Ausschuss setzt sich aus Juristen, \u00c4rzten, Spezialisten des Strafvollzugs und anderen Experten zusammen und ist ein Konventionsorgan des Europarates in Strassburg. Er organisiert in eigener Kompetenz Besuche in den Mitgliedstaaten; die Schweiz hat er bereits 1991, 1996, 2001, (2003 ad hoc Besuch, zus\u00e4tzlich zu den periodischen Besuchen), 2007, 2011 und 2015 besucht. Im Rahmen dieser Besuche sind die Mitglieder des Ausschusses erm\u00e4chtigt, mit den Betroffenen Gespr\u00e4che ohne Zeugen zu f\u00fchren.<\/p>\n<\/div>\n","protected":false},"excerpt":{"rendered":"<p>Die Delegation des &#8220;Europ\u00e4ischen Ausschusses zur Verh\u00fctung von Folter und unmenschlicher oder erniedrigender Behandlung oder Strafe&#8221; (CPT) hat am Donnerstag ihren siebten Besuch in der Schweiz abgeschlossen. W\u00e4hrend des elft\u00e4gigen Aufenthalts besuchte die Delegation verschiedene Einrichtungen des Freiheitsentzugs in den Kantonen, Genf, Waadt, Aargau, Solothurn, Bern und Z\u00fcrich<\/p>\n","protected":false},"author":4,"featured_media":319446,"comment_status":"open","ping_status":"open","sticky":false,"template":"","format":"standard","meta":{"footnotes":""},"categories":[1141,1140],"tags":[],"vendi":[],"content_country":[],"class_list":["post-459697","post","type-post","status-publish","format-standard","has-post-thumbnail","hentry","category-themen","category-leben-in-der-schweiz"],"acf":[],"_links":{"self":[{"href":"https:\/\/www.albinfo.at\/de\/wp-json\/wp\/v2\/posts\/459697","targetHints":{"allow":["GET"]}}],"collection":[{"href":"https:\/\/www.albinfo.at\/de\/wp-json\/wp\/v2\/posts"}],"about":[{"href":"https:\/\/www.albinfo.at\/de\/wp-json\/wp\/v2\/types\/post"}],"author":[{"embeddable":true,"href":"https:\/\/www.albinfo.at\/de\/wp-json\/wp\/v2\/users\/4"}],"replies":[{"embeddable":true,"href":"https:\/\/www.albinfo.at\/de\/wp-json\/wp\/v2\/comments?post=459697"}],"version-history":[{"count":0,"href":"https:\/\/www.albinfo.at\/de\/wp-json\/wp\/v2\/posts\/459697\/revisions"}],"wp:featuredmedia":[{"embeddable":true,"href":"https:\/\/www.albinfo.at\/de\/wp-json\/wp\/v2\/media\/319446"}],"wp:attachment":[{"href":"https:\/\/www.albinfo.at\/de\/wp-json\/wp\/v2\/media?parent=459697"}],"wp:term":[{"taxonomy":"category","embeddable":true,"href":"https:\/\/www.albinfo.at\/de\/wp-json\/wp\/v2\/categories?post=459697"},{"taxonomy":"post_tag","embeddable":true,"href":"https:\/\/www.albinfo.at\/de\/wp-json\/wp\/v2\/tags?post=459697"},{"taxonomy":"vendi","embeddable":true,"href":"https:\/\/www.albinfo.at\/de\/wp-json\/wp\/v2\/vendi?post=459697"},{"taxonomy":"content_country","embeddable":true,"href":"https:\/\/www.albinfo.at\/de\/wp-json\/wp\/v2\/content_country?post=459697"}],"curies":[{"name":"wp","href":"https:\/\/api.w.org\/{rel}","templated":true}]}}