{"id":446659,"date":"2021-02-18T16:08:48","date_gmt":"2021-02-18T15:08:48","guid":{"rendered":"https:\/\/www.albinfo.ch\/?p=446659"},"modified":"2021-02-18T16:08:48","modified_gmt":"2021-02-18T15:08:48","slug":"das-kosovo-feiert-den-13-jahrestag-der-unabhaengigkeit","status":"publish","type":"post","link":"https:\/\/www.albinfo.at\/de\/das-kosovo-feiert-den-13-jahrestag-der-unabhaengigkeit\/","title":{"rendered":"Das Kosovo feiert den 13. Jahrestag der Unabh\u00e4ngigkeit"},"content":{"rendered":"<p>Nach viel Leid und Wechself\u00e4llen gab es Hoffnung f\u00fcr die Kosovo-Albaner. Am 17. Februar 2008 wurde die Unabh\u00e4ngigkeitserkl\u00e4rung in der Versammlung des Kosovo laut und deutlich deklariert, sodass es \u00fcber dessen Mauern drang und sich in der ganzen Welt Geh\u00f6r verschaffte.<\/p>\n<p>Diesmal kommt der Feiertag nur drei Tage nach den ausserordentlichen Parlamentswahlen, welche den Gewinn von Vet\u00ebvendosje und Albin Kurti hervorbrachten.<\/p>\n<p>Das Denkmal &#8220;NEW BORN&#8221;, das die Geburt des neuen Staates an diesem 13. Jahrestag symbolisiert, ver\u00e4nderte sein Erscheinungsbild. In diesem Jahr trug er die Farben der Kosovo-Armee. Sein Motto lautet diesmal &#8220;Wir haben Frieden hervorgebracht&#8221;.<br \/>\nDer gestrige Tag begann mit einer Zeremonie im Hof des kosovarischen Premierministers, wo die Staatsflagge von der Zeremoniengarde der KSF gehisst wurde, an der die amtierende Pr\u00e4sidentin Vjosa Osmani und der amtierende Premierminister Avdullah Hoti teilnahmen. In der Zwischenzeit huldigten Osmani und Kurti dem Grab des historischen ehemaligen Pr\u00e4sidenten des Kosovo, Ibrahim Rugova. Zu den Zeremonien w\u00e4hrend des Tages geh\u00f6rt die Hommage an die Statue des legend\u00e4ren UCK-Kommandanten Adem Jashari in Prekaz und Skenderaj, die am Abend mit einem Konzert endet.<br \/>\nUnabh\u00e4ngigkeitserkl\u00e4rung<\/p>\n<p>Am 17. Februar 2008 um 15:39 Uhr k\u00fcndigte die Versammlung der Republik Kosovo die Unabh\u00e4ngigkeitserkl\u00e4rung des Kosovo an. In einem Treffen, an dem 109 von 120 Abgeordneten teilnahmen, erkl\u00e4rte die Versammlung des Kosovo das Kosovo einstimmig zu einem unabh\u00e4ngigen, souver\u00e4nen und demokratischen Staat.<\/p>\n<p><strong>Hintergrund<\/strong><\/p>\n<p>Die Unabh\u00e4ngigkeitserkl\u00e4rung des Kosovo vom 17. Februar 2008 war der H\u00f6hepunkt einer langen und schwierigen Reise f\u00fcr die B\u00fcrger des Kosovo. Bis Juni 1999 litten die B\u00fcrger jahrelang unter den Folgen der ethnischen S\u00e4uberung durch das serbische Regime von Slobodan Milosevic. Nach Kriegsende und dem Einsatz internationaler Truppen im Kosovo begann der endg\u00fcltige Statusprozess offiziell im November 2005.<\/p>\n<p>Seit dem 13. Juni 1999, als die serbischen Streitkr\u00e4fte gezwungen waren, das Kosovo zu verlassen, wird dieses Land von der Mission der Vereinten Nationen in der UNMIK und den demokratischen Institutionen des Kosovo verwaltet: der Versammlung, dem Pr\u00e4sidenten und der Regierung.<\/p>\n<p>Obwohl Serbien keine Kontrolle \u00fcber das Kosovo hatte, wurde in der Resolution 1244 des Sicherheitsrates wiederholt erw\u00e4hnt, dass das Kosovo ein UN-Protektorat sei, aber rechtlich Teil der Bundesrepublik Jugoslawien.<\/p>\n<p>Am 2. Februar 2007 legte der Sonderbeauftragte f\u00fcr den Status des Kosovo, Martti Ahtisaari, Pristina und Belgrad seinen Vorschlag f\u00fcr die bedingte Unabh\u00e4ngigkeit des Kosovo vor, ein Schritt, der zur Schaffung eines unabh\u00e4ngigen Staates f\u00fchrte. Nach mehreren Gespr\u00e4chsrunden erkl\u00e4rte das Kosovo am 17. Februar 2008 die Unabh\u00e4ngigkeit.<\/p>\n<p>Am 22. Juli 2010 best\u00e4tigte der Internationale Gerichtshof durch eine beratende Entscheidung, dass die Unabh\u00e4ngigkeit des Kosovo keinen Artikel des V\u00f6lkerrechts verletzt hat.<\/p>\n<p><strong>L\u00e4nder der Europ\u00e4ischen Union<\/strong><\/p>\n<p>Am 18. Februar 2008 gab die EU-Pr\u00e4sidentschaft bekannt, dass die Mitgliedstaaten frei entscheiden k\u00f6nnen, ob sie die Unabh\u00e4ngigkeit des Kosovo anerkennen. Die meisten EU-Mitgliedstaaten haben das Kosovo anerkannt, aber Zypern, Griechenland, Rum\u00e4nien, die Slowakei und Spanien erkennen die Unabh\u00e4ngigkeit weiterhin nicht an.<\/p>\n<p>Kurz vor der Unabh\u00e4ngigkeitserkl\u00e4rung des Kosovo genehmigte die Europ\u00e4ische Union den Einsatz der nichtmilit\u00e4rischen Rechtsstaatlichkeitsmission &#8220;EULEX&#8221; mit 2.000 Mitgliedern im Kosovo. Alle 27 EU-Mitgliedstaaten haben das EULEX-Mandat gebilligt, einschliesslich einer Minderheit von EU-L\u00e4ndern, die die Unabh\u00e4ngigkeit des Kosovo noch nicht anerkannt haben. Serbien betrachtet dies als eine Besetzung und dass EU-Massnahmen illegal sind.<\/p>\n<p><strong>Organisation der Vereinten Nationen<\/strong><\/p>\n<p>Auf Ersuchen Russlands hielt der Sicherheitsrat der Vereinten Nationen am Nachmittag des 17. Februar eine Dringlichkeitssitzung ab. UN-Generalsekret\u00e4r Ban Ki-moon gab eine neutrale Erkl\u00e4rung ab, in der er alle Parteien aufforderte, &#8220;keine Massnahmen zu ergreifen, die den Frieden gef\u00e4hrden, Gewalt f\u00f6rdern oder die Sicherheit im Kosovo oder in der Region gef\u00e4hrden k\u00f6nnten&#8221;. Der belgische Botschafter sprach im Namen von sechs L\u00e4ndern &#8211; Belgien, Kroatien, Frankreich, Deutschland, Italien und den Vereinigten Staaten &#8211; und bedauerte, &#8220;dass der Sicherheitsrat sich nicht auf den weiteren Weg einigen konnte, aber diese Blockade war einigen heute sehr klar. Die Ereignisse &#8230; stellen das Ende eines Statusprozesses dar, der alle M\u00f6glichkeiten zur Erreichung eines Verhandlungsergebnisses ausgesch\u00f6pft hat. &#8220;<\/p>\n","protected":false},"excerpt":{"rendered":"<p>Der 17. Februar 2008 ist das wichtigste Datum in der Geschichte der Kosovo-Albaner, da es den Start eines unabh\u00e4ngigen und souver\u00e4nen Staates verzeichnet.<\/p>\n","protected":false},"author":4,"featured_media":446071,"comment_status":"open","ping_status":"open","sticky":false,"template":"","format":"standard","meta":{"footnotes":""},"categories":[24621],"tags":[],"vendi":[],"content_country":[],"class_list":["post-446659","post","type-post","status-publish","format-standard","has-post-thumbnail","hentry","category-kosova-de-3"],"acf":[],"_links":{"self":[{"href":"https:\/\/www.albinfo.at\/de\/wp-json\/wp\/v2\/posts\/446659","targetHints":{"allow":["GET"]}}],"collection":[{"href":"https:\/\/www.albinfo.at\/de\/wp-json\/wp\/v2\/posts"}],"about":[{"href":"https:\/\/www.albinfo.at\/de\/wp-json\/wp\/v2\/types\/post"}],"author":[{"embeddable":true,"href":"https:\/\/www.albinfo.at\/de\/wp-json\/wp\/v2\/users\/4"}],"replies":[{"embeddable":true,"href":"https:\/\/www.albinfo.at\/de\/wp-json\/wp\/v2\/comments?post=446659"}],"version-history":[{"count":0,"href":"https:\/\/www.albinfo.at\/de\/wp-json\/wp\/v2\/posts\/446659\/revisions"}],"wp:featuredmedia":[{"embeddable":true,"href":"https:\/\/www.albinfo.at\/de\/wp-json\/wp\/v2\/media\/446071"}],"wp:attachment":[{"href":"https:\/\/www.albinfo.at\/de\/wp-json\/wp\/v2\/media?parent=446659"}],"wp:term":[{"taxonomy":"category","embeddable":true,"href":"https:\/\/www.albinfo.at\/de\/wp-json\/wp\/v2\/categories?post=446659"},{"taxonomy":"post_tag","embeddable":true,"href":"https:\/\/www.albinfo.at\/de\/wp-json\/wp\/v2\/tags?post=446659"},{"taxonomy":"vendi","embeddable":true,"href":"https:\/\/www.albinfo.at\/de\/wp-json\/wp\/v2\/vendi?post=446659"},{"taxonomy":"content_country","embeddable":true,"href":"https:\/\/www.albinfo.at\/de\/wp-json\/wp\/v2\/content_country?post=446659"}],"curies":[{"name":"wp","href":"https:\/\/api.w.org\/{rel}","templated":true}]}}