{"id":445783,"date":"2021-02-15T21:22:44","date_gmt":"2021-02-15T20:22:44","guid":{"rendered":"https:\/\/www.albinfo.ch\/?p=445783"},"modified":"2021-02-17T11:15:56","modified_gmt":"2021-02-17T10:15:56","slug":"stimmen-fuer-die-vetevendosje-strafe-fuer-die-alten-eliten","status":"publish","type":"post","link":"https:\/\/www.albinfo.at\/de\/stimmen-fuer-die-vetevendosje-strafe-fuer-die-alten-eliten\/","title":{"rendered":"Stimmen f\u00fcr die Vet\u00ebvendosje, Strafe f\u00fcr die alten Eliten"},"content":{"rendered":"<p>Am Valentinstag, dem 14. Februar 2021, gewinnt die Vet\u00ebvendosje-Bewegung etwa 50% der Stimmen. Deren Partei-Vorsitzender, Albin Kurti, erweitert seine Popularit\u00e4t im Kosovo und erh\u00f6ht die Anzahl der Stimmen aus den vorherigen Wahlen, die 2019 stattfanden, um 100%.<\/p>\n<p>Vorl\u00e4ufige Ergebnisse der Zentralen Wahlkommission (CEC) haben diese \u00dcbersichtsabstimmung ver\u00f6ffentlicht: LVV 47,88%, PDK 17,36%, LDK 13,08%, AAK 7,40%.<\/p>\n<p><a href=\"https:\/\/www.albinfo.ch\/wp-content\/uploads\/2021\/02\/zgjedhjet-2021-albinfo.jpg\"><img loading=\"lazy\" decoding=\"async\" class=\"alignnone wp-image-445795\" src=\"https:\/\/www.albinfo.ch\/wp-content\/uploads\/2021\/02\/zgjedhjet-2021-albinfo.jpg\" alt=\"\" width=\"609\" height=\"280\" \/><\/a><\/p>\n<p>Demokratische Liga des Kosovo, die auf den dritten Platz fiel und alle Gemeinden verlor. Vjosa Osmanis Austritt aus dieser Partei scheint Wirkung gezeigt zu haben. In der Zwischenzeit gewann LVV die meisten Gemeinden im Kosovo, mit Ausnahme der PDK-Hochburg Drenica und der Gemeinden mit serbischer Mehrheit.<\/p>\n<p>&#8220;Ohne Ressentiments, ohne Bestechung, ohne Vetternwirtschaft und ohne Korruption werden wir unser Land entwickeln und demokratisieren&#8221;, sagte Kurti, der keine Gelegenheit hatte, sich zu behaupten, aber das Vertrauen der Menschen geniesst.<\/p>\n<p>Die Diaspora die mit Auto, Bus und Flugzeug in den Kosovo reisten, halfen ihm sehr und unterst\u00fctzten sein Vorhaben.<\/p>\n<p><a href=\"https:\/\/www.albinfo.ch\/wp-content\/uploads\/2021\/02\/ae481664-b546-4008-8714-b4b65f3dbf94.jpeg\"><img loading=\"lazy\" decoding=\"async\" class=\"wp-image-444777\" src=\"https:\/\/www.albinfo.ch\/wp-content\/uploads\/2021\/02\/ae481664-b546-4008-8714-b4b65f3dbf94.jpeg\" alt=\"\" width=\"550\" height=\"410\" \/><\/a><\/p>\n<p>&#8220;Ihre Wahlbeteiligung bei diesen Wahlen war f\u00fcr unsere Demokratie zufriedenstellend. Wir denken, dass in Bezug auf das Ausgehen und die Teilnahme an diesen Wahlen das Wort Referendum angemessen war &#8220;, so die Reaktion der LVV nach dem gro\u00dfen Sieg. Die B\u00fcrger_innen z\u00f6gerten trotz der K\u00e4lte nicht, f\u00fcr Ver\u00e4nderungen zu stimmen.<\/p>\n<figure id=\"attachment_445512\" aria-describedby=\"caption-attachment-445512\" style=\"width: 569px\" class=\"wp-caption alignnone\"><a href=\"https:\/\/www.albinfo.ch\/wp-content\/uploads\/2021\/02\/1-22.jpg\"><img loading=\"lazy\" decoding=\"async\" class=\"wp-image-445512\" src=\"https:\/\/www.albinfo.ch\/wp-content\/uploads\/2021\/02\/1-22.jpg\" alt=\"\" width=\"569\" height=\"380\" \/><\/a><figcaption id=\"caption-attachment-445512\" class=\"wp-caption-text\">Vjosa Osmani &amp; Albin Kurti<\/figcaption><\/figure>\n<p>Die Wahl dauerte in vielen Gemeinden lange, aber der Wunsch nach Ver\u00e4nderung war gro\u00df. Auch die \u00c4ltesten waren vorbildlich und stimmten im kalten Frost ab. &#8220;Heute hat der Kosovo f\u00fcr eine gl\u00e4nzende Zukunft gestimmt.<\/p>\n<p>Ihre Stimme klang wie nie zuvor. Gemeinsam setzen wir die Arbeit zur Entwicklung der Demokratie fort&#8221;, sagte Osmani, Die amtierende kosovarische Pr\u00e4sidentin hat ebenfalls versprochen, die Korruption zu bek\u00e4mpfen. Kurtis Gegner gratulierten zum Sieg der Vet\u00ebvendosje-Bewegung.<\/p>\n<p>Es gab sogar weitergehende \u00dcberlegungen, wie den R\u00fccktritt von Isa Mustafa, dem F\u00fchrer der LDK. Die Diaspora stimmte diesmal mit einer sehr hohen Zahl ab. 43.000 per Post genehmigte Stimmen kamen aus Deutschland, 26.000 aus der Schweiz, knapp 5.000 aus \u00d6sterreich. Diese Stimmen wurden noch nicht gez\u00e4hlt. Der Sieg der LVV kann noch weiter vertieft werden. Diaspora-Stimmen werden voraussichtlich den grossen Sieg von LVV besiegeln.<\/p>\n<p>Seine n\u00e4chste Herausforderung wird darin bestehen, eine Regierung ohne Koalition mit anderen albanischen Parteien zu bilden. Im Kosovo wurden seit Kriegsende 10 Wahlen abgehalten, darunter Kommunal- und Parlamentswahlen sowie ausserordentliche Wahlen.<\/p>\n<p><strong><em>albinfo.ch<\/em><\/strong><\/p>\n","protected":false},"excerpt":{"rendered":"<p>Die vorgezogenen Parlamentswahlen fanden am Sonntag im Kosovo statt und f\u00fchrten zu folgenden Ergebnissen: LVV 47,88%, PDK 17,36%, LDK 13,08%, AAK 7,40%.<\/p>\n","protected":false},"author":6,"featured_media":445732,"comment_status":"open","ping_status":"open","sticky":false,"template":"","format":"standard","meta":{"footnotes":""},"categories":[23124,23262,24621,1129,1158,1412,2015],"tags":[],"vendi":[],"content_country":[],"class_list":["post-445783","post","type-post","status-publish","format-standard","has-post-thumbnail","hentry","category-thematisch","category-at-balkani-de","category-kosova-de-3","category-ch-balkan","category-themen-vor-ort","category-newsletter-de","category-newsletter-media-de"],"acf":[],"_links":{"self":[{"href":"https:\/\/www.albinfo.at\/de\/wp-json\/wp\/v2\/posts\/445783","targetHints":{"allow":["GET"]}}],"collection":[{"href":"https:\/\/www.albinfo.at\/de\/wp-json\/wp\/v2\/posts"}],"about":[{"href":"https:\/\/www.albinfo.at\/de\/wp-json\/wp\/v2\/types\/post"}],"author":[{"embeddable":true,"href":"https:\/\/www.albinfo.at\/de\/wp-json\/wp\/v2\/users\/6"}],"replies":[{"embeddable":true,"href":"https:\/\/www.albinfo.at\/de\/wp-json\/wp\/v2\/comments?post=445783"}],"version-history":[{"count":0,"href":"https:\/\/www.albinfo.at\/de\/wp-json\/wp\/v2\/posts\/445783\/revisions"}],"wp:featuredmedia":[{"embeddable":true,"href":"https:\/\/www.albinfo.at\/de\/wp-json\/wp\/v2\/media\/445732"}],"wp:attachment":[{"href":"https:\/\/www.albinfo.at\/de\/wp-json\/wp\/v2\/media?parent=445783"}],"wp:term":[{"taxonomy":"category","embeddable":true,"href":"https:\/\/www.albinfo.at\/de\/wp-json\/wp\/v2\/categories?post=445783"},{"taxonomy":"post_tag","embeddable":true,"href":"https:\/\/www.albinfo.at\/de\/wp-json\/wp\/v2\/tags?post=445783"},{"taxonomy":"vendi","embeddable":true,"href":"https:\/\/www.albinfo.at\/de\/wp-json\/wp\/v2\/vendi?post=445783"},{"taxonomy":"content_country","embeddable":true,"href":"https:\/\/www.albinfo.at\/de\/wp-json\/wp\/v2\/content_country?post=445783"}],"curies":[{"name":"wp","href":"https:\/\/api.w.org\/{rel}","templated":true}]}}